{"id":1318,"date":"2015-05-12T00:00:00","date_gmt":"2015-05-12T00:00:00","guid":{"rendered":"https:\/\/ies813pabloluppi-chu.infd.edu.ar\/sitio\/ii-jornadas-de-ensenanza-capacitacion-e-investigacion-en-cs-naturales-y-matematica-alumnos-de-formacion-docente\/"},"modified":"2015-05-12T00:00:00","modified_gmt":"2015-05-12T00:00:00","slug":"ii-jornadas-de-ensenanza-capacitacion-e-investigacion-en-cs-naturales-y-matematica-alumnos-de-formacion-docente","status":"publish","type":"post","link":"https:\/\/ies813pabloluppi-chu.infd.edu.ar\/sitio\/ii-jornadas-de-ensenanza-capacitacion-e-investigacion-en-cs-naturales-y-matematica-alumnos-de-formacion-docente\/","title":{"rendered":"II Jornadas de ense\u00f1anza, capacitaci\u00f3n e investigaci\u00f3n en Cs. Naturales y Matem\u00e1tica. Alumnos de Formaci\u00f3n Docente"},"content":{"rendered":"<p class=\"sitio_noticia_volanta\" >\n<h3>II Jornadas de ense\u00f1anza, capacitaci\u00f3n e investigaci\u00f3n en Cs. Naturales y Matem\u00e1tica. Alumnos de Formaci\u00f3n Docente<\/h3>\n<p class=\"sitio_noticia_copete\" >II Jornadas de ense\u00f1anza, capacitaci\u00f3n e investigaci\u00f3n en Cs. Naturales y Matem\u00e1tica. Alumnos de Formaci\u00f3n Docente<\/p>\n<hr class=\"sitio_noticia_contenido\" \/>\n<p >\n<p><span style=\"font-size: 12pt;\" lang=\"ES-AR\"><img decoding=\"async\" src=\"https:\/\/ies813pabloluppi-chu.infd.edu.ar\/sitio\/wp-content\/uploads\/2018\/06\/image001.jpg\" border=\"0\"><\/span><\/p>\n<p><span style=\"font-size: 12pt;\" lang=\"ES-AR\">Estimado\/a:<\/span><\/p>\n<p><span style=\"font-size: 12pt;\" lang=\"ES-AR\">Compartimos con usted la lista actualizada de disertantes confirmados para las 2JECICNaMa, a realizarse en Bernal, Buenos Aires entre el 24 y el 26 de setiembre de 2015. Se agradece difundir. Alumnos de la formaci&oacute;n docente, sin cargo.&nbsp;<\/span><\/p>\n<p><span style=\"font-size: 12pt;\"><strong><span lang=\"ES-AR\">CEREMONIA INAUGURAL &#8211; 24 DE SEPTIEMBRE DE 2015<\/span><\/strong><\/span><\/p>\n<p><span style=\"font-size: 12pt;\"><em><span lang=\"ES-AR\">Agust&iacute;n Ad&uacute;riz-Bravo&nbsp;<br \/>Lydia Galagovsky<br \/>Patricia Sadovsky<\/span><\/em><\/span><\/p>\n<p><span style=\"font-size: 12pt;\"><em><span lang=\"ES-AR\">&nbsp;<\/span><\/em><\/span><\/p>\n<p><span style=\"font-size: 12pt;\"><strong><span lang=\"ES-AR\">CEREMONIA DE CLAUSURA &#8211; 26 DE SEPTIEMBRE DE 2015<\/span><\/strong><\/span><\/p>\n<p><span style=\"font-size: 12pt;\"><em><span lang=\"ES-AR\">Michele Artigue (videoconferencia) Universit&eacute; Paris Diderot-Paris 7<\/span><\/em><\/span><\/p>\n<p><span style=\"font-size: 12pt;\"><strong><span lang=\"ES-AR\">Ya est&aacute; disponible el segundo anuncio de las 2JECICNaMa en nuestra p&aacute;gina oficial:<\/span><\/strong><\/span><\/p>\n<p><span style=\"font-size: 12pt;\"><strong><span lang=\"ES-AR\">&nbsp;<\/span><\/strong><span lang=\"ES-AR\"><strong><a href=\"https:\/\/www.facebook.com\/l.php?u=https%3A%2F%2Fjornadasjecicnama.wordpress.com%2F&amp;h=aAQENFao5&amp;enc=AZPZXSdJQXfHOEfM8wZ9OWmj3v1Cqytr8USWOa_urDW99XBChTLzvf4n7doI_TXROnVzlyTWqObAhAeRVY6bYUx7764HIU53xoTnROP4PZys-XxzW1tIv6KVi-I8bOzphAedyavw0WW8Rsp0EDmdCEUl2CihikOCS9lWus6Qmc4ctMTXEvVjArILuj4oPAxkHAxUBr96Hp8SXIpxT7wQDOMY&amp;s=1\" target=\"_blank\">https:\/\/jornadasjecicnama.wordpress.com\/<\/a><\/strong><\/span><\/span><\/p>\n<p><span style=\"font-size: 12pt;\" lang=\"ES-AR\"><strong>Concurso&nbsp;<a href=\"https:\/\/docs.google.com\/forms\/d\/1sRrl-z_MXv_Zc4ce9wlKZfojLCCnXFVqu3_MqJRaTvo\/viewform\" target=\"_blank\">CREARECURSO&nbsp;&nbsp;(Click aqu&iacute;)<\/a><\/strong><\/span><\/p>\n<p><strong style=\"font-size: 12pt;\"><span style=\"font-size: 12pt;\">&iexcl;&iexcl;&iexcl;Importante!!!<\/span><\/strong><\/p>\n<p><span style=\"font-size: 12pt;\" data-mce-mark=\"1\"><strong><span lang=\"ES-AR\" data-mce-mark=\"1\">Encontrar&aacute;n nuevas fechas: pr&oacute;rroga de primera fecha de inscripci&oacute;n y presentaci&oacute;n de trabajos:&nbsp;<\/span><\/strong><\/span><\/p>\n<p><span style=\"font-size: 12pt;\" lang=\"ES-AR\"><span style=\"color: #141823;\">30 de mayo 2015<\/span><br \/><span style=\"color: #ff0000;\"><strong>&iquest;Te lo vas a perder?<\/strong><\/span><\/span><\/p>\n<p><span style=\"font-size: 12pt;\"><strong><span style=\"font-size: 12pt;\">&nbsp;<\/span><\/strong><\/span><strong style=\"font-size: 12pt;\"><span style=\"font-size: 12pt;\">Link de inscripci&oacute;n<\/span><\/strong><strong style=\"font-size: 12pt;\"><span style=\"font-size: 12pt;\">:<\/span><\/strong><span style=\"font-size: 12pt;\">&nbsp;<\/span><span style=\"font-size: 12pt;\"><strong><a href=\"https:\/\/docs.google.com\/forms\/d\/1zDd5_f1MogeebbySLcqn8JYo1WeDYPy5lrefX2jyO8\/viewform\" target=\"_blank\">https:\/\/docs.google.com\/forms\/d\/1zDd5_f1MogeebbySLcqn8JYo1WeDYPy5lrefX2jyO8\/viewform<\/a><\/strong><\/span><\/p>\n<p><span style=\"font-size: 12pt;\" lang=\"ES-AR\"><strong>Auspicios hasta el momento: ADBIA, ADFA, CIAEM, SOAREM<\/strong><\/span><\/p>\n<p><span style=\"font-size: 12pt;\"><strong>En solicitud de reconocimientos de inasistencias de la Pcia de Buenos Aires.<\/strong><\/span><\/p><\/p>\n","protected":false},"excerpt":{"rendered":"<p>II Jornadas de ense\u00f1anza, capacitaci\u00f3n e investigaci\u00f3n en Cs. Naturales y Matem\u00e1tica. Alumnos de Formaci\u00f3n Docente II Jornadas de ense\u00f1anza, capacitaci\u00f3n e investigaci\u00f3n en Cs. Naturales y Matem\u00e1tica. Alumnos de Formaci\u00f3n Docente Estimado\/a: Compartimos con usted la lista actualizada de disertantes confirmados para las 2JECICNaMa, a realizarse en Bernal, Buenos Aires entre el 24 y &#8230; <a title=\"II Jornadas de ense\u00f1anza, capacitaci\u00f3n e investigaci\u00f3n en Cs. Naturales y Matem\u00e1tica. Alumnos de Formaci\u00f3n Docente\" class=\"read-more\" href=\"https:\/\/ies813pabloluppi-chu.infd.edu.ar\/sitio\/ii-jornadas-de-ensenanza-capacitacion-e-investigacion-en-cs-naturales-y-matematica-alumnos-de-formacion-docente\/\" aria-label=\"More on II Jornadas de ense\u00f1anza, capacitaci\u00f3n e investigaci\u00f3n en Cs. Naturales y Matem\u00e1tica. Alumnos de Formaci\u00f3n Docente\">[+]<\/a><\/p>\n","protected":false},"author":935,"featured_media":0,"comment_status":"open","ping_status":"open","sticky":false,"template":"","format":"standard","meta":[],"categories":[1],"tags":[],"acf":[],"_links":{"self":[{"href":"https:\/\/ies813pabloluppi-chu.infd.edu.ar\/sitio\/wp-json\/wp\/v2\/posts\/1318"}],"collection":[{"href":"https:\/\/ies813pabloluppi-chu.infd.edu.ar\/sitio\/wp-json\/wp\/v2\/posts"}],"about":[{"href":"https:\/\/ies813pabloluppi-chu.infd.edu.ar\/sitio\/wp-json\/wp\/v2\/types\/post"}],"author":[{"embeddable":true,"href":"https:\/\/ies813pabloluppi-chu.infd.edu.ar\/sitio\/wp-json\/wp\/v2\/users\/935"}],"replies":[{"embeddable":true,"href":"https:\/\/ies813pabloluppi-chu.infd.edu.ar\/sitio\/wp-json\/wp\/v2\/comments?post=1318"}],"version-history":[{"count":0,"href":"https:\/\/ies813pabloluppi-chu.infd.edu.ar\/sitio\/wp-json\/wp\/v2\/posts\/1318\/revisions"}],"wp:attachment":[{"href":"https:\/\/ies813pabloluppi-chu.infd.edu.ar\/sitio\/wp-json\/wp\/v2\/media?parent=1318"}],"wp:term":[{"taxonomy":"category","embeddable":true,"href":"https:\/\/ies813pabloluppi-chu.infd.edu.ar\/sitio\/wp-json\/wp\/v2\/categories?post=1318"},{"taxonomy":"post_tag","embeddable":true,"href":"https:\/\/ies813pabloluppi-chu.infd.edu.ar\/sitio\/wp-json\/wp\/v2\/tags?post=1318"}],"curies":[{"name":"wp","href":"https:\/\/api.w.org\/{rel}","templated":true}]}}