{"id":1319,"date":"2015-05-14T00:00:00","date_gmt":"2015-05-14T00:00:00","guid":{"rendered":"https:\/\/ies813pabloluppi-chu.infd.edu.ar\/sitio\/mozart-y-dvorak-interpretados-por-la-sinfonica-patagonia-en-el-bolson-y-bariloche\/"},"modified":"2015-05-14T00:00:00","modified_gmt":"2015-05-14T00:00:00","slug":"mozart-y-dvorak-interpretados-por-la-sinfonica-patagonia-en-el-bolson-y-bariloche","status":"publish","type":"post","link":"https:\/\/ies813pabloluppi-chu.infd.edu.ar\/sitio\/mozart-y-dvorak-interpretados-por-la-sinfonica-patagonia-en-el-bolson-y-bariloche\/","title":{"rendered":"Mozart y Dvorak, interpretados por la Sinf\u00f3nica Patagonia en El Bols\u00f3n y Bariloche"},"content":{"rendered":"<p class=\"sitio_noticia_volanta\" >\n<h3>Mozart y Dvorak, interpretados por la Sinf\u00f3nica Patagonia en El Bols\u00f3n y Bariloche<\/h3>\n<p class=\"sitio_noticia_copete\" >Sinf\u00f3nica Patagonia<\/p>\n<hr class=\"sitio_noticia_contenido\" \/>\n<p >\n<p>&#65279;<\/p>\n<p><span style=\"font-size: 12pt;\"><strong>Universidad Nacional de R&iacute;o Negro &#8211; Sede Andina<\/strong><\/span><\/p>\n<div>\n<p><span style=\"font-size: 12pt;\">&nbsp;<\/span><\/p>\n<\/div>\n<div>\n<p><span style=\"font-size: 12pt;\"><strong>Invitaci&oacute;n especial<\/strong><\/span><\/p>\n<\/div>\n<div>\n<p><span style=\"font-size: 12pt;\">&nbsp;<\/span><\/p>\n<\/div>\n<div>\n<p><span style=\"font-size: 12pt;\"><strong>Mozart y Dvorak, interpretados por la Sinf&oacute;nica Patagonia en El Bols&oacute;n y Bariloche<\/strong><\/span><\/p>\n<p><span style=\"font-size: 12pt;\">El pr&oacute;ximo fin de semana la Sinf&oacute;nica Patagonia de la Universidad Nacional de R&iacute;o Negro se presentar&aacute; en las localidades de El Bols&oacute;n y San Carlos de Bariloche.<\/span><\/p>\n<p><span style=\"font-size: 12pt;\"><strong>En El Bols&oacute;n, la orquesta se presentar&aacute; el s&aacute;bado 16 de mayo en el Gimnasio Municipal N&ordm; 1&nbsp;<\/strong>(Perito Moreno y Hube). Mientras que en&nbsp;<strong>San Carlos de Bariloche lo har&aacute; el domingo 17 de mayo en el Gimnasio Newenche<\/strong>, ubicado en Cacique Nahuel entre Chapel y Siempre Viva del barrio El Frutillar.&nbsp;<strong>Ambas presentaciones son a las 18 horas<\/strong>&nbsp;y con acceso libre y gratuito.<\/span><\/p>\n<p><span style=\"font-size: 12pt;\">En los conciertos, la primera parte del Programa incluir&aacute; la interpretaci&oacute;n de oberturas de tres c&eacute;lebres &oacute;peras de Wolfgang Amadeus Mozart (1756-1791): \u00abLas bodas de Figaro\u00bb (estrenada en Viena el 1.5.1786), \u00abDon Giovanni\u00bb (estrenada en Praga el 29.10.1787) y &ldquo;La Flauta m&aacute;gica&rdquo; (Viena, 30.09.1791). Mauricio Echeverr&iacute;a y Luis Hern&aacute;ndez tendr&aacute;n a su cargo la direcci&oacute;n de estas obras. Ambos son becarios del programa \u00abJ&oacute;venes Directores Sinf&oacute;nica Patagonia\u00bb a cargo de Facundo Agud&iacute;n.<\/span><\/p>\n<p><span style=\"font-size: 12pt;\">La segunda parte del programa comprende la interpretaci&oacute;n de la Sinfon&iacute;a en Mi menor No9, Op95 \u00abDel Nuevo Mundo\u00bb, (estrenada en Nueva York el 15.12.1893), de Antonin Dvorak (1841-1904). La dirigir&aacute; el maestro Facundo Agud&iacute;n.<\/span><\/p>\n<p><span style=\"font-size: 12pt;\">Esta es la 21&ordf; presentaci&oacute;n de la Orquesta, conformada en esta sesi&oacute;n por unos 60 j&oacute;venes profesionales argentinos que constituyen la &ldquo;selecci&oacute;n&rdquo; del programa Sinf&oacute;nica Patagonia UNRN (110 miembros en total). Como parte de ese programa, los j&oacute;venes se re&uacute;nen durante la semana previa al concierto para ensayos parciales y generales, tutelados por el Maestro Facundo Agud&iacute;n.<\/span><\/p>\n<p><span style=\"font-size: 12pt;\"><strong>Agradecemos la difusi&oacute;n de esta invitaci&oacute;n y esperamos contar con su presencia<\/strong><\/span><\/p>\n<\/div>\n<p>&nbsp;<\/p><\/p>\n","protected":false},"excerpt":{"rendered":"<p>Mozart y Dvorak, interpretados por la Sinf\u00f3nica Patagonia en El Bols\u00f3n y Bariloche Sinf\u00f3nica Patagonia &#65279; Universidad Nacional de R&iacute;o Negro &#8211; Sede Andina &nbsp; Invitaci&oacute;n especial &nbsp; Mozart y Dvorak, interpretados por la Sinf&oacute;nica Patagonia en El Bols&oacute;n y Bariloche El pr&oacute;ximo fin de semana la Sinf&oacute;nica Patagonia de la Universidad Nacional de R&iacute;o &#8230; <a title=\"Mozart y Dvorak, interpretados por la Sinf\u00f3nica Patagonia en El Bols\u00f3n y Bariloche\" class=\"read-more\" href=\"https:\/\/ies813pabloluppi-chu.infd.edu.ar\/sitio\/mozart-y-dvorak-interpretados-por-la-sinfonica-patagonia-en-el-bolson-y-bariloche\/\" aria-label=\"More on Mozart y Dvorak, interpretados por la Sinf\u00f3nica Patagonia en El Bols\u00f3n y Bariloche\">[+]<\/a><\/p>\n","protected":false},"author":935,"featured_media":0,"comment_status":"open","ping_status":"open","sticky":false,"template":"","format":"standard","meta":[],"categories":[1],"tags":[],"acf":[],"_links":{"self":[{"href":"https:\/\/ies813pabloluppi-chu.infd.edu.ar\/sitio\/wp-json\/wp\/v2\/posts\/1319"}],"collection":[{"href":"https:\/\/ies813pabloluppi-chu.infd.edu.ar\/sitio\/wp-json\/wp\/v2\/posts"}],"about":[{"href":"https:\/\/ies813pabloluppi-chu.infd.edu.ar\/sitio\/wp-json\/wp\/v2\/types\/post"}],"author":[{"embeddable":true,"href":"https:\/\/ies813pabloluppi-chu.infd.edu.ar\/sitio\/wp-json\/wp\/v2\/users\/935"}],"replies":[{"embeddable":true,"href":"https:\/\/ies813pabloluppi-chu.infd.edu.ar\/sitio\/wp-json\/wp\/v2\/comments?post=1319"}],"version-history":[{"count":0,"href":"https:\/\/ies813pabloluppi-chu.infd.edu.ar\/sitio\/wp-json\/wp\/v2\/posts\/1319\/revisions"}],"wp:attachment":[{"href":"https:\/\/ies813pabloluppi-chu.infd.edu.ar\/sitio\/wp-json\/wp\/v2\/media?parent=1319"}],"wp:term":[{"taxonomy":"category","embeddable":true,"href":"https:\/\/ies813pabloluppi-chu.infd.edu.ar\/sitio\/wp-json\/wp\/v2\/categories?post=1319"},{"taxonomy":"post_tag","embeddable":true,"href":"https:\/\/ies813pabloluppi-chu.infd.edu.ar\/sitio\/wp-json\/wp\/v2\/tags?post=1319"}],"curies":[{"name":"wp","href":"https:\/\/api.w.org\/{rel}","templated":true}]}}