{"id":1321,"date":"2015-05-18T00:00:00","date_gmt":"2015-05-18T00:00:00","guid":{"rendered":"https:\/\/ies813pabloluppi-chu.infd.edu.ar\/sitio\/pre-inscripcion-para-cursar-la-tecnicatura-superior-en-administracion-publica-con-orientacion-en-desarrollo-local\/"},"modified":"2015-05-18T00:00:00","modified_gmt":"2015-05-18T00:00:00","slug":"pre-inscripcion-para-cursar-la-tecnicatura-superior-en-administracion-publica-con-orientacion-en-desarrollo-local","status":"publish","type":"post","link":"https:\/\/ies813pabloluppi-chu.infd.edu.ar\/sitio\/pre-inscripcion-para-cursar-la-tecnicatura-superior-en-administracion-publica-con-orientacion-en-desarrollo-local\/","title":{"rendered":"Pre inscripci\u00f3n para cursar la Tecnicatura Superior en Administraci\u00f3n P\u00fablica con Orientaci\u00f3n en Desarrollo Local"},"content":{"rendered":"<p class=\"sitio_noticia_volanta\" >\n<h3>Pre inscripci\u00f3n para cursar la Tecnicatura Superior en Administraci\u00f3n P\u00fablica con Orientaci\u00f3n en Desarrollo Local<\/h3>\n<p class=\"sitio_noticia_copete\" >Pre inscripci\u00f3n para cursar la Tecnicatura Superior en Administraci\u00f3n P\u00fablica con Orientaci\u00f3n en Desarrollo Local<\/p>\n<hr class=\"sitio_noticia_contenido\" \/>\n<p >\n<p><span style=\"font-size: 12pt;\">El Instituto Superior de Formaci&oacute;n Docente N&deg; 813 &ldquo;Prof. Pablo Luppi&rdquo; llama a pre inscripci&oacute;n para cursar la Tecnicatura Superior en Administraci&oacute;n P&uacute;blica con Orientaci&oacute;n en Desarrollo Local que se dictar&iacute;a en el Anexo Epuy&eacute;n.&nbsp; Los interesados pueden dirigirse personalmente al Instituto para completar la planilla correspondiente de lunes a viernes de 18 a 22 hs.<\/span><\/p><\/p>\n","protected":false},"excerpt":{"rendered":"<p>Pre inscripci\u00f3n para cursar la Tecnicatura Superior en Administraci\u00f3n P\u00fablica con Orientaci\u00f3n en Desarrollo Local Pre inscripci\u00f3n para cursar la Tecnicatura Superior en Administraci\u00f3n P\u00fablica con Orientaci\u00f3n en Desarrollo Local El Instituto Superior de Formaci&oacute;n Docente N&deg; 813 &ldquo;Prof. Pablo Luppi&rdquo; llama a pre inscripci&oacute;n para cursar la Tecnicatura Superior en Administraci&oacute;n P&uacute;blica con Orientaci&oacute;n &#8230; <a title=\"Pre inscripci\u00f3n para cursar la Tecnicatura Superior en Administraci\u00f3n P\u00fablica con Orientaci\u00f3n en Desarrollo Local\" class=\"read-more\" href=\"https:\/\/ies813pabloluppi-chu.infd.edu.ar\/sitio\/pre-inscripcion-para-cursar-la-tecnicatura-superior-en-administracion-publica-con-orientacion-en-desarrollo-local\/\" aria-label=\"More on Pre inscripci\u00f3n para cursar la Tecnicatura Superior en Administraci\u00f3n P\u00fablica con Orientaci\u00f3n en Desarrollo Local\">[+]<\/a><\/p>\n","protected":false},"author":935,"featured_media":0,"comment_status":"open","ping_status":"open","sticky":false,"template":"","format":"standard","meta":[],"categories":[8],"tags":[],"acf":[],"_links":{"self":[{"href":"https:\/\/ies813pabloluppi-chu.infd.edu.ar\/sitio\/wp-json\/wp\/v2\/posts\/1321"}],"collection":[{"href":"https:\/\/ies813pabloluppi-chu.infd.edu.ar\/sitio\/wp-json\/wp\/v2\/posts"}],"about":[{"href":"https:\/\/ies813pabloluppi-chu.infd.edu.ar\/sitio\/wp-json\/wp\/v2\/types\/post"}],"author":[{"embeddable":true,"href":"https:\/\/ies813pabloluppi-chu.infd.edu.ar\/sitio\/wp-json\/wp\/v2\/users\/935"}],"replies":[{"embeddable":true,"href":"https:\/\/ies813pabloluppi-chu.infd.edu.ar\/sitio\/wp-json\/wp\/v2\/comments?post=1321"}],"version-history":[{"count":0,"href":"https:\/\/ies813pabloluppi-chu.infd.edu.ar\/sitio\/wp-json\/wp\/v2\/posts\/1321\/revisions"}],"wp:attachment":[{"href":"https:\/\/ies813pabloluppi-chu.infd.edu.ar\/sitio\/wp-json\/wp\/v2\/media?parent=1321"}],"wp:term":[{"taxonomy":"category","embeddable":true,"href":"https:\/\/ies813pabloluppi-chu.infd.edu.ar\/sitio\/wp-json\/wp\/v2\/categories?post=1321"},{"taxonomy":"post_tag","embeddable":true,"href":"https:\/\/ies813pabloluppi-chu.infd.edu.ar\/sitio\/wp-json\/wp\/v2\/tags?post=1321"}],"curies":[{"name":"wp","href":"https:\/\/api.w.org\/{rel}","templated":true}]}}