{"id":1787,"date":"2018-07-23T15:46:18","date_gmt":"2018-07-23T18:46:18","guid":{"rendered":"https:\/\/ies813pabloluppi-chu.infd.edu.ar\/sitio\/?p=1787"},"modified":"2018-07-23T15:46:36","modified_gmt":"2018-07-23T18:46:36","slug":"llamado-a-concurso-13-de-julio","status":"publish","type":"post","link":"https:\/\/ies813pabloluppi-chu.infd.edu.ar\/sitio\/llamado-a-concurso-13-de-julio\/","title":{"rendered":"Llamado a concurso 13 de Julio"},"content":{"rendered":"<h1 style=\"text-align: center;\"><strong><u>Llamados a Concurso 2018<\/u><\/strong><\/h1>\n<p><strong>\u00a0<\/strong><\/p>\n<p><strong>El Instituto de Educaci\u00f3n Superior Nro. 813 \u201cProf. Pablo Luppi\u201d llama a concurso para los siguientes espacios curriculares:<\/strong><\/p>\n<p>&nbsp;<\/p>\n<h3>Profesorado de Educaci\u00f3n Especial con Orientaci\u00f3n en Sordos e Hipoac\u00fasicos \u2013sede Lago Puelo\u00a0Res <a href=\"https:\/\/maps.google.com\/?q=N%C2%B0+301\/14%E2%80%93+2018+%E2%80%93+1&amp;entry=gmail&amp;source=g\">N\u00b0 \u00a0\u2013 \u00a03 er a\u00f1o \u00a0\u2013 Primer <\/a>\u00a0llamado<\/h3>\n<p>&nbsp;<\/p>\n<table>\n<tbody>\n<tr>\n<td width=\"161\"><strong>Unidad Curricular<\/strong><\/p>\n<p><strong>\u00a0<\/strong><\/td>\n<td width=\"113\"><strong>Docentes<\/strong><\/p>\n<p><strong>\u00a0<\/strong><\/td>\n<td width=\"132\"><strong>Cantidad de horas<\/strong><\/p>\n<p><strong>\u00a0<\/strong><\/td>\n<td width=\"178\"><strong>Anual o Cuatrimestral<\/strong><\/td>\n<\/tr>\n<tr>\n<td width=\"161\">Educaci\u00f3n de J\u00f3venes y Adultos<\/td>\n<td width=\"113\">2 docentes<\/td>\n<td width=\"132\">4 hs.<\/td>\n<td width=\"178\">Cuatrimestral<\/td>\n<\/tr>\n<\/tbody>\n<\/table>\n<p><em>Para ver los perfiles docentes requeridos podr\u00e1n remitirse al Dise\u00f1o Curricular vigente.<\/em><\/p>\n<p><em>\u00a0<\/em><\/p>\n<h3>Profesorado de Educaci\u00f3n Especial con Orientaci\u00f3n en Discapacidad Intelectual \u2013sede Lago Puelo\u00a0Res <a href=\"https:\/\/maps.google.com\/?q=N%C2%B0+301\/14%E2%80%93+2018+%E2%80%93+1&amp;entry=gmail&amp;source=g\">N\u00b0595\/17 \u00a0\u2013 \u00a01 er a\u00f1o \u00a0\u2013 Primer <\/a>\u00a0llamado<\/h3>\n<p>&nbsp;<\/p>\n<table>\n<tbody>\n<tr>\n<td width=\"161\"><strong>Unidad Curricular<\/strong><\/p>\n<p><strong>\u00a0<\/strong><\/td>\n<td width=\"113\"><strong>Docentes<\/strong><\/p>\n<p><strong>\u00a0<\/strong><\/td>\n<td width=\"132\"><strong>Cantidad de horas<\/strong><\/p>\n<p><strong>\u00a0<\/strong><\/td>\n<td width=\"178\"><strong>Anual o Cuatrimestral<\/strong><\/td>\n<\/tr>\n<tr>\n<td width=\"161\">E.S.I<\/td>\n<td width=\"113\">1 Docente<\/td>\n<td width=\"132\">4 hs.<\/td>\n<td width=\"178\">Cuatrimestral<\/td>\n<\/tr>\n<\/tbody>\n<\/table>\n<p><em>Para ver los perfiles docentes requeridos podr\u00e1n remitirse al Dise\u00f1o Curricular vigente.<\/em><\/p>\n<h3>Profesorado de Educaci\u00f3n Especial con Orientaci\u00f3n en Discapacidad Intelectual \u2013sede Lago Puelo\u00a0Res <a href=\"https:\/\/maps.google.com\/?q=N%C2%B0+301\/14%E2%80%93+2018+%E2%80%93+1&amp;entry=gmail&amp;source=g\">N\u00b0315\/14 \u2013 4to a\u00f1o \u00a0\u2013 Primer <\/a>\u00a0llamado<\/h3>\n<p>&nbsp;<\/p>\n<table>\n<tbody>\n<tr>\n<td width=\"161\"><strong>Unidad Curricular<\/strong><\/p>\n<p><strong>\u00a0<\/strong><\/td>\n<td width=\"113\"><strong>Docentes<\/strong><\/p>\n<p><strong>\u00a0<\/strong><\/td>\n<td width=\"132\"><strong>Cantidad de horas<\/strong><\/p>\n<p><strong>\u00a0<\/strong><\/td>\n<td width=\"178\"><strong>Anual o Cuatrimestral<\/strong><\/td>\n<\/tr>\n<tr>\n<td width=\"161\">Comunicaci\u00f3n y Lenguaje<\/td>\n<td width=\"113\">1 Docente Especialista (Interino)<\/p>\n<p>1 Docente (Generalista) Suplente<\/td>\n<td width=\"132\">4 hs.<\/td>\n<td width=\"178\">Cuatrimestral<\/td>\n<\/tr>\n<\/tbody>\n<\/table>\n<p><em>Para ver los perfiles docentes requeridos podr\u00e1n remitirse al Dise\u00f1o Curricular<\/em><\/p>\n<h3>Profesorado de Educaci\u00f3n Especial con Orientaci\u00f3n en Discapacidad Intelectual \u2013 Anexo Cholila\u00a0Res <a href=\"https:\/\/maps.google.com\/?q=N%C2%B0+301\/14%E2%80%93+2018+%E2%80%93+1&amp;entry=gmail&amp;source=g\">N\u00b0315\/14 \u00a0\u2013 \u00a03 er a\u00f1o \u00a0\u2013 Primer <\/a>\u00a0llamado<\/h3>\n<p>&nbsp;<\/p>\n<table>\n<tbody>\n<tr>\n<td width=\"161\"><strong>Unidad Curricular<\/strong><\/p>\n<p><strong>\u00a0<\/strong><\/td>\n<td width=\"113\"><strong>Docentes<\/strong><\/p>\n<p><strong>\u00a0<\/strong><\/td>\n<td width=\"132\"><strong>Cantidad de horas<\/strong><\/p>\n<p><strong>\u00a0<\/strong><\/td>\n<td width=\"178\"><strong>Anual o Cuatrimestral<\/strong><\/td>\n<\/tr>\n<tr>\n<td width=\"161\">Alfabetizaci\u00f3n Inicial I<\/td>\n<td width=\"113\">1 Docente<\/td>\n<td width=\"132\">4 hs.<\/td>\n<td width=\"178\">Cuatrimestral<\/td>\n<\/tr>\n<\/tbody>\n<\/table>\n<p><em>Para ver los perfiles docentes requeridos podr\u00e1n remitirse al Dise\u00f1o Curricular vigente<\/em><\/p>\n<p><em>\u00a0<\/em><\/p>\n<p><em>\u00a0<\/em><\/p>\n<p>&nbsp;<\/p>\n<p><strong>Las bases y el detalle de los mismos est\u00e1n disponibles en la p\u00e1gina web:<\/strong> <a href=\"http:\/\/ies813pabloluppi.chu.infd.edu.ar\/\">http:\/\/ies813pabloluppi.chu.infd.edu.ar<\/a><strong>\u00a0Consultas:\u00a0<\/strong><a href=\"mailto:concursosisfd813@gmail.com#_blank\">concursosisfd813@gmail.com<\/a><\/p>\n<p><strong>Fecha l\u00edmite para la presentaci\u00f3n de antecedentes y proyectos el lunes 23 de julio hasta las 19 hs<\/strong><\/p>\n","protected":false},"excerpt":{"rendered":"<p>Llamados a Concurso 2018 \u00a0 El Instituto de Educaci\u00f3n Superior Nro. 813 \u201cProf. Pablo Luppi\u201d llama a concurso para los siguientes espacios curriculares: &nbsp; Profesorado de Educaci\u00f3n Especial con Orientaci\u00f3n en Sordos e Hipoac\u00fasicos \u2013sede Lago Puelo\u00a0Res N\u00b0 \u00a0\u2013 \u00a03 er a\u00f1o \u00a0\u2013 Primer \u00a0llamado &nbsp; Unidad Curricular \u00a0 Docentes \u00a0 Cantidad de horas \u00a0 &#8230; <a title=\"Llamado a concurso 13 de Julio\" class=\"read-more\" href=\"https:\/\/ies813pabloluppi-chu.infd.edu.ar\/sitio\/llamado-a-concurso-13-de-julio\/\" aria-label=\"More on Llamado a concurso 13 de Julio\">[+]<\/a><\/p>\n","protected":false},"author":7,"featured_media":0,"comment_status":"open","ping_status":"open","sticky":false,"template":"","format":"standard","meta":[],"categories":[14,1],"tags":[],"acf":[],"_links":{"self":[{"href":"https:\/\/ies813pabloluppi-chu.infd.edu.ar\/sitio\/wp-json\/wp\/v2\/posts\/1787"}],"collection":[{"href":"https:\/\/ies813pabloluppi-chu.infd.edu.ar\/sitio\/wp-json\/wp\/v2\/posts"}],"about":[{"href":"https:\/\/ies813pabloluppi-chu.infd.edu.ar\/sitio\/wp-json\/wp\/v2\/types\/post"}],"author":[{"embeddable":true,"href":"https:\/\/ies813pabloluppi-chu.infd.edu.ar\/sitio\/wp-json\/wp\/v2\/users\/7"}],"replies":[{"embeddable":true,"href":"https:\/\/ies813pabloluppi-chu.infd.edu.ar\/sitio\/wp-json\/wp\/v2\/comments?post=1787"}],"version-history":[{"count":1,"href":"https:\/\/ies813pabloluppi-chu.infd.edu.ar\/sitio\/wp-json\/wp\/v2\/posts\/1787\/revisions"}],"predecessor-version":[{"id":1788,"href":"https:\/\/ies813pabloluppi-chu.infd.edu.ar\/sitio\/wp-json\/wp\/v2\/posts\/1787\/revisions\/1788"}],"wp:attachment":[{"href":"https:\/\/ies813pabloluppi-chu.infd.edu.ar\/sitio\/wp-json\/wp\/v2\/media?parent=1787"}],"wp:term":[{"taxonomy":"category","embeddable":true,"href":"https:\/\/ies813pabloluppi-chu.infd.edu.ar\/sitio\/wp-json\/wp\/v2\/categories?post=1787"},{"taxonomy":"post_tag","embeddable":true,"href":"https:\/\/ies813pabloluppi-chu.infd.edu.ar\/sitio\/wp-json\/wp\/v2\/tags?post=1787"}],"curies":[{"name":"wp","href":"https:\/\/api.w.org\/{rel}","templated":true}]}}