{"id":3727,"date":"2019-08-05T12:46:41","date_gmt":"2019-08-05T15:46:41","guid":{"rendered":"https:\/\/ies813pabloluppi-chu.infd.edu.ar\/sitio\/?p=3727"},"modified":"2019-08-05T12:48:53","modified_gmt":"2019-08-05T15:48:53","slug":"lago-puelo-02-de-agosto-de-2019-llamados-a-concurso-2019","status":"publish","type":"post","link":"https:\/\/ies813pabloluppi-chu.infd.edu.ar\/sitio\/lago-puelo-02-de-agosto-de-2019-llamados-a-concurso-2019\/","title":{"rendered":"Lago Puelo, 02 de agosto de 2019 &#8211; Llamados a Concurso 2019"},"content":{"rendered":"<p style=\"font-weight: 400; text-align: right;\">Lago Puelo, 02 de agosto de 2019<\/p>\n<p style=\"font-weight: 400;\"><strong>\u00a0<\/strong><strong><u>Llamados a Concurso 2019<\/u><\/strong><strong>\u00a0<\/strong><\/p>\n<p style=\"font-weight: 400;\"><strong>El Instituto de Educaci\u00f3n Superior Nro. 813 \u201cProf. Pablo Luppi\u201d llama a concurso para los siguientes espacios curriculares:<\/strong><strong>\u00a0<\/strong><\/p>\n<p style=\"font-weight: 400;\">&#8211;\u00a0\u00a0\u00a0\u00a0\u00a0\u00a0\u00a0<strong>Profesorado de Educaci\u00f3n Secundaria en Biolog\u00eda &#8211; Sede Lago Puelo Res N\u00b0 307\/14 \u2013 2do a\u00f1o \u2013 primer llamado<\/strong><\/p>\n<table style=\"font-weight: 400;\">\n<tbody>\n<tr>\n<td width=\"161\">\n<p style=\"text-align: center;\"><strong>Unidad Curricular<\/strong><\/p>\n<\/td>\n<td style=\"text-align: center;\" width=\"113\"><strong>Docentes<\/strong><strong>\u00a0<\/strong><\/td>\n<td style=\"text-align: center;\" width=\"132\"><strong>Cantidad de horas<\/strong><strong>\u00a0<\/strong><\/td>\n<td style=\"text-align: center;\" width=\"178\"><strong>Anual o Cuatrimestral<\/strong><\/td>\n<\/tr>\n<tr>\n<td style=\"text-align: center;\" width=\"161\">Biolog\u00eda Molecular y Celular<\/td>\n<td style=\"text-align: center;\" width=\"113\">1 docente<\/td>\n<td style=\"text-align: center;\" width=\"132\">5 hs<\/td>\n<td width=\"178\">\n<p style=\"text-align: center;\">Cuatrimestral<\/p>\n<\/td>\n<\/tr>\n<\/tbody>\n<\/table>\n<p style=\"font-weight: 400;\"><em>Para ver los perfiles docentes requeridos podr\u00e1n remitirse al <a href=\"https:\/\/ies813pabloluppi-chu.infd.edu.ar\/sitio\/llamados-a-concurso\/\" target=\"_blank\" rel=\"noopener\">Dise\u00f1o Curricular vigente<\/a><\/em><\/p>\n<p>&nbsp;<\/p>\n<p style=\"font-weight: 400;\"><strong>Profesorado de Educaci\u00f3n Secundaria en Biolog\u00eda \u2013 Res 307\/14 &#8211; Sede Lago Puelo \u2013 1er a\u00f1o \u2013 2do llamado.<\/strong><\/p>\n<table style=\"font-weight: 400;\">\n<tbody>\n<tr>\n<td width=\"161\">\n<p style=\"text-align: center;\"><strong>Unidad Curricular<\/strong><strong>\u00a0<\/strong><\/p>\n<\/td>\n<td style=\"text-align: center;\" width=\"113\"><strong>Docentes<\/strong><strong>\u00a0<\/strong><\/td>\n<td style=\"text-align: center;\" width=\"132\"><strong>Cantidad de horas<\/strong><strong>\u00a0<\/strong><\/td>\n<td style=\"text-align: center;\" width=\"178\"><strong>Anual o Cuatrimestral<\/strong><\/td>\n<\/tr>\n<tr>\n<td style=\"text-align: center;\" width=\"161\">F\u00edsica Biol\u00f3gica<\/td>\n<td style=\"text-align: center;\" width=\"113\">1 docente suplente<\/td>\n<td style=\"text-align: center;\" width=\"132\">5 Hs<\/td>\n<td width=\"178\">\n<p style=\"text-align: center;\">Cuatrimestral<\/p>\n<\/td>\n<\/tr>\n<\/tbody>\n<\/table>\n<p style=\"font-weight: 400;\"><em>Para ver los perfiles docentes requeridos podr\u00e1n remitirse al <a href=\"https:\/\/ies813pabloluppi-chu.infd.edu.ar\/sitio\/llamados-a-concurso\/\" target=\"_blank\" rel=\"noopener\">Dise\u00f1o Curricular vigente<\/a><\/em><\/p>\n<p style=\"font-weight: 400;\"><em>\u00a0<\/em><\/p>\n<p style=\"font-weight: 400;\">&#8211;\u00a0\u00a0\u00a0\u00a0<strong>Profesorado de Educaci\u00f3n Primaria- Res N\u00b0310\/14 \u00a0\u00a0\u00a0\u00a0\u00a0Ex \u00c1ulica El Hoyo \u00a0\u00a0\u00a01er A\u00f1o \u2013 1er llamado.<\/strong><\/p>\n<table style=\"font-weight: 400;\">\n<tbody>\n<tr>\n<td width=\"134\"><strong>Unidad Curricular<\/strong><\/p>\n<p><strong>\u00a0<\/strong><\/td>\n<td width=\"131\"><strong>Docentes<\/strong><\/p>\n<p><strong>\u00a0<\/strong><\/td>\n<td width=\"131\"><strong>Cantidad de horas<\/strong><\/p>\n<p><strong>\u00a0<\/strong><\/td>\n<td width=\"181\"><strong>Anual o Cuatrimestral<\/strong><\/td>\n<\/tr>\n<tr>\n<td width=\"134\">&nbsp;<\/p>\n<p>Lectura y Escritura Acad\u00e9mica<\/p>\n<p>&nbsp;<\/td>\n<td width=\"131\">&nbsp;<\/p>\n<p>1 docente<\/p>\n<p>(suplencia larga duraci\u00f3n &#8211; Art 12)<\/td>\n<td width=\"131\">&nbsp;<\/p>\n<p>4 Hs<\/p>\n<p>&nbsp;<\/td>\n<td width=\"181\">&nbsp;<\/p>\n<p>Anual<\/td>\n<\/tr>\n<\/tbody>\n<\/table>\n<p style=\"font-weight: 400;\"><strong> <em>Para ver los perfiles docentes requeridos podr\u00e1n remitirse al <a href=\"https:\/\/ies813pabloluppi-chu.infd.edu.ar\/sitio\/llamados-a-concurso\/\" target=\"_blank\" rel=\"noopener\">Dise\u00f1o Curricular vigente<\/a><\/em><\/strong><\/p>\n<p style=\"font-weight: 400;\"><strong>\u00a0<\/strong><\/p>\n<p style=\"font-weight: 400;\"><strong>\u00a0<\/strong><strong>&#8211; Profesorado de Educaci\u00f3n Secundaria en Coocurrencia con Titulo de Base Res N\u00b0 416\/17\u00a0<\/strong><strong>\u2013 2do llamado \u00a0\u00a0<\/strong><\/p>\n<table style=\"font-weight: 400;\">\n<tbody>\n<tr>\n<td width=\"164\"><strong>Unidad Curricular<\/strong><\/td>\n<td width=\"115\"><strong>Docentes<\/strong><strong>\u00a0<\/strong><\/td>\n<td width=\"135\"><strong>Cantidad de horas<\/strong><strong>\u00a0<\/strong><\/td>\n<td width=\"181\"><strong>Anual o Cuatrimestral<\/strong><\/td>\n<\/tr>\n<tr>\n<td width=\"164\">Pr\u00e1ctica Docente II<\/td>\n<td width=\"115\">1 docente<\/td>\n<td width=\"135\">8Hs<\/td>\n<td width=\"181\">Profesional con t\u00edtulo terciario o universitario con formaci\u00f3n did\u00e1ctica s\u00f3lida, vinculada al campo de la pr\u00e1ctica en la formaci\u00f3n docente de nivel superior, y amplia experiencia en la pr\u00e1ctica en el Nivel Secundario.<\/p>\n<p>Disponibilidad horaria martes turno vespertino y\/o s\u00e1bados por la ma\u00f1ana.<\/p>\n<p><strong>Cuatrimestral<\/strong><\/td>\n<\/tr>\n<\/tbody>\n<\/table>\n<p style=\"font-weight: 400;\"><strong><em>Para ver los perfiles docentes requeridos podr\u00e1n remitirse al <a href=\"https:\/\/ies813pabloluppi-chu.infd.edu.ar\/sitio\/llamados-a-concurso\/\" target=\"_blank\" rel=\"noopener\">Dise\u00f1o Curricular vigente<\/a><\/em><\/strong><\/p>\n<p style=\"font-weight: 400;\"><strong>\u00a0<\/strong><\/p>\n<p style=\"font-weight: 400;\"><strong>&#8211;\u00a0\u00a0\u00a0\u00a0\u00a0\u00a0 Profesorado de Educaci\u00f3n Secundaria\u00a0en\u00a0F\u00edsica\u00a0\u2013\u00a0Res\u00a0N\u00b0 305\/14\u2013\u00a0\u00a02do a\u00f1o\u00a0\u00a0\u2013\u00a0\u00a01er\u00a0\u00a0llamado.<\/strong><strong>\u00a0<\/strong><\/p>\n<table style=\"font-weight: 400;\">\n<tbody>\n<tr>\n<td width=\"133\">\n<p style=\"text-align: center;\">Unidad Curricular<\/p>\n<\/td>\n<td style=\"text-align: center;\" width=\"99\">Docentes<\/td>\n<td style=\"text-align: center;\" width=\"112\">Cantidad de horas<\/td>\n<td style=\"text-align: center;\" width=\"151\">Anual o Cuatrimestral<\/td>\n<td width=\"121\">\n<p style=\"text-align: center;\">Horarios<\/p>\n<\/td>\n<\/tr>\n<tr>\n<td width=\"133\">Qu\u00edmica B\u00e1sica<\/td>\n<td width=\"99\">1 docente<\/td>\n<td width=\"112\">3 hs<\/td>\n<td width=\"151\">Anual<\/td>\n<td width=\"121\">Jueves de 18:20-20:05hs<\/p>\n<p>o<\/p>\n<p>Viernes de 20:15-22:00hs<\/td>\n<\/tr>\n<\/tbody>\n<\/table>\n<p style=\"font-weight: 400;\"><strong><em>Para ver los perfiles docentes requeridos podr\u00e1n remitirse al <a href=\"https:\/\/ies813pabloluppi-chu.infd.edu.ar\/sitio\/llamados-a-concurso\/\" target=\"_blank\" rel=\"noopener\">Dise\u00f1o Curricular vigente<\/a><\/em><\/strong><\/p>\n<p>&nbsp;<\/p>\n<p style=\"font-weight: 400;\"><strong>\u00a0<\/strong><strong>\u00a0<\/strong>&#8211;\u00a0 \u00a0\u00a0<strong>Profesorado de Educaci\u00f3n Secundaria\u00a0\u00a0en\u00a0Historia\u00a0\u2013Anexo Cholila\u00a0Res\u00a0<\/strong><a href=\"https:\/\/maps.google.com\/?q=N%C2%B0+301\/14%E2%80%93+2018+%E2%80%93+1&amp;entry=gmail&amp;source=g\" data-saferedirecturl=\"https:\/\/www.google.com\/url?q=https:\/\/maps.google.com\/?q%3DN%25C2%25B0%2B301\/14%25E2%2580%2593%2B2018%2B%25E2%2580%2593%2B1%26entry%3Dgmail%26source%3Dg&amp;source=gmail&amp;ust=1565101240632000&amp;usg=AFQjCNHFgmOcdKdp2vyExsU9PHPpWF9vfw\"><strong>N\u00b0 304\/14\u2013\u00a0\u00a02do \u00a0a\u00f1o\u00a0\u00a0\u2013\u00a0\u00a02do\u00a0\u00a0<\/strong><\/a><strong>\u00a0llamado.<\/strong><strong>\u00a0<\/strong><\/p>\n<table style=\"font-weight: 400;\">\n<tbody>\n<tr>\n<td width=\"161\">\n<p style=\"text-align: center;\">Unidad Curricular<\/p>\n<\/td>\n<td style=\"text-align: center;\" width=\"113\">Docentes<\/td>\n<td style=\"text-align: center;\" width=\"133\">Cantidad de horas<\/td>\n<td style=\"text-align: center;\" width=\"178\">Anual o Cuatrimestral<\/td>\n<\/tr>\n<tr>\n<td width=\"161\">Educaci\u00f3n Sexual Integral<\/td>\n<td width=\"113\">2 docentes<\/td>\n<td width=\"133\">3 Hs<\/p>\n<p>Horario: martes de 20:20 a 21:50 hs<\/td>\n<td width=\"178\">Cuatrimestral<\/p>\n<p>&nbsp;<\/td>\n<\/tr>\n<tr>\n<td style=\"text-align: center;\" width=\"161\"><\/td>\n<td style=\"text-align: center;\" width=\"113\"><\/td>\n<td style=\"text-align: center;\" width=\"133\"><\/td>\n<td width=\"178\">\n<p style=\"text-align: center;\">\n<\/td>\n<\/tr>\n<\/tbody>\n<\/table>\n<p style=\"font-weight: 400;\"><strong><em>Para ver los perfiles docentes requeridos podr\u00e1n remitirse al <a href=\"https:\/\/ies813pabloluppi-chu.infd.edu.ar\/sitio\/llamados-a-concurso\/\" target=\"_blank\" rel=\"noopener\">Dise\u00f1o Curricular vigente<\/a><\/em><\/strong><\/p>\n<p>&nbsp;<\/p>\n<p style=\"font-weight: 400;\">&#8211;\u00a0\u00a0\u00a0\u00a0\u00a0\u00a0\u00a0<strong>Profesorado de Educaci\u00f3n Secundaria\u00a0\u00a0en\u00a0Historia\u00a0\u2013Anexo Cholila\u00a0Res\u00a0<\/strong><a href=\"https:\/\/maps.google.com\/?q=N%C2%B0+301\/14%E2%80%93+2018+%E2%80%93+1&amp;entry=gmail&amp;source=g\" data-saferedirecturl=\"https:\/\/www.google.com\/url?q=https:\/\/maps.google.com\/?q%3DN%25C2%25B0%2B301\/14%25E2%2580%2593%2B2018%2B%25E2%2580%2593%2B1%26entry%3Dgmail%26source%3Dg&amp;source=gmail&amp;ust=1565101240632000&amp;usg=AFQjCNHFgmOcdKdp2vyExsU9PHPpWF9vfw\"><strong>N\u00b0 304\/14\u2013\u00a0\u00a02do \u00a0a\u00f1o\u00a0\u00a0\u2013\u00a0\u00a01er\u00a0\u00a0<\/strong><\/a><strong>\u00a0llamado.<\/strong><strong>\u00a0<\/strong><\/p>\n<table style=\"font-weight: 400;\">\n<tbody>\n<tr>\n<td width=\"161\">Unidad Curricular<\/td>\n<td width=\"113\">Docentes<\/td>\n<td width=\"133\">Cantidad de horas<\/td>\n<td width=\"178\">Anual o Cuatrimestral<\/td>\n<\/tr>\n<tr>\n<td width=\"161\">Sujetos del Aprendizaje<\/td>\n<td width=\"113\">2 docentes<\/td>\n<td width=\"133\">4 Hs<\/p>\n<p>Horario: jueves de 20:20 a 21:50 hs<\/td>\n<td width=\"178\">Anual<\/p>\n<p>&nbsp;<\/td>\n<\/tr>\n<tr>\n<td width=\"161\"><\/td>\n<td width=\"113\"><\/td>\n<td width=\"133\"><\/td>\n<td width=\"178\"><\/td>\n<\/tr>\n<\/tbody>\n<\/table>\n<p style=\"font-weight: 400;\"><strong><em>Para ver los perfiles docentes requeridos podr\u00e1n remitirse al <a href=\"https:\/\/ies813pabloluppi-chu.infd.edu.ar\/sitio\/llamados-a-concurso\/\" target=\"_blank\" rel=\"noopener\">Dise\u00f1o Curricular vigente<\/a><\/em><\/strong><\/p>\n<p>&nbsp;<\/p>\n<p style=\"font-weight: 400;\"><strong>Profesorado de Educaci\u00f3n Especial con Orientaci\u00f3n en Discapacidad Intelectual \u2013 Res 315\/14 \u2013 Anexo Cholila \u00a0\u2013 4to A\u00f1o \u2013 2do llamado.<\/strong><\/p>\n<table style=\"font-weight: 400;\">\n<tbody>\n<tr>\n<td width=\"142\">\n<p style=\"text-align: center;\"><strong>Unidad Curricular<\/strong><strong>\u00a0<\/strong><\/p>\n<\/td>\n<td style=\"text-align: center;\" width=\"123\"><strong>\u00a0<\/strong><strong>Docentes<\/strong><strong>\u00a0<\/strong><\/td>\n<td style=\"text-align: center;\" width=\"123\"><strong>\u00a0<\/strong><strong>Cantidad de horas<\/strong><strong>\u00a0<\/strong><\/td>\n<td style=\"text-align: center;\" width=\"192\"><strong>Anual o Cuatrimestral<\/strong><\/td>\n<\/tr>\n<tr>\n<td width=\"142\">\n<p style=\"text-align: center;\">Comunicaci\u00f3n y Lenguaje<\/p>\n<\/td>\n<td style=\"text-align: center;\" width=\"123\">2 docentes<\/td>\n<td style=\"text-align: center;\" width=\"123\">4 Hs<\/td>\n<td width=\"192\">\n<p style=\"text-align: center;\">Cuatrimestral<\/p>\n<\/td>\n<\/tr>\n<tr>\n<td style=\"text-align: center;\" width=\"142\">Equipos Interdisciplinarios en Educaci\u00f3n Especial<\/td>\n<td style=\"text-align: center;\" width=\"123\">2 docentes<\/td>\n<td style=\"text-align: center;\" width=\"123\">4 Hs<\/td>\n<td width=\"192\">\n<p style=\"text-align: center;\">Cuatrimestral<\/p>\n<\/td>\n<\/tr>\n<\/tbody>\n<\/table>\n<p style=\"font-weight: 400;\"><strong><em>Para ver los perfiles docentes requeridos podr\u00e1n remitirse al <a href=\"https:\/\/ies813pabloluppi-chu.infd.edu.ar\/sitio\/llamados-a-concurso\/\" target=\"_blank\" rel=\"noopener\">Dise\u00f1o Curricular vigente<\/a><\/em><\/strong><\/p>\n<p style=\"font-weight: 400;\"><em>\u00a0<\/em><\/p>\n<p style=\"font-weight: 400;\"><strong>Profesorado de Educaci\u00f3n Especial con Orientaci\u00f3n en Sordos e Hipoac\u00fasicos \u2013 Res 176\/16- Sede Lago Puelo \u00a0\u2013 4to A\u00f1o \u2013 2do llamado.<\/strong><strong>\u00a0<\/strong><\/p>\n<table style=\"font-weight: 400;\">\n<tbody>\n<tr>\n<td width=\"142\"><strong>Unidad Curricular<\/strong><strong>\u00a0<\/strong><\/td>\n<td width=\"123\"><strong>\u00a0<\/strong><strong>Docentes<\/strong><strong>\u00a0<\/strong><\/td>\n<td width=\"123\"><strong>\u00a0<\/strong><strong>Cantidad de horas<\/strong><strong>\u00a0<\/strong><\/td>\n<td width=\"192\"><strong>Anual o Cuatrimestral<\/strong><\/td>\n<\/tr>\n<tr>\n<td width=\"142\">Trabajo Interdisciplinario en Educaci\u00f3n Especial<\/td>\n<td width=\"123\">2 docentes<\/td>\n<td width=\"123\">4 Hs<\/td>\n<td width=\"192\">Cuatrimestral<\/td>\n<\/tr>\n<\/tbody>\n<\/table>\n<p style=\"font-weight: 400;\"><strong><em>Para ver los perfiles docentes requeridos podr\u00e1n remitirse al <a href=\"https:\/\/ies813pabloluppi-chu.infd.edu.ar\/sitio\/llamados-a-concurso\/\" target=\"_blank\" rel=\"noopener\">Dise\u00f1o Curricular vigente<\/a><\/em><\/strong><\/p>\n<p>&nbsp;<\/p>\n<p style=\"font-weight: 400;\"><strong>Tecnicatura Superior Entrenamiento Deportivo &#8211; Anexo Epuy\u00e9n Res N\u00b090\/15 \u2013 1er A\u00f1o \u2013<\/strong><strong>2do llamado.<\/strong><\/p>\n<table style=\"font-weight: 400;\">\n<tbody>\n<tr>\n<td width=\"161\"><strong>Unidad Curricular<\/strong><strong>\u00a0<\/strong><\/td>\n<td width=\"113\"><strong>Docentes<\/strong><strong>\u00a0<\/strong><\/td>\n<td width=\"132\"><strong>Cantidad de horas<\/strong><strong>\u00a0<\/strong><\/td>\n<td width=\"178\"><strong>Anual o Cuatrimestral<\/strong><\/td>\n<\/tr>\n<tr>\n<td width=\"161\">TIC (3)<\/td>\n<td width=\"113\">1 docente<\/td>\n<td width=\"132\">3 horas<\/p>\n<p>Horario: viernes de 20 a 22 hs<\/td>\n<td width=\"178\">Cuatrimestral<\/td>\n<\/tr>\n<\/tbody>\n<\/table>\n<p style=\"font-weight: 400;\"><em>*Horarios presenciales, el resto de la carga horaria se cumplimentar\u00e1 de manera virtual y\/o aplicada a salidas de campo.<\/em><\/p>\n<p style=\"font-weight: 400;\"><em>Perfiles docentes requeridos : (1) M\u00e9dico\/ Kinesi\u00f3logo\/ Prof. De Ed. F\u00edsica con especializaci\u00f3n.; (2)Prof. De educaci\u00f3n F\u00edsica; (3) Prof. De ed. Tecnol\u00f3gica\/ Profesional con especializaci\u00f3n en educaci\u00f3n y TIC<\/em><\/p>\n<p>&nbsp;<\/p>\n<p style=\"font-weight: 400;\"><strong>Profesorado de Educaci\u00f3n Especial con Orientaci\u00f3n en Discapacidad Intelectual \u2013 Res 315\/14 \u2013 Anexo Cholila \u00a0\u2013 3er A\u00f1o \u2013 2do llamado.<\/strong><\/p>\n<table style=\"font-weight: 400;\">\n<tbody>\n<tr>\n<td width=\"142\"><strong>Unidad Curricular<\/strong><strong>\u00a0<\/strong><\/td>\n<td width=\"123\"><strong>\u00a0<\/strong><strong>Docentes<\/strong><strong>\u00a0<\/strong><\/td>\n<td width=\"123\"><strong>\u00a0<\/strong><strong>Cantidad de horas<\/strong><strong>\u00a0<\/strong><\/td>\n<td width=\"192\"><strong>Anual o Cuatrimestral<\/strong><\/td>\n<\/tr>\n<tr>\n<td width=\"142\">Alfabetizaci\u00f3n Inicial I<\/td>\n<td width=\"123\">1 docente<\/td>\n<td width=\"123\">4 Hs<\/td>\n<td width=\"192\">Cuatrimestral<\/td>\n<\/tr>\n<tr>\n<td width=\"142\">Educaci\u00f3n Psicomotriz y Desarrollo de la Corporalidad<\/td>\n<td width=\"123\">2 docentes<\/td>\n<td width=\"123\">4 Hs<\/td>\n<td width=\"192\">Cuatrimestral<\/td>\n<\/tr>\n<\/tbody>\n<\/table>\n<p style=\"font-weight: 400;\"><strong><em>Para ver los perfiles docentes requeridos podr\u00e1n remitirse al <a href=\"https:\/\/ies813pabloluppi-chu.infd.edu.ar\/sitio\/llamados-a-concurso\/\" target=\"_blank\" rel=\"noopener\">Dise\u00f1o Curricular vigente<\/a><\/em><\/strong><\/p>\n<p style=\"font-weight: 400;\"><strong>\u00a0<\/strong><\/p>\n<p style=\"font-weight: 400;\"><strong>Profesorado de Educaci\u00f3n Secundaria en Lengua y Literatura &#8211; Extensi\u00f3n \u00c1ulica el Hoyo &#8211; Res N\u00b0 302\/14 \u2013 1er a\u00f1o \u2013 2do \u00a0llamado.<\/strong><strong>\u00a0<\/strong><\/p>\n<table style=\"font-weight: 400;\">\n<tbody>\n<tr>\n<td style=\"text-align: center;\" width=\"134\"><strong>Unidad Curricular<\/strong><\/td>\n<td style=\"text-align: center;\" width=\"131\"><strong>Docentes<\/strong><\/td>\n<td style=\"text-align: center;\" width=\"151\"><strong>Cantidad de horas<\/strong><\/td>\n<td width=\"180\">\n<p style=\"text-align: center;\"><strong>Anual o Cuatrimestral<\/strong><\/p>\n<\/td>\n<\/tr>\n<tr>\n<td width=\"134\">Did\u00e1ctica General<\/td>\n<td width=\"131\">1 docente<\/td>\n<td width=\"151\">6 Hs<\/p>\n<p>Horario: martes y mi\u00e9rcoles de 20:55 a 22:25 hs<\/p>\n<p>&nbsp;<\/td>\n<td width=\"180\">Cuatrimestral<\/td>\n<\/tr>\n<\/tbody>\n<\/table>\n<p style=\"font-weight: 400;\"><strong><em>Para ver los perfiles docentes requeridos podr\u00e1n remitirse al <a href=\"https:\/\/ies813pabloluppi-chu.infd.edu.ar\/sitio\/llamados-a-concurso\/\" target=\"_blank\" rel=\"noopener\">Dise\u00f1o Curricular vigente<\/a><\/em><\/strong><\/p>\n<p>&nbsp;<\/p>\n<p style=\"font-weight: 400;\"><strong>Tecnicatura Superior en Tiempo libre y Recreaci\u00f3n- Anexo Epuy\u00e9n Res N\u00b0 177\/16 \u2013 2do. a\u00f1o \u2013 2\u00ba cuatrimestre. 2\u00ba Llamado<\/strong><\/p>\n<table style=\"font-weight: 400;\">\n<tbody>\n<tr>\n<td style=\"text-align: center;\" width=\"161\"><strong>Unidad Curricular<\/strong><strong>\u00a0<\/strong><\/td>\n<td style=\"text-align: center;\" width=\"113\"><strong>Docentes<\/strong><strong>\u00a0<\/strong><\/td>\n<td style=\"text-align: center;\" width=\"132\"><strong>Cantidad de horas<\/strong><strong>\u00a0<\/strong><\/td>\n<td width=\"178\">\n<p style=\"text-align: center;\"><strong>Anual o Cuatrimestral<\/strong><\/p>\n<\/td>\n<\/tr>\n<tr>\n<td width=\"161\">Psicolog\u00eda del desarrollo II<\/td>\n<td width=\"113\">1 Docente<\/td>\n<td width=\"132\">3 horas (Lunes de 20:40 a 22:00 hs)*<\/td>\n<td width=\"178\">Cuatrimestral<\/td>\n<\/tr>\n<\/tbody>\n<\/table>\n<ul>\n<li style=\"font-weight: 400;\"><strong><em>Para ver los perfiles docentes requeridos podr\u00e1n remitirse al <a href=\"https:\/\/ies813pabloluppi-chu.infd.edu.ar\/sitio\/llamados-a-concurso\/\" target=\"_blank\" rel=\"noopener\">Dise\u00f1o Curricular vigente<\/a><\/em><\/strong><\/li>\n<\/ul>\n<p style=\"font-weight: 400;\"><em>*Horarios presenciales, el resto de la carga horaria se cumplimentar\u00e1 de manera virtual y\/o aplicada a salidas de campo.<\/em><\/p>\n<p style=\"font-weight: 400;\">Las bases y el detalle de los mismos est\u00e1n disponibles en la <a href=\"https:\/\/ies813pabloluppi-chu.infd.edu.ar\/sitio\/llamados-a-concurso\/\" target=\"_blank\" rel=\"noopener\">p\u00e1gina web:\u00a0<\/a><\/p>\n<p style=\"font-weight: 400;\">Consultas:\u00a0<a href=\"mailto:concursosisfd813@gmail.com#_blank\">concursosisfd813@gmail.com<\/a>\u00a0Fecha\u00a0l\u00edmite para la presentaci\u00f3n de antecedentes y proyecto\u00a0<strong><em><u>(\u00a0<\/u><\/em><\/strong><strong><em><u>\u00fanicamente\u00a0 en formato digital\u00a0<\/u><\/em><\/strong>) Viernes 9\u00a0 de agosto\u00a0 de 2019 hasta las 19 hs.<\/p>\n","protected":false},"excerpt":{"rendered":"<p>Lago Puelo, 02 de agosto de 2019 \u00a0Llamados a Concurso 2019\u00a0 El Instituto de Educaci\u00f3n Superior Nro. 813 \u201cProf. Pablo Luppi\u201d llama a concurso para los siguientes espacios curriculares:\u00a0 &#8211;\u00a0\u00a0\u00a0\u00a0\u00a0\u00a0\u00a0Profesorado de Educaci\u00f3n Secundaria en Biolog\u00eda &#8211; Sede Lago Puelo Res N\u00b0 307\/14 \u2013 2do a\u00f1o \u2013 primer llamado Unidad Curricular Docentes\u00a0 Cantidad de horas\u00a0 Anual &#8230; <a title=\"Lago Puelo, 02 de agosto de 2019 &#8211; Llamados a Concurso 2019\" class=\"read-more\" href=\"https:\/\/ies813pabloluppi-chu.infd.edu.ar\/sitio\/lago-puelo-02-de-agosto-de-2019-llamados-a-concurso-2019\/\" aria-label=\"More on Lago Puelo, 02 de agosto de 2019 &#8211; Llamados a Concurso 2019\">[+]<\/a><\/p>\n","protected":false},"author":935,"featured_media":0,"comment_status":"closed","ping_status":"closed","sticky":false,"template":"","format":"standard","meta":[],"categories":[14],"tags":[],"acf":[],"_links":{"self":[{"href":"https:\/\/ies813pabloluppi-chu.infd.edu.ar\/sitio\/wp-json\/wp\/v2\/posts\/3727"}],"collection":[{"href":"https:\/\/ies813pabloluppi-chu.infd.edu.ar\/sitio\/wp-json\/wp\/v2\/posts"}],"about":[{"href":"https:\/\/ies813pabloluppi-chu.infd.edu.ar\/sitio\/wp-json\/wp\/v2\/types\/post"}],"author":[{"embeddable":true,"href":"https:\/\/ies813pabloluppi-chu.infd.edu.ar\/sitio\/wp-json\/wp\/v2\/users\/935"}],"replies":[{"embeddable":true,"href":"https:\/\/ies813pabloluppi-chu.infd.edu.ar\/sitio\/wp-json\/wp\/v2\/comments?post=3727"}],"version-history":[{"count":2,"href":"https:\/\/ies813pabloluppi-chu.infd.edu.ar\/sitio\/wp-json\/wp\/v2\/posts\/3727\/revisions"}],"predecessor-version":[{"id":3729,"href":"https:\/\/ies813pabloluppi-chu.infd.edu.ar\/sitio\/wp-json\/wp\/v2\/posts\/3727\/revisions\/3729"}],"wp:attachment":[{"href":"https:\/\/ies813pabloluppi-chu.infd.edu.ar\/sitio\/wp-json\/wp\/v2\/media?parent=3727"}],"wp:term":[{"taxonomy":"category","embeddable":true,"href":"https:\/\/ies813pabloluppi-chu.infd.edu.ar\/sitio\/wp-json\/wp\/v2\/categories?post=3727"},{"taxonomy":"post_tag","embeddable":true,"href":"https:\/\/ies813pabloluppi-chu.infd.edu.ar\/sitio\/wp-json\/wp\/v2\/tags?post=3727"}],"curies":[{"name":"wp","href":"https:\/\/api.w.org\/{rel}","templated":true}]}}