{"id":3889,"date":"2020-03-06T23:53:42","date_gmt":"2020-03-07T02:53:42","guid":{"rendered":"https:\/\/ies813pabloluppi-chu.infd.edu.ar\/sitio\/?p=3889"},"modified":"2020-03-07T00:04:07","modified_gmt":"2020-03-07T03:04:07","slug":"llamados-a-concurso-2020-lago-puelo-6-de-marzo-de-2020","status":"publish","type":"post","link":"https:\/\/ies813pabloluppi-chu.infd.edu.ar\/sitio\/llamados-a-concurso-2020-lago-puelo-6-de-marzo-de-2020\/","title":{"rendered":"Llamados a Concurso 2020\u00a0 &#8211; Lago Puelo, 6 de marzo de 2020"},"content":{"rendered":"<p style=\"text-align: right;\">Lago Puelo, 6 de marzo de 2020<strong>\u00a0<\/strong><\/p>\n<p style=\"text-align: center;\"><strong><u>Llamados a Concurso 2020<\/u><\/strong><\/p>\n<p>&nbsp;<\/p>\n<p><strong>El Instituto de Educaci\u00f3n Superior Nro. 813 \u201cProf. Pablo Luppi\u201d llama a concurso para los siguientes espacios curriculares:<\/strong><\/p>\n<p>&nbsp;<\/p>\n<ul>\n<li><strong>Profesorado de Educaci\u00f3n Secundaria en Biolog\u00eda &#8211; Anexo Epuy\u00e9n Res N\u00b0307\/14 <\/strong><\/li>\n<\/ul>\n<p><strong>4to a\u00f1o \u2013 2do llamado<\/strong><\/p>\n<table width=\"613\">\n<tbody>\n<tr>\n<td style=\"text-align: center;\" width=\"169\"><strong>Unidad Curricular<\/strong><\/td>\n<td style=\"text-align: center;\" width=\"119\"><strong>Docentes<\/strong><\/td>\n<td style=\"text-align: center;\" width=\"139\"><strong>Cantidad de horas\u00a0<\/strong><\/td>\n<td style=\"text-align: center;\" width=\"186\"><strong>Anual o Cuatrimestral<\/strong><\/td>\n<\/tr>\n<tr>\n<td style=\"text-align: center;\" width=\"169\">Pr\u00e1ctica Docente IV<\/p>\n<p>(A T\u00c9RMINO)<\/td>\n<td style=\"text-align: center;\" width=\"119\">2 Docentes<\/p>\n<p>(1 Docente de la F. Espec\u00edfica y<\/p>\n<p>1 Docente Generalista)<\/p>\n<p>Interinos<\/td>\n<td style=\"text-align: center;\" width=\"139\">10 HS<\/td>\n<td style=\"text-align: center;\" width=\"186\">Anual<\/td>\n<\/tr>\n<\/tbody>\n<\/table>\n<p><em>Para ver los perfiles docentes requeridos podr\u00e1n remitirse al Dise\u00f1o Curricular vigente.<\/em><\/p>\n<ul>\n<li><strong>Profesorado de Educaci\u00f3n Secundaria\u00a0en\u00a0Historia\u00a0\u2013 Anexo Cholila\u00a0Res\u00a0N\u00b0304\/14<\/strong><\/li>\n<\/ul>\n<p><strong>4to a\u00f1o\u00a0\u2013\u00a01er\u00a0llamado\u00a0<\/strong><\/p>\n<table>\n<tbody>\n<tr>\n<td style=\"text-align: center;\" width=\"165\"><strong>Unidad Curricular<\/strong><\/td>\n<td style=\"text-align: center;\" width=\"116\"><strong>Docentes<\/strong><\/td>\n<td style=\"text-align: center;\" width=\"136\"><strong>Cantidad de horas\u00a0<\/strong><\/td>\n<td style=\"text-align: center;\" width=\"182\"><strong>Anual o Cuatrimestral<\/strong><\/td>\n<\/tr>\n<tr>\n<td style=\"text-align: center;\" width=\"165\">UDI: uso apropiado de la voz<\/td>\n<td style=\"text-align: center;\" width=\"116\">1 Docente<\/td>\n<td style=\"text-align: center;\" width=\"136\">3 Hs<\/td>\n<td style=\"text-align: center;\" width=\"182\">Anual<\/td>\n<\/tr>\n<tr>\n<td style=\"text-align: center;\" width=\"165\">Historia Argentina III<\/td>\n<td style=\"text-align: center;\" width=\"116\">1 Docente Interino<\/td>\n<td style=\"text-align: center;\" width=\"136\">5 Hs<\/td>\n<td style=\"text-align: center;\" width=\"182\">Anual<\/td>\n<\/tr>\n<\/tbody>\n<\/table>\n<p><em>Para ver los perfiles docentes requeridos podr\u00e1n remitirse al Dise\u00f1o Curricular vigente<\/em><\/p>\n<ul>\n<li><strong>Profesorado de Educaci\u00f3n Secundaria\u00a0en\u00a0Historia\u00a0\u2013 Anexo Cholila\u00a0Res\u00a0<\/strong><strong>N\u00b0304\/14<\/strong><\/li>\n<\/ul>\n<p><strong>4to a\u00f1o\u00a0\u2013\u00a02do\u00a0llamado<\/strong><\/p>\n<table>\n<tbody>\n<tr>\n<td style=\"text-align: center;\" width=\"165\"><strong>Unidad Curricular<\/strong><\/td>\n<td style=\"text-align: center;\" width=\"116\"><strong>Docentes<\/strong><\/td>\n<td style=\"text-align: center;\" width=\"136\"><strong>Cantidad de horas\u00a0<\/strong><\/td>\n<td style=\"text-align: center;\" width=\"182\"><strong>Anual o Cuatrimestral<\/strong><\/td>\n<\/tr>\n<tr>\n<td style=\"text-align: center;\" width=\"165\">Filosof\u00eda de la Educaci\u00f3n<\/td>\n<td style=\"text-align: center;\" width=\"116\">1 Docente Interino<\/td>\n<td style=\"text-align: center;\" width=\"136\">3 Hs<\/td>\n<td style=\"text-align: center;\" width=\"182\">Anual<\/td>\n<\/tr>\n<tr>\n<td style=\"text-align: center;\" width=\"165\">Geopol\u00edtica<\/td>\n<td style=\"text-align: center;\" width=\"116\">1 Docente Interino<\/td>\n<td style=\"text-align: center;\" width=\"136\">3 Hs<\/td>\n<td style=\"text-align: center;\" width=\"182\">Cuatrimestral<\/td>\n<\/tr>\n<\/tbody>\n<\/table>\n<p><em>Para ver los perfiles docentes requeridos podr\u00e1n remitirse al Dise\u00f1o Curricular vigente<\/em><\/p>\n<p>&nbsp;<\/p>\n<ul>\n<li><strong>Profesorado de Educaci\u00f3n Secundaria\u00a0en\u00a0Historia\u00a0\u2013 Anexo Cholila\u00a0Res\u00a0N\u00b0304\/14<\/strong><\/li>\n<\/ul>\n<p><strong>4to a\u00f1o\u00a0\u2013\u00a03er\u00a0llamado\u00a0<\/strong><\/p>\n<table>\n<tbody>\n<tr>\n<td style=\"text-align: center;\" width=\"165\"><strong>Unidad Curricular<\/strong><\/td>\n<td style=\"text-align: center;\" width=\"116\"><strong>Docentes<\/strong><\/td>\n<td style=\"text-align: center;\" width=\"136\"><strong>Cantidad de horas\u00a0<\/strong><\/td>\n<td style=\"text-align: center;\" width=\"182\"><strong>Anual o Cuatrimestral<\/strong><\/td>\n<\/tr>\n<tr>\n<td style=\"text-align: center;\" width=\"165\">Pr\u00e1ctica Profesional Docente IV y Residencia<\/td>\n<td style=\"text-align: center;\" width=\"116\">2 Docentes Interinos<\/td>\n<td style=\"text-align: center;\" width=\"136\">10 Hs<\/td>\n<td style=\"text-align: center;\" width=\"182\">Anual<\/td>\n<\/tr>\n<\/tbody>\n<\/table>\n<p><em>Para ver los perfiles docentes requeridos podr\u00e1n remitirse al Dise\u00f1o Curricular vigente<\/em><\/p>\n<ul>\n<li><strong>Tecnicatura Superior Entrenamiento Deportivo &#8211; Anexo Epuy\u00e9n Res N\u00b090\/15<\/strong><\/li>\n<\/ul>\n<p><strong>2do A\u00f1o \u2013 2do Llamado<\/strong><\/p>\n<table>\n<tbody>\n<tr>\n<td style=\"text-align: center;\" width=\"161\"><strong>Unidad Curricular<\/strong><\/td>\n<td style=\"text-align: center;\" width=\"113\"><strong>Docentes<\/strong><\/td>\n<td style=\"text-align: center;\" width=\"132\"><strong>Cantidad de horas\u00a0<\/strong><\/td>\n<td style=\"text-align: center;\" width=\"178\"><strong>Anual o Cuatrimestral<\/strong><\/td>\n<\/tr>\n<tr>\n<td style=\"text-align: center;\" width=\"161\">Ense\u00f1anza de la T\u00e9cnica (3)<\/td>\n<td style=\"text-align: center;\" width=\"113\">1 Docente Interino<\/td>\n<td style=\"text-align: center;\" width=\"132\">4 Hs<\/td>\n<td style=\"text-align: center;\" width=\"178\">Cuatrimestral<\/td>\n<\/tr>\n<tr>\n<td style=\"text-align: center;\" width=\"161\">Pr\u00e1cticas de la Especializaci\u00f3n (5)<\/td>\n<td style=\"text-align: center;\" width=\"113\">1 Docente Interino<\/td>\n<td style=\"text-align: center;\" width=\"132\">6 Hs<\/td>\n<td style=\"text-align: center;\" width=\"178\">Anual<\/td>\n<\/tr>\n<\/tbody>\n<\/table>\n<p><em>*Horarios presenciales, el resto de la carga horaria se cumplimentar\u00e1 de manera virtual y\/o aplicada a salidas de campo.<\/em><\/p>\n<ul>\n<li><em>Perfiles docentes requeridos: (1) M\u00e9dico Generalista; (2) Kinesi\u00f3logo\/ Fisiatra con especializaci\u00f3n en deporte; (3) Prof. de Ed. F\u00edsica; (4) Prof. de Ed. F\u00edsica con experiencia en entrenamiento deportivo (5) Tec. Sup. En Entrenamiento Deportivo \/ Prof. de Ed. F\u00edsica con experiencia en \u00e1mbitos no formales u oficiales de la educaci\u00f3n.<\/em><\/li>\n<\/ul>\n<p>&nbsp;<\/p>\n<ul>\n<li><strong>Tecnicatura Superior Entrenamiento Deportivo &#8211; Anexo Epuy\u00e9n Res N\u00b090\/15<\/strong><\/li>\n<\/ul>\n<p><strong>2do A\u00f1o \u2013 3er Llamado<\/strong><\/p>\n<table>\n<tbody>\n<tr>\n<td style=\"text-align: center;\" width=\"161\">\u00a0<strong>Unidad Curricular<\/strong><\/td>\n<td style=\"text-align: center;\" width=\"113\"><strong>Docentes<\/strong><\/td>\n<td style=\"text-align: center;\" width=\"132\"><strong>Cantidad de horas<\/strong><\/td>\n<td style=\"text-align: center;\" width=\"178\"><strong>Anual o Cuatrimestral<\/strong><\/td>\n<\/tr>\n<tr>\n<td style=\"text-align: center;\" width=\"161\">Biomec\u00e1nica (2)<\/td>\n<td width=\"113\">1 Docente Interino<\/td>\n<td style=\"text-align: center;\" width=\"132\">4 Hs<\/td>\n<td style=\"text-align: center;\" width=\"178\">Cuatrimestral<\/td>\n<\/tr>\n<tr>\n<td style=\"text-align: center;\" width=\"161\">Entrenamiento II (4)<\/td>\n<td style=\"text-align: center;\" width=\"113\">\u00a01 Docente Interino<\/td>\n<td style=\"text-align: center;\" width=\"132\">4 Hs<\/td>\n<td style=\"text-align: center;\" width=\"178\">Anual<\/td>\n<\/tr>\n<\/tbody>\n<\/table>\n<p><em>*Horarios presenciales, el resto de la carga horaria se cumplimentar\u00e1 de manera virtual y\/o aplicada a salidas de campo.<\/em><\/p>\n<ul>\n<li><em>Perfiles docentes requeridos: (1) M\u00e9dico Generalista; (2) Kinesi\u00f3logo\/ Fisiatra con especializaci\u00f3n en deporte; (3) Prof. de Ed. F\u00edsica; (4) Prof. de Ed. F\u00edsica con experiencia en entrenamiento deportivo (5) Tec. Sup. En Entrenamiento Deportivo \/ Prof. de Ed. F\u00edsica con experiencia en \u00e1mbitos no formales u oficiales de la educaci\u00f3n.<\/em><\/li>\n<\/ul>\n<p>&nbsp;<\/p>\n<ul>\n<li><strong>Tecnicatura Superior en Tiempo Libre y Recreaci\u00f3n &#8211; Anexo Epuy\u00e9n Res N\u00b0 177\/16<\/strong><\/li>\n<\/ul>\n<p><strong>3er a\u00f1o \u2013 2do Llamado<\/strong><\/p>\n<table>\n<tbody>\n<tr>\n<td style=\"text-align: center;\" width=\"161\"><strong>Unidad Curricular<\/strong><\/td>\n<td style=\"text-align: center;\" width=\"113\"><strong>Docentes<\/strong><\/td>\n<td style=\"text-align: center;\" width=\"132\"><strong>Cantidad de horas<\/strong><\/td>\n<td style=\"text-align: center;\" width=\"178\"><strong>Anual o Cuatrimestral<\/strong><\/td>\n<\/tr>\n<tr>\n<td style=\"text-align: center;\" width=\"161\">Recreaci\u00f3n<\/td>\n<td width=\"113\">1 Docente Interino<\/td>\n<td style=\"text-align: center;\" width=\"132\">4 Hs<\/td>\n<td style=\"text-align: center;\" width=\"178\">Cuatrimestral<\/td>\n<\/tr>\n<tr>\n<td style=\"text-align: center;\" width=\"161\">Pr\u00e1cticas Profesionalizantes III<\/td>\n<td style=\"text-align: center;\" width=\"113\">2 Docentes Interinos<\/td>\n<td style=\"text-align: center;\" width=\"132\">10 Hs<\/td>\n<td style=\"text-align: center;\" width=\"178\">Anual<\/td>\n<\/tr>\n<\/tbody>\n<\/table>\n<p><em>Para ver los perfiles docentes requeridos podr\u00e1n remitirse al Dise\u00f1o Curricular vigente.<\/em><\/p>\n<ul>\n<li><strong>Tecnicatura Superior en Tiempo Libre y Recreaci\u00f3n &#8211; Anexo Epuy\u00e9n Res N\u00b0 177\/16<\/strong><\/li>\n<\/ul>\n<p><strong>3er a\u00f1o \u2013 3er Llamado<\/strong><\/p>\n<table>\n<tbody>\n<tr>\n<td style=\"text-align: center;\" width=\"161\"><strong>Unidad Curricular<\/strong><\/td>\n<td style=\"text-align: center;\" width=\"113\"><strong>Docentes<\/strong><\/td>\n<td style=\"text-align: center;\" width=\"132\"><strong>Cantidad de horas<\/strong><\/td>\n<td style=\"text-align: center;\" width=\"178\"><strong>Anual o Cuatrimestral<\/strong><\/td>\n<\/tr>\n<tr>\n<td style=\"text-align: center;\" width=\"161\">Deporte Social y Adaptado<\/td>\n<td style=\"text-align: center;\" width=\"113\">1 Docente Interino<\/td>\n<td style=\"text-align: center;\" width=\"132\">3 Hs<\/td>\n<td style=\"text-align: center;\" width=\"178\">Anual<\/td>\n<\/tr>\n<\/tbody>\n<\/table>\n<p><em>Para ver los perfiles docentes requeridos podr\u00e1n remitirse al Dise\u00f1o Curricular vigente.<\/em><\/p>\n<ul>\n<li><strong>Profesorado de Educaci\u00f3n Secundaria en Matem\u00e1tica &#8211; Sede Lago Puelo &#8211; Res N\u00b0538\/14 <\/strong><\/li>\n<\/ul>\n<p><strong>3er a\u00f1o \u2013 2do llamado<\/strong><\/p>\n<table>\n<tbody>\n<tr>\n<td style=\"text-align: center;\" width=\"161\"><strong>Unidad Curricular<\/strong><\/td>\n<td style=\"text-align: center;\" width=\"113\"><strong>Docentes<\/strong><\/td>\n<td style=\"text-align: center;\" width=\"133\"><strong>Cantidad de horas<\/strong><\/td>\n<td style=\"text-align: center;\" width=\"178\"><strong>Anual o Cuatrimestral<\/strong><\/td>\n<\/tr>\n<tr>\n<td style=\"text-align: center;\" width=\"161\">Probabilidad y Estad\u00edstica<\/td>\n<td style=\"text-align: center;\" width=\"113\">1 Docente<\/p>\n<p>Suplente Larga Duraci\u00f3n<\/td>\n<td style=\"text-align: center;\" width=\"133\">3 Hs<\/td>\n<td style=\"text-align: center;\" width=\"178\">Anual<\/td>\n<\/tr>\n<\/tbody>\n<\/table>\n<p><em>Para ver los perfiles docentes requeridos podr\u00e1n remitirse al Dise\u00f1o Curricular vigente<\/em><\/p>\n<ul>\n<li><strong>Profesorado de Educaci\u00f3n Secundaria en Matem\u00e1tica &#8211; Sede Lago Puelo &#8211; Res N\u00b0538\/14 \u2013 <\/strong><\/li>\n<\/ul>\n<p><strong>4to a\u00f1o \u2013 2do llamado<\/strong><\/p>\n<table>\n<tbody>\n<tr>\n<td style=\"text-align: center;\" width=\"161\"><strong>Unidad Curricular<\/strong><\/td>\n<td style=\"text-align: center;\" colspan=\"2\" width=\"113\"><strong>Docentes<\/strong><\/td>\n<td style=\"text-align: center;\" width=\"133\"><strong>Cantidad de horas<\/strong><\/td>\n<td style=\"text-align: center;\" width=\"178\"><strong>Anual o Cuatrimestral<\/strong><\/td>\n<\/tr>\n<tr>\n<td style=\"text-align: center;\" width=\"161\">Topolog\u00eda<\/td>\n<td style=\"text-align: center;\" colspan=\"2\" width=\"113\">1 Docente Suplente Larga Duraci\u00f3n<\/td>\n<td style=\"text-align: center;\" width=\"133\">3 Hs<\/td>\n<td style=\"text-align: center;\" width=\"178\">Anual<\/td>\n<\/tr>\n<tr>\n<td width=\"161\"><\/td>\n<td width=\"113\"><\/td>\n<td width=\"0\"><\/td>\n<td width=\"133\"><\/td>\n<td width=\"178\"><\/td>\n<\/tr>\n<tr>\n<td width=\"161\"><\/td>\n<td width=\"113\"><\/td>\n<td width=\"0\"><\/td>\n<td width=\"133\"><\/td>\n<td width=\"178\"><\/td>\n<\/tr>\n<\/tbody>\n<\/table>\n<p><em>Para ver los perfiles docentes requeridos podr\u00e1n remitirse al Dise\u00f1o Curricular vigente-<\/em><\/p>\n<ul>\n<li><strong>Profesorado de Educaci\u00f3n Inicial &#8211; Anexo Epuy\u00e9n\u2013 Res N\u00b0 309\/14<\/strong><\/li>\n<\/ul>\n<p><strong>4to a\u00f1o \u2013 2do llamado<\/strong><\/p>\n<table>\n<tbody>\n<tr>\n<td style=\"text-align: center;\" width=\"158\"><strong>Unidad Curricular<\/strong><\/td>\n<td style=\"text-align: center;\" width=\"114\"><strong>Docentes<\/strong><\/td>\n<td style=\"text-align: center;\" width=\"135\"><strong>Cantidad de horas<\/strong><\/td>\n<td style=\"text-align: center;\" width=\"176\"><strong>Anual o Cuatrimestral<\/strong><\/td>\n<\/tr>\n<tr>\n<td style=\"text-align: center;\" width=\"158\">Sistematizaci\u00f3n de Experiencias Pedag\u00f3gicas<\/td>\n<td style=\"text-align: center;\" width=\"114\">2 Docentes Interinos<\/td>\n<td style=\"text-align: center;\" width=\"135\">3 Hs<\/td>\n<td style=\"text-align: center;\" width=\"176\">\u00a0Anual<\/td>\n<\/tr>\n<\/tbody>\n<\/table>\n<p><em>Para ver los perfiles docentes requeridos podr\u00e1n remitirse al Dise\u00f1o Curricular vigente-<\/em><\/p>\n<ul>\n<li><strong>Profesorado de Educaci\u00f3n Inicial &#8211; Anexo Epuy\u00e9n\u2013 Res N\u00b0 309\/14<\/strong><\/li>\n<\/ul>\n<p><strong>4to a\u00f1o \u2013 3er llamado<\/strong><\/p>\n<table>\n<tbody>\n<tr>\n<td style=\"text-align: center;\" width=\"158\"><strong>Unidad Curricular\u00a0<\/strong><\/td>\n<td style=\"text-align: center;\" width=\"114\"><strong>\u00a0Docentes<\/strong><\/td>\n<td style=\"text-align: center;\" width=\"135\"><strong>\u00a0Cantidad de horas<\/strong><\/td>\n<td style=\"text-align: center;\" width=\"176\"><strong>Anual o Cuatrimestral<\/strong><\/td>\n<\/tr>\n<tr>\n<td style=\"text-align: center;\" width=\"158\">Pr\u00e1ctica Profesional Docente IV y Residencia<\/td>\n<td style=\"text-align: center;\" width=\"114\">3 Docentes Interinos<\/td>\n<td style=\"text-align: center;\" width=\"135\">\u00a012 Hs<\/td>\n<td style=\"text-align: center;\" width=\"176\">\u00a0Anual<\/td>\n<\/tr>\n<\/tbody>\n<\/table>\n<p><em>Para ver los perfiles docentes requeridos podr\u00e1n remitirse al Dise\u00f1o Curricular vigente-\u00a0<\/em><\/p>\n<ul>\n<li><strong>Profesorado de Educaci\u00f3n Secundaria en F\u00edsica &#8211; Res N\u00b0 305\/14<\/strong><\/li>\n<\/ul>\n<p><strong>4to a\u00f1o \u2013 1er llamado<\/strong><\/p>\n<table>\n<tbody>\n<tr>\n<td style=\"text-align: center;\" width=\"134\"><strong>Unidad Curricular\u00a0<\/strong><\/td>\n<td style=\"text-align: center;\" width=\"131\"><strong>\u00a0Docentes<\/strong><\/td>\n<td style=\"text-align: center;\" width=\"151\"><strong>\u00a0Cantidad de horas<\/strong><\/td>\n<td style=\"text-align: center;\" width=\"180\"><strong>Anual o Cuatrimestral<\/strong><\/td>\n<\/tr>\n<tr>\n<td style=\"text-align: center;\" width=\"134\">Laboratorio de Ense\u00f1anza de la F\u00edsica (Taller)<\/td>\n<td style=\"text-align: center;\" width=\"131\">1 Docente<\/p>\n<p>Interino<\/td>\n<td style=\"text-align: center;\" width=\"151\">4 Hs<\/p>\n<p>Horario Mi\u00e9rcoles de 20.15 a 22.00<\/td>\n<td style=\"text-align: center;\" width=\"180\">Anual<\/td>\n<\/tr>\n<\/tbody>\n<\/table>\n<p><em>Para ver los perfiles docentes requeridos podr\u00e1n remitirse al Dise\u00f1o Curricular vigente<\/em><\/p>\n<p>&nbsp;<\/p>\n<ul>\n<li><strong>Profesorado de Educaci\u00f3n Primaria &#8211; Extensi\u00f3n \u00c1ulica el Hoyo &#8211; Res N\u00b0 302\/14<\/strong><\/li>\n<\/ul>\n<p><strong>2do a\u00f1o \u2013 2do llamado<\/strong><\/p>\n<table>\n<tbody>\n<tr>\n<td style=\"text-align: center;\" width=\"134\"><strong>Unidad Curricular\u00a0<\/strong><\/td>\n<td style=\"text-align: center;\" width=\"131\"><strong>\u00a0Docentes<\/strong><\/td>\n<td style=\"text-align: center;\" width=\"151\"><strong>\u00a0Cantidad de horas<\/strong><\/td>\n<td style=\"text-align: center;\" width=\"180\"><strong>Anual o Cuatrimestral<\/strong><\/td>\n<\/tr>\n<tr>\n<td style=\"text-align: center;\" width=\"134\">Filosof\u00eda de la Educaci\u00f3n<\/td>\n<td style=\"text-align: center;\" width=\"131\">1\u00a0Docente<\/p>\n<p>Interino<\/td>\n<td style=\"text-align: center;\" width=\"151\">3 Hs<\/td>\n<td style=\"text-align: center;\" width=\"180\">Anual<\/td>\n<\/tr>\n<\/tbody>\n<\/table>\n<p><em>Para ver los perfiles docentes requeridos podr\u00e1n remitirse al Dise\u00f1o Curricular vigente<\/em><\/p>\n<p><strong>Las bases y el detalle de los mismos est\u00e1n disponibles en la p\u00e1gina web:<\/strong>\u00a0<a href=\"http:\/\/ies813pabloluppi.chu.infd.edu.ar\/\">http:\/\/ies813pabloluppi.chu.infd.edu.ar<\/a><strong>\u00a0 Consultas:\u00a0<\/strong><a href=\"mailto:concursosisfd813@gmail.com#_blank\">concursosisfd813@gmail.com<\/a>\u00a0.<\/p>\n<p><strong>Fecha l\u00edmite para la presentaci\u00f3n de antecedentes y proyecto el MIERCOLES 11 de MARZO hasta las 19 horas.<\/strong><\/p>\n","protected":false},"excerpt":{"rendered":"<p>Lago Puelo, 6 de marzo de 2020\u00a0 Llamados a Concurso 2020 &nbsp; El Instituto de Educaci\u00f3n Superior Nro. 813 \u201cProf. Pablo Luppi\u201d llama a concurso para los siguientes espacios curriculares: &nbsp; Profesorado de Educaci\u00f3n Secundaria en Biolog\u00eda &#8211; Anexo Epuy\u00e9n Res N\u00b0307\/14 4to a\u00f1o \u2013 2do llamado Unidad Curricular Docentes Cantidad de horas\u00a0 Anual o &#8230; <a title=\"Llamados a Concurso 2020\u00a0 &#8211; Lago Puelo, 6 de marzo de 2020\" class=\"read-more\" href=\"https:\/\/ies813pabloluppi-chu.infd.edu.ar\/sitio\/llamados-a-concurso-2020-lago-puelo-6-de-marzo-de-2020\/\" aria-label=\"More on Llamados a Concurso 2020\u00a0 &#8211; Lago Puelo, 6 de marzo de 2020\">[+]<\/a><\/p>\n","protected":false},"author":36,"featured_media":0,"comment_status":"open","ping_status":"open","sticky":false,"template":"","format":"standard","meta":[],"categories":[14],"tags":[28],"acf":[],"_links":{"self":[{"href":"https:\/\/ies813pabloluppi-chu.infd.edu.ar\/sitio\/wp-json\/wp\/v2\/posts\/3889"}],"collection":[{"href":"https:\/\/ies813pabloluppi-chu.infd.edu.ar\/sitio\/wp-json\/wp\/v2\/posts"}],"about":[{"href":"https:\/\/ies813pabloluppi-chu.infd.edu.ar\/sitio\/wp-json\/wp\/v2\/types\/post"}],"author":[{"embeddable":true,"href":"https:\/\/ies813pabloluppi-chu.infd.edu.ar\/sitio\/wp-json\/wp\/v2\/users\/36"}],"replies":[{"embeddable":true,"href":"https:\/\/ies813pabloluppi-chu.infd.edu.ar\/sitio\/wp-json\/wp\/v2\/comments?post=3889"}],"version-history":[{"count":3,"href":"https:\/\/ies813pabloluppi-chu.infd.edu.ar\/sitio\/wp-json\/wp\/v2\/posts\/3889\/revisions"}],"predecessor-version":[{"id":3892,"href":"https:\/\/ies813pabloluppi-chu.infd.edu.ar\/sitio\/wp-json\/wp\/v2\/posts\/3889\/revisions\/3892"}],"wp:attachment":[{"href":"https:\/\/ies813pabloluppi-chu.infd.edu.ar\/sitio\/wp-json\/wp\/v2\/media?parent=3889"}],"wp:term":[{"taxonomy":"category","embeddable":true,"href":"https:\/\/ies813pabloluppi-chu.infd.edu.ar\/sitio\/wp-json\/wp\/v2\/categories?post=3889"},{"taxonomy":"post_tag","embeddable":true,"href":"https:\/\/ies813pabloluppi-chu.infd.edu.ar\/sitio\/wp-json\/wp\/v2\/tags?post=3889"}],"curies":[{"name":"wp","href":"https:\/\/api.w.org\/{rel}","templated":true}]}}