{"id":3901,"date":"2020-03-18T10:45:47","date_gmt":"2020-03-18T13:45:47","guid":{"rendered":"https:\/\/ies813pabloluppi-chu.infd.edu.ar\/sitio\/?p=3901"},"modified":"2020-03-18T10:49:25","modified_gmt":"2020-03-18T13:49:25","slug":"llamados-a-concurso-2020-lago-puelo-17-de-marzo-de-2020","status":"publish","type":"post","link":"https:\/\/ies813pabloluppi-chu.infd.edu.ar\/sitio\/llamados-a-concurso-2020-lago-puelo-17-de-marzo-de-2020\/","title":{"rendered":"Llamados a Concurso 2020 &#8211; \u00a0Lago Puelo,\u00a017 de marzo de 2020"},"content":{"rendered":"<p style=\"font-weight: 400; text-align: right;\"><strong>\u00a0<\/strong>Lago Puelo,\u00a017 de marzo de 2020<strong>\u00a0<\/strong><\/p>\n<p style=\"font-weight: 400;\"><strong><u>\u00a0<\/u><\/strong><strong><u>Llamados a Concurso 2020<\/u><\/strong><\/p>\n<p style=\"font-weight: 400;\"><strong>El Instituto de Educaci\u00f3n Superior Nro. 813 \u201cProf. Pablo Luppi\u201d llama a concurso para los siguientes espacios curriculares:<\/strong><\/p>\n<ul>\n<li style=\"font-weight: 400;\"><strong>Profesorado de Educaci\u00f3n Secundaria\u00a0en\u00a0Historia\u00a0\u2013 Anexo Cholila\u00a0Res\u00a0N\u00b0304\/14<\/strong><\/li>\n<\/ul>\n<p style=\"font-weight: 400;\"><strong>4to a\u00f1o\u00a0\u2013\u00a04to\u00a0llamado\u00a0(CV y Programa Anal\u00edtico)<\/strong><\/p>\n<table style=\"font-weight: 400; height: 120px;\" width=\"1331\">\n<tbody>\n<tr>\n<td width=\"165\">\n<p style=\"text-align: center;\"><strong>Unidad Curricular<\/strong><\/p>\n<\/td>\n<td style=\"text-align: center;\" width=\"116\"><strong>Docentes<\/strong><\/td>\n<td style=\"text-align: center;\" width=\"136\"><strong>Cantidad de horas\u00a0<\/strong><\/td>\n<td style=\"text-align: center;\" width=\"182\"><strong>Anual o Cuatrimestral<\/strong><\/td>\n<\/tr>\n<tr>\n<td style=\"text-align: center;\" width=\"165\">Pr\u00e1ctica Profesional Docente IV y Residencia<\/td>\n<td style=\"text-align: center;\" width=\"116\">2 Docentes Interinos<\/td>\n<td style=\"text-align: center;\" width=\"136\">10 Hs<\/td>\n<td width=\"182\">\n<p style=\"text-align: center;\">Anual<\/p>\n<\/td>\n<\/tr>\n<\/tbody>\n<\/table>\n<p style=\"font-weight: 400;\"><em>Para ver los perfiles docentes requeridos podr\u00e1n remitirse al Dise\u00f1o Curricular vigente<\/em><em>\u00a0<\/em><\/p>\n<p>&nbsp;<\/p>\n<ul>\n<li style=\"font-weight: 400;\"><strong>Tecnicatura Superior Entrenamiento Deportivo &#8211; Anexo Epuy\u00e9n Res N\u00b090\/15<\/strong><\/li>\n<\/ul>\n<p style=\"font-weight: 400;\"><strong>2do A\u00f1o \u2013 4to Llamado (CV y Programa Anal\u00edtico)<\/strong><\/p>\n<table style=\"font-weight: 400;\">\n<tbody>\n<tr>\n<td width=\"161\">\n<p style=\"text-align: center;\">\u00a0<strong>Unidad Curricular<\/strong><\/p>\n<\/td>\n<td style=\"text-align: center;\" width=\"113\"><strong>Docentes<\/strong><\/td>\n<td style=\"text-align: center;\" width=\"132\"><strong>Cantidad de horas<\/strong><\/td>\n<td style=\"text-align: center;\" width=\"178\"><strong>Anual o Cuatrimestral<\/strong><\/td>\n<\/tr>\n<tr>\n<td width=\"161\">\n<p style=\"text-align: center;\">Biomec\u00e1nica (2)<\/p>\n<\/td>\n<td style=\"text-align: center;\" width=\"113\">1 Docente Interino<\/td>\n<td style=\"text-align: center;\" width=\"132\">4 Hs<\/td>\n<td width=\"178\">\n<p style=\"text-align: center;\">Cuatrimestral<\/p>\n<\/td>\n<\/tr>\n<tr>\n<td style=\"text-align: center;\" width=\"161\">Entrenamiento II (4)<\/td>\n<td style=\"text-align: center;\" width=\"113\">\u00a01 Docente Interino<\/td>\n<td style=\"text-align: center;\" width=\"132\">4 Hs<\/td>\n<td width=\"178\">\n<p style=\"text-align: center;\">Anual<\/p>\n<\/td>\n<\/tr>\n<\/tbody>\n<\/table>\n<p style=\"font-weight: 400;\"><em>*Horarios presenciales, el resto de la carga horaria se cumplimentar\u00e1 de manera virtual y\/o aplicada a salidas de campo.<\/em><\/p>\n<ul>\n<li style=\"font-weight: 400;\"><em>Perfiles docentes requeridos: (1) M\u00e9dico Generalista; (2) Kinesi\u00f3logo\/ Fisiatra con especializaci\u00f3n en deporte; (3) Prof. de Ed. F\u00edsica; (4) Prof. de Ed. F\u00edsica con experiencia en entrenamiento deportivo (5) Tec. Sup. En Entrenamiento Deportivo \/ Prof. de Ed. F\u00edsica con experiencia en \u00e1mbitos no formales u oficiales de la educaci\u00f3n.<\/em><\/li>\n<\/ul>\n<ul>\n<li style=\"font-weight: 400;\"><strong>Tecnicatura Superior en Tiempo Libre y Recreaci\u00f3n &#8211; Anexo Epuy\u00e9n Res N\u00b0 177\/16<\/strong><\/li>\n<\/ul>\n<p style=\"font-weight: 400;\"><strong>3er a\u00f1o \u2013 3er Llamado<\/strong><\/p>\n<table style=\"font-weight: 400;\">\n<tbody>\n<tr>\n<td width=\"161\">\n<p style=\"text-align: center;\"><strong>Unidad Curricular<\/strong><\/p>\n<\/td>\n<td style=\"text-align: center;\" width=\"113\"><strong>Docentes<\/strong><\/td>\n<td style=\"text-align: center;\" width=\"132\"><strong>Cantidad de horas<\/strong><\/td>\n<td style=\"text-align: center;\" width=\"178\"><strong>Anual o Cuatrimestral<\/strong><\/td>\n<\/tr>\n<tr>\n<td style=\"text-align: center;\" width=\"161\">Recreaci\u00f3n<\/td>\n<td style=\"text-align: center;\" width=\"113\">1 Docente Interino<\/td>\n<td style=\"text-align: center;\" width=\"132\">4 Hs<\/td>\n<td width=\"178\">\n<p style=\"text-align: center;\">Cuatrimestral<\/p>\n<\/td>\n<\/tr>\n<\/tbody>\n<\/table>\n<p style=\"font-weight: 400;\"><em>Para ver los perfiles docentes requeridos podr\u00e1n remitirse al Dise\u00f1o Curricular vigente.<\/em><\/p>\n<p>&nbsp;<\/p>\n<ul>\n<li style=\"font-weight: 400;\"><strong>Tecnicatura Superior en Tiempo Libre y Recreaci\u00f3n &#8211; Anexo Epuy\u00e9n Res N\u00b0 177\/16<\/strong><\/li>\n<\/ul>\n<p style=\"font-weight: 400;\"><strong>3er a\u00f1o \u2013 4to Llamado (CV y Programa Anal\u00edtico)<\/strong><\/p>\n<table style=\"font-weight: 400;\">\n<tbody>\n<tr>\n<td width=\"161\">\n<p style=\"text-align: center;\"><strong>Unidad Curricular<\/strong><\/p>\n<\/td>\n<td style=\"text-align: center;\" width=\"113\"><strong>Docentes<\/strong><\/td>\n<td style=\"text-align: center;\" width=\"132\"><strong>Cantidad de horas<\/strong><\/td>\n<td style=\"text-align: center;\" width=\"178\"><strong>Anual o Cuatrimestral<\/strong><\/td>\n<\/tr>\n<tr>\n<td style=\"text-align: center;\" width=\"161\">Deporte Social y Adaptado<\/td>\n<td style=\"text-align: center;\" width=\"113\">1 Docente Interino<\/td>\n<td style=\"text-align: center;\" width=\"132\">3 Hs<\/td>\n<td width=\"178\">\n<p style=\"text-align: center;\">Anual<\/p>\n<\/td>\n<\/tr>\n<\/tbody>\n<\/table>\n<p style=\"font-weight: 400;\"><em>Para ver los perfiles docentes requeridos podr\u00e1n remitirse al Dise\u00f1o Curricular vigente.<\/em><\/p>\n<p>&nbsp;<\/p>\n<ul>\n<li style=\"font-weight: 400;\"><strong>Profesorado de Educaci\u00f3n Inicial &#8211; Anexo Epuy\u00e9n\u2013 Res N\u00b0 309\/14<\/strong><\/li>\n<\/ul>\n<p style=\"font-weight: 400;\"><strong>4to a\u00f1o \u2013 1er llamado<\/strong><\/p>\n<table style=\"font-weight: 400;\">\n<tbody>\n<tr>\n<td width=\"158\">\n<p style=\"text-align: center;\"><strong>Unidad Curricular<\/strong><\/p>\n<\/td>\n<td style=\"text-align: center;\" width=\"114\"><strong>Docentes<\/strong><\/td>\n<td style=\"text-align: center;\" width=\"135\"><strong>Cantidad de horas<\/strong><\/td>\n<td style=\"text-align: center;\" width=\"176\"><strong>Anual o Cuatrimestral<\/strong><\/td>\n<\/tr>\n<tr>\n<td style=\"text-align: center;\" width=\"158\">UDI: Seminario de Administraci\u00f3n y Legislaci\u00f3n Escolar<\/td>\n<td style=\"text-align: center;\" width=\"114\">1 Docente (ver bases)<\/td>\n<td style=\"text-align: center;\" width=\"135\">3 Hs<\/td>\n<td width=\"176\">\n<p style=\"text-align: center;\">Cuatrimestral<\/p>\n<\/td>\n<\/tr>\n<\/tbody>\n<\/table>\n<p style=\"font-weight: 400;\"><em>Para ver los perfiles docentes requeridos podr\u00e1n remitirse al Dise\u00f1o Curricular vigente-<\/em><\/p>\n<p>&nbsp;<\/p>\n<ul>\n<li style=\"font-weight: 400;\"><strong>Profesorado de Educaci\u00f3n Inicial &#8211; Anexo Epuy\u00e9n\u2013 Res N\u00b0 309\/14<\/strong><\/li>\n<\/ul>\n<p style=\"font-weight: 400;\"><strong>4to a\u00f1o \u2013 4to llamado (CV y Programa Anal\u00edtico)<\/strong><\/p>\n<table style=\"font-weight: 400;\">\n<tbody>\n<tr>\n<td width=\"158\">\n<p style=\"text-align: center;\"><strong>Unidad Curricular\u00a0<\/strong><\/p>\n<\/td>\n<td style=\"text-align: center;\" width=\"114\"><strong>\u00a0Docentes<\/strong><\/td>\n<td style=\"text-align: center;\" width=\"135\"><strong>\u00a0Cantidad de horas<\/strong><\/td>\n<td style=\"text-align: center;\" width=\"176\"><strong>Anual o Cuatrimestral<\/strong><\/td>\n<\/tr>\n<tr>\n<td style=\"text-align: center;\" width=\"158\">Pr\u00e1ctica Profesional Docente IV y Residencia<\/td>\n<td style=\"text-align: center;\" width=\"114\">3 Docentes Interinos<\/td>\n<td style=\"text-align: center;\" width=\"135\">\u00a012 Hs<\/td>\n<td width=\"176\">\n<p style=\"text-align: center;\">\u00a0Anual<\/p>\n<\/td>\n<\/tr>\n<\/tbody>\n<\/table>\n<p style=\"font-weight: 400;\"><em>Para ver los perfiles docentes requeridos podr\u00e1n remitirse al Dise\u00f1o Curricular vigente-\u00a0<\/em><\/p>\n<p style=\"font-weight: 400;\"><em>\u00a0<\/em><\/p>\n<ul>\n<li style=\"font-weight: 400;\"><strong>Profesorado de Educaci\u00f3n Secundaria en F\u00edsica &#8211; Res N\u00b0 305\/14<\/strong><\/li>\n<\/ul>\n<p style=\"font-weight: 400;\"><strong>2do a\u00f1o \u2013 1er llamado<\/strong><\/p>\n<table style=\"font-weight: 400;\">\n<tbody>\n<tr>\n<td width=\"134\">\n<p style=\"text-align: center;\"><strong>Unidad Curricular\u00a0<\/strong><\/p>\n<\/td>\n<td style=\"text-align: center;\" width=\"131\"><strong>\u00a0Docentes<\/strong><\/td>\n<td style=\"text-align: center;\" width=\"151\"><strong>\u00a0Cantidad de horas<\/strong><\/td>\n<td style=\"text-align: center;\" width=\"180\"><strong>Anual o Cuatrimestral<\/strong><\/td>\n<\/tr>\n<tr>\n<td style=\"text-align: center;\" width=\"134\">Termodin\u00e1mica<\/td>\n<td style=\"text-align: center;\" width=\"131\">1 Docente Interino<\/td>\n<td style=\"text-align: center;\" width=\"151\">4 Hs Horario: Lunes de 20:15 a 20:50 y Mi\u00e9rcoles de 8:20 a 20:05<\/td>\n<td width=\"180\">\n<p style=\"text-align: center;\">Anual<\/p>\n<\/td>\n<\/tr>\n<\/tbody>\n<\/table>\n<p style=\"font-weight: 400;\"><em>Para ver los perfiles docentes requeridos podr\u00e1n remitirse al Dise\u00f1o Curricular vigente<\/em><\/p>\n<p style=\"font-weight: 400;\"><em>\u00a0<\/em><\/p>\n<ul>\n<li style=\"font-weight: 400;\"><strong>Profesorado de Educaci\u00f3n Secundaria en F\u00edsica &#8211; Res N\u00b0 305\/14<\/strong><\/li>\n<\/ul>\n<p style=\"font-weight: 400;\"><strong>4to a\u00f1o \u2013 1er llamado<\/strong><\/p>\n<table style=\"font-weight: 400;\">\n<tbody>\n<tr>\n<td width=\"134\">\n<p style=\"text-align: center;\"><strong>Unidad Curricular\u00a0<\/strong><\/p>\n<\/td>\n<td style=\"text-align: center;\" width=\"131\"><strong>\u00a0Docentes<\/strong><\/td>\n<td style=\"text-align: center;\" width=\"151\"><strong>\u00a0Cantidad de horas<\/strong><\/td>\n<td style=\"text-align: center;\" width=\"180\"><strong>Anual o Cuatrimestral<\/strong><\/td>\n<\/tr>\n<tr>\n<td style=\"text-align: center;\" width=\"134\">Contexto Socio Hist\u00f3rico de la F\u00edsica<\/td>\n<td style=\"text-align: center;\" width=\"131\">1 Docente<\/p>\n<p>Interino<\/td>\n<td style=\"text-align: center;\" width=\"151\">3 Hs<\/p>\n<p>Horario: Jueves de 19:30 a 20:50<\/td>\n<td width=\"180\">\n<p style=\"text-align: center;\">Anual<\/p>\n<\/td>\n<\/tr>\n<\/tbody>\n<\/table>\n<p style=\"font-weight: 400;\"><em>Para ver los perfiles docentes requeridos podr\u00e1n remitirse al Dise\u00f1o Curricular vigente<\/em><\/p>\n<p style=\"font-weight: 400;\"><a href=\"https:\/\/ies813pabloluppi-chu.infd.edu.ar\/sitio\/llamados-a-concurso\/\" target=\"_blank\" rel=\"noopener\"><strong>Bases y el detalle de los mismos <\/strong><\/a><\/p>\n<p style=\"font-weight: 400;\"><strong>Fecha l\u00edmite para la presentaci\u00f3n de antecedentes y proyecto ( formato digital) \u00a0el Mi\u00e9rcoles \u00a025 de Marzo hasta las 19 horas.<\/strong><\/p>\n<p><strong>\u00a0<\/strong><\/p>\n","protected":false},"excerpt":{"rendered":"<p>\u00a0Lago Puelo,\u00a017 de marzo de 2020\u00a0 \u00a0Llamados a Concurso 2020 El Instituto de Educaci\u00f3n Superior Nro. 813 \u201cProf. Pablo Luppi\u201d llama a concurso para los siguientes espacios curriculares: Profesorado de Educaci\u00f3n Secundaria\u00a0en\u00a0Historia\u00a0\u2013 Anexo Cholila\u00a0Res\u00a0N\u00b0304\/14 4to a\u00f1o\u00a0\u2013\u00a04to\u00a0llamado\u00a0(CV y Programa Anal\u00edtico) Unidad Curricular Docentes Cantidad de horas\u00a0 Anual o Cuatrimestral Pr\u00e1ctica Profesional Docente IV y Residencia 2 &#8230; <a title=\"Llamados a Concurso 2020 &#8211; \u00a0Lago Puelo,\u00a017 de marzo de 2020\" class=\"read-more\" href=\"https:\/\/ies813pabloluppi-chu.infd.edu.ar\/sitio\/llamados-a-concurso-2020-lago-puelo-17-de-marzo-de-2020\/\" aria-label=\"More on Llamados a Concurso 2020 &#8211; \u00a0Lago Puelo,\u00a017 de marzo de 2020\">[+]<\/a><\/p>\n","protected":false},"author":935,"featured_media":0,"comment_status":"closed","ping_status":"closed","sticky":false,"template":"","format":"standard","meta":[],"categories":[14],"tags":[],"acf":[],"_links":{"self":[{"href":"https:\/\/ies813pabloluppi-chu.infd.edu.ar\/sitio\/wp-json\/wp\/v2\/posts\/3901"}],"collection":[{"href":"https:\/\/ies813pabloluppi-chu.infd.edu.ar\/sitio\/wp-json\/wp\/v2\/posts"}],"about":[{"href":"https:\/\/ies813pabloluppi-chu.infd.edu.ar\/sitio\/wp-json\/wp\/v2\/types\/post"}],"author":[{"embeddable":true,"href":"https:\/\/ies813pabloluppi-chu.infd.edu.ar\/sitio\/wp-json\/wp\/v2\/users\/935"}],"replies":[{"embeddable":true,"href":"https:\/\/ies813pabloluppi-chu.infd.edu.ar\/sitio\/wp-json\/wp\/v2\/comments?post=3901"}],"version-history":[{"count":2,"href":"https:\/\/ies813pabloluppi-chu.infd.edu.ar\/sitio\/wp-json\/wp\/v2\/posts\/3901\/revisions"}],"predecessor-version":[{"id":3904,"href":"https:\/\/ies813pabloluppi-chu.infd.edu.ar\/sitio\/wp-json\/wp\/v2\/posts\/3901\/revisions\/3904"}],"wp:attachment":[{"href":"https:\/\/ies813pabloluppi-chu.infd.edu.ar\/sitio\/wp-json\/wp\/v2\/media?parent=3901"}],"wp:term":[{"taxonomy":"category","embeddable":true,"href":"https:\/\/ies813pabloluppi-chu.infd.edu.ar\/sitio\/wp-json\/wp\/v2\/categories?post=3901"},{"taxonomy":"post_tag","embeddable":true,"href":"https:\/\/ies813pabloluppi-chu.infd.edu.ar\/sitio\/wp-json\/wp\/v2\/tags?post=3901"}],"curies":[{"name":"wp","href":"https:\/\/api.w.org\/{rel}","templated":true}]}}