{"id":4250,"date":"2021-02-25T09:50:37","date_gmt":"2021-02-25T12:50:37","guid":{"rendered":"https:\/\/ies813pabloluppi-chu.infd.edu.ar\/sitio\/?p=4250"},"modified":"2021-02-25T09:53:01","modified_gmt":"2021-02-25T12:53:01","slug":"4250-2","status":"publish","type":"post","link":"https:\/\/ies813pabloluppi-chu.infd.edu.ar\/sitio\/4250-2\/","title":{"rendered":"Llamados a Concurso 2021- 24 de febrero de 2021"},"content":{"rendered":"<p style=\"font-weight: 400; text-align: right;\">Lago Puelo, 24 de febrero de 2021<strong>\u00a0<\/strong><\/p>\n<p style=\"font-weight: 400;\"><strong>\u00a0<\/strong><\/p>\n<p style=\"font-weight: 400;\"><strong><u>Llamados a Concurso 2021<\/u><\/strong><\/p>\n<p style=\"font-weight: 400;\"><strong>El Instituto de Educaci\u00f3n Superior Nro. 813 \u201cProf. Pablo Luppi\u201d llama a concurso para los siguientes espacios curriculares:<\/strong><\/p>\n<ul>\n<li style=\"font-weight: 400;\"><strong>Prof. de Educaci\u00f3n Primaria\u00a0\u2013 Aula Extendida El Hoyo\u00a0Res\u00a0N\u00b0310\/14<\/strong><\/li>\n<\/ul>\n<p style=\"font-weight: 400;\"><strong>4to a\u00f1o\u00a0\u2013\u00a01er llamado\u00a0\u00a0<\/strong><\/p>\n<table style=\"font-weight: 400;\">\n<tbody>\n<tr>\n<td width=\"165\">\n<p style=\"text-align: center;\"><strong>Unidad Curricular<\/strong><\/p>\n<\/td>\n<td style=\"text-align: center;\" width=\"116\"><strong>Docentes<\/strong><\/td>\n<td style=\"text-align: center;\" width=\"136\"><strong>Cantidad de horas\u00a0<\/strong><\/td>\n<td style=\"text-align: center;\" width=\"182\"><strong>Anual o Cuatrimestral<\/strong><\/td>\n<\/tr>\n<tr>\n<td width=\"165\">\n<p style=\"text-align: center;\">Sistematizaci\u00f3n de Experiencias Pedag\u00f3gicas<\/p>\n<\/td>\n<td style=\"text-align: center;\" width=\"116\">2 Docentes Interinos en Pareja Pedag\u00f3gica<\/td>\n<td style=\"text-align: center;\" width=\"136\">3 Hs<\/td>\n<td style=\"text-align: center;\" width=\"182\">&nbsp;<\/p>\n<p>Anual<\/p>\n<p>&nbsp;<\/td>\n<\/tr>\n<tr>\n<td width=\"165\">\n<p style=\"text-align: center;\">DDHH y Ciudadan\u00eda<\/p>\n<\/td>\n<td style=\"text-align: center;\" width=\"116\">1 Docente Interino<\/td>\n<td style=\"text-align: center;\" width=\"136\">4 Hs<\/td>\n<td width=\"182\">\n<p style=\"text-align: center;\">Cuatrimestral<\/p>\n<\/td>\n<\/tr>\n<tr>\n<td style=\"text-align: center;\" width=\"165\">Lenguajes Art\u00edsticos<\/td>\n<td style=\"text-align: center;\" width=\"116\">2 Docentes Interinos en Pareja Pedag\u00f3gica<\/td>\n<td style=\"text-align: center;\" width=\"136\">3 Hs<\/td>\n<td width=\"182\">\n<p style=\"text-align: center;\">Anual<\/p>\n<\/td>\n<\/tr>\n<tr>\n<td width=\"165\">\n<p style=\"text-align: center;\">Literatura<\/p>\n<\/td>\n<td style=\"text-align: center;\" width=\"116\">1 Docente Interino<\/td>\n<td style=\"text-align: center;\" width=\"136\">5 Hs<\/td>\n<td width=\"182\">\n<p style=\"text-align: center;\">Cuatrimestral<\/p>\n<\/td>\n<\/tr>\n<tr>\n<td style=\"text-align: center;\" width=\"165\">Pr\u00e1ctica Profesional Docente IV y Residencia<\/td>\n<td style=\"text-align: center;\" width=\"116\">3 Docentes Interinos en Equipo Pedag\u00f3gico<\/td>\n<td style=\"text-align: center;\" width=\"136\">12 Hs<\/td>\n<td width=\"182\">\n<p style=\"text-align: center;\">Cuatrimestral<\/p>\n<\/td>\n<\/tr>\n<\/tbody>\n<\/table>\n<p style=\"font-weight: 400;\"><em>Para ver los perfiles docentes requeridos podr\u00e1n remitirse al Dise\u00f1o Curricular vigente.<\/em><\/p>\n<p style=\"font-weight: 400;\"><em>\u00a0<\/em><\/p>\n<ul>\n<li style=\"font-weight: 400;\"><strong>Prof. de Educaci\u00f3n Secundaria\u00a0en\u00a0Historia\u00a0\u2013 Anexo Epuy\u00e9n\u00a0Res\u00a0N\u00b0547\/19<\/strong><\/li>\n<\/ul>\n<p style=\"font-weight: 400;\"><strong>2do a\u00f1o\u00a0\u2013\u00a01er llamado<\/strong><\/p>\n<table style=\"font-weight: 400;\">\n<tbody>\n<tr>\n<td width=\"122\">\n<p style=\"text-align: center;\"><strong>Unidad Curricular<\/strong><\/p>\n<\/td>\n<td style=\"text-align: center;\" width=\"121\"><strong>Docentes<\/strong><\/td>\n<td style=\"text-align: center;\" width=\"122\"><strong>Cantidad de horas<\/strong><\/td>\n<td style=\"text-align: center;\" width=\"109\"><strong>Anual o Cuatrimestral<\/strong><\/td>\n<td style=\"text-align: center;\" width=\"126\"><strong>Horario<\/strong><\/td>\n<\/tr>\n<tr>\n<td width=\"122\">\n<p style=\"text-align: center;\">Historia y Pol\u00edtica de la Educaci\u00f3n Argentina<\/p>\n<\/td>\n<td style=\"text-align: center;\" width=\"121\">1 Docente Interino<\/td>\n<td style=\"text-align: center;\" width=\"122\">3 horas<\/td>\n<td style=\"text-align: center;\" width=\"109\">Anual<\/td>\n<td style=\"text-align: center;\" width=\"126\">Martes 18.10 a 20.10<\/td>\n<\/tr>\n<tr>\n<td width=\"122\">\n<p style=\"text-align: center;\">Educaci\u00f3n Sexual Integral<\/p>\n<\/td>\n<td style=\"text-align: center;\" width=\"121\">2 Docentes Interinos en Pareja Pedag\u00f3gica<\/td>\n<td style=\"text-align: center;\" width=\"122\">3 horas<\/td>\n<td style=\"text-align: center;\" width=\"109\">Anual<\/td>\n<td style=\"text-align: center;\" width=\"126\">Martes 20.10 a 22.05<\/td>\n<\/tr>\n<tr>\n<td width=\"122\">\n<p style=\"text-align: center;\">Educaci\u00f3n y TIC<\/p>\n<\/td>\n<td style=\"text-align: center;\" width=\"121\">1 Docente Interino<\/td>\n<td style=\"text-align: center;\" width=\"122\">3 horas<\/td>\n<td style=\"text-align: center;\" width=\"109\">Cuatrimestral<\/td>\n<td style=\"text-align: center;\" width=\"126\">Viernes 20.10 a 22.05<\/td>\n<\/tr>\n<tr>\n<td style=\"text-align: center;\" width=\"122\">Historia Argentina I<\/td>\n<td style=\"text-align: center;\" width=\"121\">1 Docente Interino<\/td>\n<td style=\"text-align: center;\" width=\"122\">5 horas<\/td>\n<td style=\"text-align: center;\" width=\"109\">Anual<\/td>\n<td width=\"126\">\n<p style=\"text-align: center;\">Mi\u00e9rcoles<\/p>\n<p style=\"text-align: center;\">18.10 a 20.10<\/p>\n<\/td>\n<\/tr>\n<tr>\n<td style=\"text-align: center;\" width=\"122\">Historia Americana II<\/td>\n<td style=\"text-align: center;\" width=\"121\">1 Docente Interino<\/td>\n<td style=\"text-align: center;\" width=\"122\">5 horas<\/td>\n<td style=\"text-align: center;\" width=\"109\">Anual<\/td>\n<td width=\"126\">\n<p style=\"text-align: center;\">Viernes 18.10 a\u00a0\u00a0\u00a0\u00a0 20.10<\/p>\n<\/td>\n<\/tr>\n<tr>\n<td style=\"text-align: center;\" width=\"122\">Historia Medieval y Moderna<\/td>\n<td style=\"text-align: center;\" width=\"121\">1 Docente Interino<\/td>\n<td style=\"text-align: center;\" width=\"122\">5 horas<\/td>\n<td style=\"text-align: center;\" width=\"109\">Anual<\/td>\n<td width=\"126\">\n<p style=\"text-align: center;\">Jueves 18.10 a 21.25<\/p>\n<\/td>\n<\/tr>\n<tr>\n<td style=\"text-align: center;\" width=\"122\">Did\u00e1ctica de las Ciencias Sociales<\/td>\n<td style=\"text-align: center;\" width=\"121\">2 Docentes Interinos en Pareja Pedag\u00f3gica<\/td>\n<td style=\"text-align: center;\" width=\"122\">3 horas<\/td>\n<td style=\"text-align: center;\" width=\"109\">Anual<\/td>\n<td width=\"126\">\n<p style=\"text-align: center;\">Lunes\u00a0 20.10 a 22.05<\/p>\n<\/td>\n<\/tr>\n<tr>\n<td width=\"122\">\n<p style=\"text-align: center;\">Sujetos del Aprendizaje<\/p>\n<\/td>\n<td style=\"text-align: center;\" width=\"121\">2 Docentes Interinos en Pareja Pedag\u00f3gica<\/td>\n<td style=\"text-align: center;\" width=\"122\">3 horas<\/td>\n<td style=\"text-align: center;\" width=\"109\">Anual<\/td>\n<td style=\"text-align: center;\" width=\"126\">Mi\u00e9rcoles 20.10 a 22.05<\/p>\n<p>&nbsp;<\/td>\n<\/tr>\n<tr>\n<td width=\"122\">\n<p style=\"text-align: center;\">Pr\u00e1ctica Profesional Docente II<\/p>\n<\/td>\n<td style=\"text-align: center;\" width=\"121\">2 Docentes Interinos en Pareja Pedag\u00f3gica<\/td>\n<td style=\"text-align: center;\" width=\"122\">6 horas<\/td>\n<td style=\"text-align: center;\" width=\"109\">Anual<\/td>\n<td style=\"text-align: center;\" width=\"126\">Lunes 18.10 a 20.10 (+ acompa\u00f1amiento a las escuelas)<\/td>\n<\/tr>\n<\/tbody>\n<\/table>\n<p style=\"font-weight: 400;\"><em>\u00a0<\/em><\/p>\n<p style=\"font-weight: 400;\"><em>Para ver los perfiles docentes requeridos podr\u00e1n remitirse al Dise\u00f1o Curricular vigente.<\/em><\/p>\n<ul>\n<li style=\"font-weight: 400;\"><strong>Prof. de Educaci\u00f3n Secundaria\u00a0en\u00a0Lengua y Literatura\u00a0\u2013 Aula Ext. El Hoyo\u00a0Res\u00a0N\u00b0536\/19<\/strong><\/li>\n<\/ul>\n<p style=\"font-weight: 400;\"><strong>2do a\u00f1o\u00a0\u2013\u00a01er llamado<\/strong><\/p>\n<table style=\"font-weight: 400;\">\n<tbody>\n<tr>\n<td width=\"165\">\n<p style=\"text-align: center;\"><strong>Unidad Curricular<\/strong><\/p>\n<\/td>\n<td style=\"text-align: center;\" width=\"116\"><strong>Docentes<\/strong><\/td>\n<td style=\"text-align: center;\" width=\"136\"><strong>Cantidad de horas\u00a0<\/strong><\/td>\n<td style=\"text-align: center;\" width=\"182\"><strong>Anual o Cuatrimestral<\/strong><\/td>\n<\/tr>\n<tr>\n<td style=\"text-align: center;\" width=\"165\">Literaturas Latinoamericanas II<\/td>\n<td style=\"text-align: center;\" width=\"116\">1 Docente Interino<\/td>\n<td style=\"text-align: center;\" width=\"136\">3 Hs<\/td>\n<td width=\"182\">\n<p style=\"text-align: center;\">Anual<\/p>\n<\/td>\n<\/tr>\n<\/tbody>\n<\/table>\n<p style=\"font-weight: 400;\"><em>Para ver los perfiles docentes requeridos podr\u00e1n remitirse al Dise\u00f1o Curricular vigente.<\/em><\/p>\n<ul>\n<li style=\"font-weight: 400;\"><strong>Prof. de Educaci\u00f3n Secundaria\u00a0en\u00a0Lengua y Literatura\u00a0\u2013 Aula Ext. El Hoyo\u00a0Res\u00a0N\u00b0302\/14<\/strong><\/li>\n<\/ul>\n<p style=\"font-weight: 400;\"><strong>3er a\u00f1o\u00a0\u2013\u00a01er llamado<\/strong><\/p>\n<table style=\"font-weight: 400;\">\n<tbody>\n<tr>\n<td width=\"165\">\n<p style=\"text-align: center;\"><strong>Unidad Curricular<\/strong><\/p>\n<\/td>\n<td style=\"text-align: center;\" width=\"116\"><strong>Docentes<\/strong><\/td>\n<td style=\"text-align: center;\" width=\"136\"><strong>Cantidad de horas\u00a0<\/strong><\/td>\n<td style=\"text-align: center;\" width=\"182\"><strong>Anual o Cuatrimestral<\/strong><\/td>\n<\/tr>\n<tr>\n<td width=\"165\">\n<p style=\"text-align: center;\">Investigaci\u00f3n Educativa<\/p>\n<\/td>\n<td style=\"text-align: center;\" width=\"116\">2 Docentes Interinos en Pareja Pedag\u00f3gica<\/td>\n<td style=\"text-align: center;\" width=\"136\">3 Hs<\/td>\n<td style=\"text-align: center;\" width=\"182\">&nbsp;<\/p>\n<p>Anual<\/p>\n<p>&nbsp;<\/td>\n<\/tr>\n<tr>\n<td width=\"165\">\n<p style=\"text-align: center;\">Sociolog\u00eda de la Educaci\u00f3n<\/p>\n<\/td>\n<td style=\"text-align: center;\" width=\"116\">1 Docente Interino<\/td>\n<td style=\"text-align: center;\" width=\"136\">4 Hs<\/td>\n<td style=\"text-align: center;\" width=\"182\">Cuatrimestral<\/td>\n<\/tr>\n<tr>\n<td width=\"165\">\n<p style=\"text-align: center;\">Literaturas Europeas<\/p>\n<\/td>\n<td style=\"text-align: center;\" width=\"116\">1 Docente Interino<\/td>\n<td style=\"text-align: center;\" width=\"136\">4 Hs<\/td>\n<td width=\"182\">\n<p style=\"text-align: center;\">Anual<\/p>\n<\/td>\n<\/tr>\n<tr>\n<td style=\"text-align: center;\" width=\"165\">Literatura Argentina II<\/td>\n<td style=\"text-align: center;\" width=\"116\">1 Docente Interino<\/td>\n<td style=\"text-align: center;\" width=\"136\">5 Hs<\/td>\n<td width=\"182\">\n<p style=\"text-align: center;\">Anual<\/p>\n<\/td>\n<\/tr>\n<tr>\n<td style=\"text-align: center;\" width=\"165\">Did\u00e1ctica de la Lengua y la Literatura II<\/td>\n<td style=\"text-align: center;\" width=\"116\">2 Docentes Interinos en Pareja Pedag\u00f3gica<\/td>\n<td style=\"text-align: center;\" width=\"136\">3 Hs<\/td>\n<td width=\"182\">\n<p style=\"text-align: center;\">Anual<\/p>\n<\/td>\n<\/tr>\n<tr>\n<td style=\"text-align: center;\" width=\"165\">Pr\u00e1ctica Profesional Docente III<\/td>\n<td style=\"text-align: center;\" width=\"116\">2 Docentes Interinos en Pareja Pedag\u00f3gica<\/td>\n<td style=\"text-align: center;\" width=\"136\">8 Hs<\/td>\n<td width=\"182\">\n<p style=\"text-align: center;\">Anual<\/p>\n<\/td>\n<\/tr>\n<\/tbody>\n<\/table>\n<p style=\"font-weight: 400;\"><em>Para ver los perfiles docentes requeridos podr\u00e1n remitirse al Dise\u00f1o Curricular vigente.<\/em><\/p>\n<ul>\n<li style=\"font-weight: 400;\"><strong>Tecnicatura Superior en Entrenamiento Deportivo\u00a0\u2013 Anexo Epuy\u00e9n\u00a0Res\u00a0N\u00b090\/15<\/strong><\/li>\n<\/ul>\n<p style=\"font-weight: 400;\"><strong>3\u00ba a\u00f1o\u00a0\u2013\u00a01\u00ba llamado<\/strong><\/p>\n<table style=\"font-weight: 400;\">\n<tbody>\n<tr>\n<td width=\"184\">\n<p style=\"text-align: center;\"><strong>Unidad\u00a0Curricular<\/strong><\/p>\n<\/td>\n<td style=\"text-align: center;\" width=\"116\"><strong>Docentes<\/strong><\/td>\n<td style=\"text-align: center;\" width=\"135\"><strong>Cantidad de horas\u00a0<\/strong><\/td>\n<td style=\"text-align: center;\" width=\"181\"><strong>Anual o Cuatrimestral<\/strong><\/td>\n<\/tr>\n<tr>\n<td width=\"184\">\n<p style=\"text-align: center;\">(1)\u00a0\u00a0\u00a0\u00a0\u00a0Elaboraci\u00f3n y desarrollo de proyectos en contexto<\/p>\n<\/td>\n<td style=\"text-align: center;\" width=\"116\">1 Docente Interino<\/td>\n<td style=\"text-align: center;\" width=\"135\">4 hs<\/td>\n<td style=\"text-align: center;\" width=\"181\">&nbsp;<\/p>\n<p>Cuatrimestral<\/p>\n<p>&nbsp;<\/td>\n<\/tr>\n<tr>\n<td width=\"184\">\n<p style=\"text-align: center;\">(2)\u00a0\u00a0\u00a0\u00a0\u00a0Lesiones\u00a0y Primeros Auxilios<\/p>\n<\/td>\n<td style=\"text-align: center;\" width=\"116\">1 Docente Interino<\/td>\n<td style=\"text-align: center;\" width=\"135\">3 hs<\/td>\n<td style=\"text-align: center;\" width=\"181\">Cuatrimestral<\/td>\n<\/tr>\n<tr>\n<td style=\"text-align: center;\" width=\"184\">(3)\u00a0\u00a0\u00a0\u00a0\u00a0Estrategia y T\u00e1ctica Deportiva<\/td>\n<td style=\"text-align: center;\" width=\"116\">1 Docente Interino<\/td>\n<td style=\"text-align: center;\" width=\"135\">4 hs<\/td>\n<td width=\"181\">\n<p style=\"text-align: center;\">Cuatrimestral<\/p>\n<p>&nbsp;<\/td>\n<\/tr>\n<tr>\n<td style=\"text-align: center;\" width=\"184\">(4)\u00a0\u00a0\u00a0\u00a0\u00a0Entrenamiento III<\/td>\n<td style=\"text-align: center;\" width=\"116\">1 Docente Interino<\/td>\n<td style=\"text-align: center;\" width=\"135\">5 hs<\/td>\n<td width=\"181\">\n<p style=\"text-align: center;\">Anual<\/p>\n<\/td>\n<\/tr>\n<tr>\n<td style=\"text-align: center;\" width=\"184\">(5)\u00a0\u00a0\u00a0\u00a0\u00a0Pr\u00e1ctica Profesional<\/td>\n<td style=\"text-align: center;\" width=\"116\">1 Docente Interino<\/td>\n<td style=\"text-align: center;\" width=\"135\">9 hs<\/td>\n<td width=\"181\">\n<p style=\"text-align: center;\">Anual<\/p>\n<\/td>\n<\/tr>\n<\/tbody>\n<\/table>\n<p style=\"font-weight: 400;\"><em>Perfiles docentes requeridos<\/em>:\u00a0(1) Prof. de Ed. F\u00edsica (o titulaciones afines al espacio) preferentemente con experiencias en \u00e1mbitos no formales de la educaci\u00f3n; (2) Med. Traumat\u00f3logx\/ Generalista \/ Kinesiologx o titulaciones afines al espacio; (3) Prof. de Ed. F\u00edsica; (4) Prof. de Ed. F\u00edsica, preferentemente con experiencias en \u00e1mbitos no formales de la educaci\u00f3n y (5) Prof. de Ed. F\u00edsica preferentemente con experiencias en \u00e1mbitos no formales de la educaci\u00f3n<\/p>\n<p style=\"font-weight: 400;\"><strong><a href=\"https:\/\/ies813pabloluppi-chu.infd.edu.ar\/sitio\/llamados-a-concurso\/\">Las bases y el detalle de los mismos est\u00e1n disponibles en la p\u00e1gina web<\/a>:\u00a0<\/strong><\/p>\n<p style=\"font-weight: 400;\"><strong>Consultas:\u00a0<\/strong><a href=\"mailto:concursosisfd813@gmail.com#_blank\">concursosisfd813@gmail.com<\/a><\/p>\n<p style=\"font-weight: 400;\"><strong>Fecha l\u00edmite para la presentaci\u00f3n de antecedentes y proyecto el MIERCOLES 3 de MARZO hasta las 19 horas.<\/strong><\/p>\n","protected":false},"excerpt":{"rendered":"<p>Lago Puelo, 24 de febrero de 2021\u00a0 \u00a0 Llamados a Concurso 2021 El Instituto de Educaci\u00f3n Superior Nro. 813 \u201cProf. Pablo Luppi\u201d llama a concurso para los siguientes espacios curriculares: Prof. de Educaci\u00f3n Primaria\u00a0\u2013 Aula Extendida El Hoyo\u00a0Res\u00a0N\u00b0310\/14 4to a\u00f1o\u00a0\u2013\u00a01er llamado\u00a0\u00a0 Unidad Curricular Docentes Cantidad de horas\u00a0 Anual o Cuatrimestral Sistematizaci\u00f3n de Experiencias Pedag\u00f3gicas 2 &#8230; <a title=\"Llamados a Concurso 2021- 24 de febrero de 2021\" class=\"read-more\" href=\"https:\/\/ies813pabloluppi-chu.infd.edu.ar\/sitio\/4250-2\/\" aria-label=\"More on Llamados a Concurso 2021- 24 de febrero de 2021\">[+]<\/a><\/p>\n","protected":false},"author":1899,"featured_media":0,"comment_status":"closed","ping_status":"closed","sticky":false,"template":"","format":"standard","meta":[],"categories":[14],"tags":[28],"acf":[],"_links":{"self":[{"href":"https:\/\/ies813pabloluppi-chu.infd.edu.ar\/sitio\/wp-json\/wp\/v2\/posts\/4250"}],"collection":[{"href":"https:\/\/ies813pabloluppi-chu.infd.edu.ar\/sitio\/wp-json\/wp\/v2\/posts"}],"about":[{"href":"https:\/\/ies813pabloluppi-chu.infd.edu.ar\/sitio\/wp-json\/wp\/v2\/types\/post"}],"author":[{"embeddable":true,"href":"https:\/\/ies813pabloluppi-chu.infd.edu.ar\/sitio\/wp-json\/wp\/v2\/users\/1899"}],"replies":[{"embeddable":true,"href":"https:\/\/ies813pabloluppi-chu.infd.edu.ar\/sitio\/wp-json\/wp\/v2\/comments?post=4250"}],"version-history":[{"count":4,"href":"https:\/\/ies813pabloluppi-chu.infd.edu.ar\/sitio\/wp-json\/wp\/v2\/posts\/4250\/revisions"}],"predecessor-version":[{"id":4255,"href":"https:\/\/ies813pabloluppi-chu.infd.edu.ar\/sitio\/wp-json\/wp\/v2\/posts\/4250\/revisions\/4255"}],"wp:attachment":[{"href":"https:\/\/ies813pabloluppi-chu.infd.edu.ar\/sitio\/wp-json\/wp\/v2\/media?parent=4250"}],"wp:term":[{"taxonomy":"category","embeddable":true,"href":"https:\/\/ies813pabloluppi-chu.infd.edu.ar\/sitio\/wp-json\/wp\/v2\/categories?post=4250"},{"taxonomy":"post_tag","embeddable":true,"href":"https:\/\/ies813pabloluppi-chu.infd.edu.ar\/sitio\/wp-json\/wp\/v2\/tags?post=4250"}],"curies":[{"name":"wp","href":"https:\/\/api.w.org\/{rel}","templated":true}]}}