{"id":4260,"date":"2021-03-05T12:29:13","date_gmt":"2021-03-05T15:29:13","guid":{"rendered":"https:\/\/ies813pabloluppi-chu.infd.edu.ar\/sitio\/?p=4260"},"modified":"2021-03-22T09:25:12","modified_gmt":"2021-03-22T12:25:12","slug":"lago-puelo-5-de-marzo-de-2021-llamados-a-concurso-2021","status":"publish","type":"post","link":"https:\/\/ies813pabloluppi-chu.infd.edu.ar\/sitio\/lago-puelo-5-de-marzo-de-2021-llamados-a-concurso-2021\/","title":{"rendered":"Lago Puelo, 5 de marzo de 2021 &#8211; Llamados a Concurso 2021"},"content":{"rendered":"<p style=\"font-weight: 400;\">Lago Puelo, 5 de marzo de 2021<strong>\u00a0<\/strong><\/p>\n<p style=\"font-weight: 400;\"><strong>\u00a0<\/strong><\/p>\n<p style=\"font-weight: 400;\"><strong><u>Llamados a Concurso 2021<\/u><\/strong><\/p>\n<p style=\"font-weight: 400;\"><strong>\u00a0<\/strong><\/p>\n<p style=\"font-weight: 400;\"><strong>El Instituto de Educaci\u00f3n Superior Nro. 813 \u201cProf. Pablo Luppi\u201d llama a concurso para los siguientes espacios curriculares:<\/strong><strong>\u00a0<\/strong><\/p>\n<ul>\n<li style=\"font-weight: 400;\"><strong>Prof. de Educaci\u00f3n Especial con Orientaci\u00f3n en Discapacidad Intelectual\u00a0\u2013 Sede Lago Puelo\u00a0Res\u00a0N\u00b0595\/17<\/strong><\/li>\n<\/ul>\n<p style=\"font-weight: 400;\"><strong>1er a\u00f1o\u00a0\u2013\u00a01er llamado<\/strong><\/p>\n<table style=\"font-weight: 400;\">\n<tbody>\n<tr>\n<td width=\"165\">\n<p style=\"text-align: center;\"><strong>Unidad Curricular<\/strong><\/p>\n<\/td>\n<td style=\"text-align: center;\" width=\"116\"><strong>Docentes<\/strong><\/td>\n<td style=\"text-align: center;\" width=\"136\"><strong>Cantidad de horas\u00a0<\/strong><\/td>\n<td style=\"text-align: center;\" width=\"182\"><strong>Anual o Cuatrimestral<\/strong><\/td>\n<\/tr>\n<tr>\n<td width=\"165\">\n<p style=\"text-align: center;\">Lenguajes Art\u00edsticos Integrados<\/p>\n<\/td>\n<td style=\"text-align: center;\" width=\"116\">3 Docentes Interinos en Equipo Pedag\u00f3gico<\/td>\n<td style=\"text-align: center;\" width=\"136\">3 Hs<\/td>\n<td width=\"182\">\n<p style=\"text-align: center;\">Anual<\/p>\n<p>&nbsp;<\/td>\n<\/tr>\n<tr>\n<td style=\"text-align: center;\" width=\"165\">DDHH y Educaci\u00f3n<\/td>\n<td style=\"text-align: center;\" width=\"116\">1 Docente Interino<\/td>\n<td style=\"text-align: center;\" width=\"136\">5 Hs<\/td>\n<td width=\"182\">\n<p style=\"text-align: center;\">Cuatrimestral<\/p>\n<\/td>\n<\/tr>\n<\/tbody>\n<\/table>\n<p style=\"font-weight: 400;\"><em>Para ver los perfiles docentes requeridos podr\u00e1n remitirse al Dise\u00f1o Curricular vigente.<\/em><\/p>\n<p style=\"font-weight: 400;\"><em>\u00a0<\/em><\/p>\n<p style=\"font-weight: 400;\"><em>\u00a0<\/em><\/p>\n<ul>\n<li style=\"font-weight: 400;\"><strong>Prof. de Educaci\u00f3n Especial con Orientaci\u00f3n en Discapacidad Intelectual\u00a0\u2013 Sede Lago Puelo\u00a0Res\u00a0N\u00b0595\/17<\/strong><\/li>\n<\/ul>\n<p style=\"font-weight: 400;\"><strong>2do a\u00f1o\u00a0\u2013\u00a01er llamado \u00a0<\/strong><\/p>\n<table style=\"font-weight: 400;\">\n<tbody>\n<tr>\n<td width=\"165\">\n<p style=\"text-align: center;\"><strong>Unidad Curricular<\/strong><\/p>\n<\/td>\n<td style=\"text-align: center;\" width=\"116\"><strong>Docentes<\/strong><\/td>\n<td style=\"text-align: center;\" width=\"136\"><strong>Cantidad de horas\u00a0<\/strong><\/td>\n<td style=\"text-align: center;\" width=\"182\"><strong>Anual o Cuatrimestral<\/strong><\/td>\n<\/tr>\n<tr>\n<td style=\"text-align: center;\" width=\"165\">Educaci\u00f3n Art\u00edstica y su Did\u00e1ctica<\/td>\n<td style=\"text-align: center;\" width=\"116\">2 Docentes Interinos en Pareja Pedag\u00f3gica<\/td>\n<td style=\"text-align: center;\" width=\"136\">4 Hs<\/td>\n<td width=\"182\">\n<p style=\"text-align: center;\">Cuatrimestral<\/p>\n<p>&nbsp;<\/td>\n<\/tr>\n<\/tbody>\n<\/table>\n<p style=\"font-weight: 400;\"><em>Para ver los perfiles docentes requeridos podr\u00e1n remitirse al Dise\u00f1o Curricular vigente.<\/em><\/p>\n<ul>\n<li style=\"font-weight: 400;\"><strong>Prof. de Educaci\u00f3n Secundaria\u00a0en\u00a0Historia\u00a0\u2013 Anexo Epuy\u00e9n\u00a0Res\u00a0N\u00b0547\/19<\/strong><\/li>\n<\/ul>\n<p style=\"font-weight: 400;\"><strong>2\u00ba a\u00f1o\u00a0\u2013\u00a02\u00ba llamado<\/strong><\/p>\n<table style=\"font-weight: 400;\">\n<tbody>\n<tr>\n<td width=\"122\">\n<p style=\"text-align: center;\"><strong>Unidad Curricular<\/strong><\/p>\n<\/td>\n<td style=\"text-align: center;\" width=\"121\"><strong>Docentes<\/strong><\/td>\n<td style=\"text-align: center;\" width=\"122\"><strong>Cantidad de horas<\/strong><\/td>\n<td style=\"text-align: center;\" width=\"109\"><strong>Anual o Cuatrimestral<\/strong><\/td>\n<td style=\"text-align: center;\" width=\"126\"><strong>Horario<\/strong><\/td>\n<\/tr>\n<tr>\n<td width=\"122\">\n<p style=\"text-align: center;\">Historia Americana II<\/p>\n<\/td>\n<td style=\"text-align: center;\" width=\"121\">1 Docente Interino<\/td>\n<td style=\"text-align: center;\" width=\"122\">5 horas<\/td>\n<td style=\"text-align: center;\" width=\"109\">Anual<\/td>\n<td style=\"text-align: center;\" width=\"126\">Viernes 18.10 a\u00a0\u00a0\u00a0\u00a0 20.10<\/td>\n<\/tr>\n<tr>\n<td style=\"text-align: center;\" width=\"122\">Did\u00e1ctica de las Ciencias Sociales<\/td>\n<td style=\"text-align: center;\" width=\"121\">2 Docentes Interinos en Pareja Pedag\u00f3gica<\/td>\n<td style=\"text-align: center;\" width=\"122\">3 horas<\/td>\n<td style=\"text-align: center;\" width=\"109\">Anual<\/td>\n<td width=\"126\">\n<p style=\"text-align: center;\">Lunes\u00a0 20.10 a 22.05<\/p>\n<\/td>\n<\/tr>\n<tr>\n<td style=\"text-align: center;\" width=\"122\">Pr\u00e1ctica Profesional Docente II<\/td>\n<td style=\"text-align: center;\" width=\"121\">2 Docentes Interinos en Pareja Pedag\u00f3gica<\/td>\n<td style=\"text-align: center;\" width=\"122\">6 horas<\/td>\n<td style=\"text-align: center;\" width=\"109\">Anual<\/td>\n<td width=\"126\">\n<p style=\"text-align: center;\">Lunes 18.10 a 20.10 (+ acompa\u00f1amiento a las escuelas)<\/p>\n<\/td>\n<\/tr>\n<\/tbody>\n<\/table>\n<p style=\"font-weight: 400;\"><em>\u00a0<\/em><\/p>\n<p style=\"font-weight: 400;\"><em>Para ver los perfiles docentes requeridos podr\u00e1n remitirse al Dise\u00f1o Curricular vigente.<\/em><\/p>\n<ul>\n<li style=\"font-weight: 400;\"><strong>Tecnicatura Superior en Entrenamiento Deportivo\u00a0\u2013 Anexo Epuy\u00e9n\u00a0Res\u00a0N\u00b090\/15<\/strong><\/li>\n<\/ul>\n<p style=\"font-weight: 400;\"><strong>3\u00ba a\u00f1o\u00a0\u2013\u00a02\u00ba llamado<\/strong><\/p>\n<table style=\"font-weight: 400;\">\n<tbody>\n<tr>\n<td width=\"182\">\n<p style=\"text-align: center;\"><strong>Unidad Curricular<\/strong><\/p>\n<\/td>\n<td style=\"text-align: center;\" width=\"113\"><strong>Docentes<\/strong><\/td>\n<td style=\"text-align: center;\" width=\"130\"><strong>Cantidad de horas\u00a0<\/strong><\/td>\n<td style=\"text-align: center;\" width=\"175\"><strong>Anual o Cuatrimestral<\/strong><\/td>\n<\/tr>\n<tr>\n<td width=\"182\">\n<p style=\"text-align: center;\">(1)\u00a0\u00a0\u00a0\u00a0\u00a0Elaboraci\u00f3n y desarrollo de proyectos en contexto<\/p>\n<\/td>\n<td style=\"text-align: center;\" width=\"113\">1 Docente Interino<\/td>\n<td style=\"text-align: center;\" width=\"130\">4 hs<\/td>\n<td width=\"175\">\n<p style=\"text-align: center;\">Cuatrimestral<\/p>\n<p>&nbsp;<\/td>\n<\/tr>\n<tr>\n<td style=\"text-align: center;\" width=\"182\">(2)\u00a0\u00a0\u00a0\u00a0\u00a0Entrenamiento III<\/td>\n<td style=\"text-align: center;\" width=\"113\">1 Docente Interino<\/td>\n<td style=\"text-align: center;\" width=\"130\">5 hs<\/td>\n<td width=\"175\">\n<p style=\"text-align: center;\">Anual<\/p>\n<\/td>\n<\/tr>\n<\/tbody>\n<\/table>\n<p style=\"font-weight: 400;\"><em>Perfiles docentes requeridos<\/em>:\u00a0(1) Prof. de Ed. F\u00edsica (o titulaciones afines al espacio) preferentemente con experiencias en \u00e1mbitos no formales de la educaci\u00f3n (2) Prof. de Ed. F\u00edsica, preferentemente con experiencias en \u00e1mbitos no formales de la educaci\u00f3n.<\/p>\n<p style=\"font-weight: 400;\"><strong>\u00a0<\/strong><\/p>\n<p style=\"font-weight: 400;\"><strong>\u00a0<\/strong><\/p>\n<ul>\n<li style=\"font-weight: 400;\"><strong>Tecnicatura Superior en Entrenamiento Deportivo\u00a0\u2013 Anexo Cholila\u00a0Res\u00a0N\u00b090\/15<\/strong><\/li>\n<\/ul>\n<p style=\"font-weight: 400;\"><strong>2\u00ba a\u00f1o\u00a0\u2013\u00a01\u00ba llamado<\/strong><\/p>\n<table style=\"font-weight: 400;\">\n<tbody>\n<tr>\n<td width=\"196\"><strong>Unidad Curricular<\/strong><\/td>\n<td width=\"104\"><strong>Docentes<\/strong><\/td>\n<td width=\"135\"><strong>Cantidad de horas\u00a0<\/strong><\/td>\n<td width=\"181\"><strong>Anual o Cuatrimestral<\/strong><\/td>\n<\/tr>\n<tr>\n<td width=\"196\">\n<p style=\"text-align: center;\">(3)\u00a0\u00a0\u00a0\u00a0\u00a0EDI I: \u00c9tica Profesional<\/p>\n<\/td>\n<td style=\"text-align: center;\" width=\"104\">1 Docente Suplente Larga Duraci\u00f3n<\/td>\n<td style=\"text-align: center;\" width=\"135\">3 hs<\/td>\n<td style=\"text-align: center;\" width=\"181\">Cuatrimestral<\/td>\n<\/tr>\n<\/tbody>\n<\/table>\n<p style=\"font-weight: 400;\"><em>\u00a0<\/em><\/p>\n<p style=\"font-weight: 400;\"><em>Perfiles docentes requeridos: (3)\u00a0<\/em><em>Prof. de Filosof\u00eda \/<\/em>\u00a0Prof. de Formaci\u00f3n \u00c9tica y Ciudadana, Lic. en Ciencias Pol\u00edticas<\/p>\n<p style=\"font-weight: 400;\"><strong><a href=\"https:\/\/ies813pabloluppi-chu.infd.edu.ar\/sitio\/llamados-a-concurso\/\">Las bases y el detalle de los mismos est\u00e1n disponibles en la p\u00e1gina web<\/a>:\u00a0<\/strong><\/p>\n<p style=\"font-weight: 400;\"><strong>\u00a0Consultas:\u00a0<\/strong><a href=\"mailto:concursosisfd813@gmail.com#_blank\">concursosisfd813@gmail.com<\/a><\/p>\n<p style=\"font-weight: 400;\"><strong>Fecha l\u00edmite para la presentaci\u00f3n de antecedentes y proyecto el Lunes 22 de MARZO hasta las 19 horas.<\/strong><\/p>\n","protected":false},"excerpt":{"rendered":"<p>Lago Puelo, 5 de marzo de 2021\u00a0 \u00a0 Llamados a Concurso 2021 \u00a0 El Instituto de Educaci\u00f3n Superior Nro. 813 \u201cProf. Pablo Luppi\u201d llama a concurso para los siguientes espacios curriculares:\u00a0 Prof. de Educaci\u00f3n Especial con Orientaci\u00f3n en Discapacidad Intelectual\u00a0\u2013 Sede Lago Puelo\u00a0Res\u00a0N\u00b0595\/17 1er a\u00f1o\u00a0\u2013\u00a01er llamado Unidad Curricular Docentes Cantidad de horas\u00a0 Anual o Cuatrimestral &#8230; <a title=\"Lago Puelo, 5 de marzo de 2021 &#8211; Llamados a Concurso 2021\" class=\"read-more\" href=\"https:\/\/ies813pabloluppi-chu.infd.edu.ar\/sitio\/lago-puelo-5-de-marzo-de-2021-llamados-a-concurso-2021\/\" aria-label=\"More on Lago Puelo, 5 de marzo de 2021 &#8211; Llamados a Concurso 2021\">[+]<\/a><\/p>\n","protected":false},"author":1899,"featured_media":0,"comment_status":"closed","ping_status":"closed","sticky":false,"template":"","format":"standard","meta":[],"categories":[14],"tags":[28],"acf":[],"_links":{"self":[{"href":"https:\/\/ies813pabloluppi-chu.infd.edu.ar\/sitio\/wp-json\/wp\/v2\/posts\/4260"}],"collection":[{"href":"https:\/\/ies813pabloluppi-chu.infd.edu.ar\/sitio\/wp-json\/wp\/v2\/posts"}],"about":[{"href":"https:\/\/ies813pabloluppi-chu.infd.edu.ar\/sitio\/wp-json\/wp\/v2\/types\/post"}],"author":[{"embeddable":true,"href":"https:\/\/ies813pabloluppi-chu.infd.edu.ar\/sitio\/wp-json\/wp\/v2\/users\/1899"}],"replies":[{"embeddable":true,"href":"https:\/\/ies813pabloluppi-chu.infd.edu.ar\/sitio\/wp-json\/wp\/v2\/comments?post=4260"}],"version-history":[{"count":4,"href":"https:\/\/ies813pabloluppi-chu.infd.edu.ar\/sitio\/wp-json\/wp\/v2\/posts\/4260\/revisions"}],"predecessor-version":[{"id":4292,"href":"https:\/\/ies813pabloluppi-chu.infd.edu.ar\/sitio\/wp-json\/wp\/v2\/posts\/4260\/revisions\/4292"}],"wp:attachment":[{"href":"https:\/\/ies813pabloluppi-chu.infd.edu.ar\/sitio\/wp-json\/wp\/v2\/media?parent=4260"}],"wp:term":[{"taxonomy":"category","embeddable":true,"href":"https:\/\/ies813pabloluppi-chu.infd.edu.ar\/sitio\/wp-json\/wp\/v2\/categories?post=4260"},{"taxonomy":"post_tag","embeddable":true,"href":"https:\/\/ies813pabloluppi-chu.infd.edu.ar\/sitio\/wp-json\/wp\/v2\/tags?post=4260"}],"curies":[{"name":"wp","href":"https:\/\/api.w.org\/{rel}","templated":true}]}}