{"id":4304,"date":"2021-03-27T13:18:00","date_gmt":"2021-03-27T16:18:00","guid":{"rendered":"https:\/\/ies813pabloluppi-chu.infd.edu.ar\/sitio\/?p=4304"},"modified":"2021-03-27T13:18:00","modified_gmt":"2021-03-27T16:18:00","slug":"llamados-a-concurso-2021-lago-puelo-26-de-marzo-de-2021","status":"publish","type":"post","link":"https:\/\/ies813pabloluppi-chu.infd.edu.ar\/sitio\/llamados-a-concurso-2021-lago-puelo-26-de-marzo-de-2021\/","title":{"rendered":"Llamados a Concurso 2021 &#8211; Lago Puelo, 26 de marzo de 2021"},"content":{"rendered":"<p>Lago Puelo, 26 de marzo de 2021<strong>\u00a0<\/strong><\/p>\n<p><strong>\u00a0<\/strong><\/p>\n<p><strong><u>Llamados a Concurso 2021<\/u><\/strong><\/p>\n<p><strong>\u00a0<\/strong><\/p>\n<p><strong>El Instituto de Educaci\u00f3n Superior Nro. 813 \u201cProf. Pablo Luppi\u201d llama a concurso para los siguientes espacios curriculares:<\/strong><strong>\u00a0<\/strong><\/p>\n<ul>\n<li><strong>Prof. de Educaci\u00f3n Secundaria en F\u00edsica\u00a0\u2013 Sede Lago Puelo\u00a0Res\u00a0N\u00b0305\/14<\/strong><\/li>\n<\/ul>\n<p><strong>3er a\u00f1o\u00a0\u2013\u00a01er llamado<\/strong><\/p>\n<table>\n<tbody>\n<tr>\n<td width=\"165\">\n<p style=\"text-align: center;\"><strong>Unidad Curricular<\/strong><\/p>\n<\/td>\n<td style=\"text-align: center;\" width=\"116\"><strong>Docentes<\/strong><\/td>\n<td style=\"text-align: center;\" width=\"136\"><strong>Cantidad de horas\u00a0<\/strong><\/td>\n<td style=\"text-align: center;\" width=\"182\"><strong>Anual o Cuatrimestral<\/strong><\/td>\n<\/tr>\n<tr>\n<td style=\"text-align: center;\" width=\"165\">Qu\u00edmica B\u00e1sica<\/td>\n<td style=\"text-align: center;\" width=\"116\">1 Docente Interino<\/td>\n<td style=\"text-align: center;\" width=\"136\">3 Hs<\/td>\n<td width=\"182\">\n<p style=\"text-align: center;\">Anual<\/p>\n<p style=\"text-align: center;\">HORARIO: VIERNES 20.15 a 22.00<\/p>\n<\/td>\n<\/tr>\n<\/tbody>\n<\/table>\n<p><em>Para ver los perfiles docentes requeridos podr\u00e1n remitirse al Dise\u00f1o Curricular vigente.<\/em><\/p>\n<p><em>\u00a0<\/em><\/p>\n<ul>\n<li><strong>Prof. de Educaci\u00f3n Secundaria en Biolog\u00eda\u00a0\u2013 Sede Lago Puelo\u00a0Res\u00a0N\u00b0548\/19<\/strong><\/li>\n<\/ul>\n<p><strong>2do a\u00f1o\u00a0\u2013\u00a01er llamado<\/strong><\/p>\n<table>\n<tbody>\n<tr>\n<td width=\"165\">\n<p style=\"text-align: center;\"><strong>Unidad Curricular<\/strong><\/p>\n<\/td>\n<td style=\"text-align: center;\" width=\"116\"><strong>Docentes<\/strong><\/td>\n<td style=\"text-align: center;\" width=\"136\"><strong>Cantidad de horas\u00a0<\/strong><\/td>\n<td style=\"text-align: center;\" width=\"182\"><strong>Anual o Cuatrimestral<\/strong><\/td>\n<\/tr>\n<tr>\n<td style=\"text-align: center;\" width=\"165\">F\u00edsica Biol\u00f3gica<\/td>\n<td style=\"text-align: center;\" width=\"116\">1 Docente Suplente<\/td>\n<td style=\"text-align: center;\" width=\"136\">3 Hs<\/td>\n<td width=\"182\">\n<p style=\"text-align: center;\">Anual<\/p>\n<p style=\"text-align: center;\">HORARIO: JUEVES 19:50 a 21:30<\/p>\n<\/td>\n<\/tr>\n<\/tbody>\n<\/table>\n<p><em>Para ver los perfiles docentes requeridos podr\u00e1n remitirse al Dise\u00f1o Curricular vigente.<\/em><\/p>\n<p><em>\u00a0<\/em><\/p>\n<ul>\n<li><strong>Prof. de Educaci\u00f3n Secundaria en Biolog\u00eda\u00a0\u2013 Sede Lago Puelo\u00a0Res\u00a0N\u00b0307\/14<\/strong><\/li>\n<\/ul>\n<p><strong>3er a\u00f1o\u00a0\u2013\u00a01er llamado<\/strong><\/p>\n<table>\n<tbody>\n<tr>\n<td width=\"165\">\n<p style=\"text-align: center;\"><strong>Unidad Curricular<\/strong><\/p>\n<\/td>\n<td style=\"text-align: center;\" width=\"116\"><strong>Docentes<\/strong><\/td>\n<td style=\"text-align: center;\" width=\"136\"><strong>Cantidad de horas\u00a0<\/strong><\/td>\n<td style=\"text-align: center;\" width=\"182\"><strong>Anual o Cuatrimestral<\/strong><\/td>\n<\/tr>\n<tr>\n<td style=\"text-align: center;\" width=\"165\">Gen\u00e9tica<\/td>\n<td style=\"text-align: center;\" width=\"116\">1 Docente Interino<\/td>\n<td style=\"text-align: center;\" width=\"136\">5 Hs<\/td>\n<td width=\"182\">\n<p style=\"text-align: center;\">Cuatrimestral<\/p>\n<p style=\"text-align: center;\">HORARIO: MIERCOLES 20:25 a 22.00<\/p>\n<\/td>\n<\/tr>\n<\/tbody>\n<\/table>\n<p><em>Para ver los perfiles docentes requeridos podr\u00e1n remitirse al Dise\u00f1o Curricular vigente.<\/em><\/p>\n<p><em>\u00a0<\/em><\/p>\n<p><em>\u00a0<\/em><\/p>\n<ul>\n<li><strong>Prof. de Educaci\u00f3n Especial con Orientaci\u00f3n en Discapacidad Intelectual\u00a0\u2013 Sede Lago Puelo\u00a0Res\u00a0N\u00b0595\/17<\/strong><\/li>\n<\/ul>\n<p><strong>1er a\u00f1o\u00a0\u2013\u00a01er llamado<\/strong><\/p>\n<table>\n<tbody>\n<tr>\n<td width=\"165\">\n<p style=\"text-align: center;\"><strong>Unidad Curricular<\/strong><\/p>\n<\/td>\n<td style=\"text-align: center;\" width=\"116\"><strong>Docentes<\/strong><\/td>\n<td style=\"text-align: center;\" width=\"136\"><strong>Cantidad de horas\u00a0<\/strong><\/td>\n<td style=\"text-align: center;\" width=\"182\"><strong>Anual o Cuatrimestral<\/strong><\/td>\n<\/tr>\n<tr>\n<td style=\"text-align: center;\" width=\"165\">UDI del CFE I<\/td>\n<td style=\"text-align: center;\" width=\"116\">1 Docente Interino<\/td>\n<td style=\"text-align: center;\" width=\"136\">3 Hs<\/td>\n<td width=\"182\">\n<p style=\"text-align: center;\">\n<p style=\"text-align: center;\">Cuatrimestral<\/p>\n<p style=\"text-align: center;\">\n<\/td>\n<\/tr>\n<\/tbody>\n<\/table>\n<p><em>Para ver los perfiles docentes requeridos podr\u00e1n remitirse a las Bases y\/o al Dise\u00f1o Curricular vigente.<\/em><\/p>\n<p><strong>\u00a0<\/strong><\/p>\n<ul>\n<li><strong>Prof. de Educaci\u00f3n Especial con Orientaci\u00f3n en Discapacidad Intelectual\u00a0\u2013 Sede Lago Puelo\u00a0Res\u00a0N\u00b0595\/17<\/strong><\/li>\n<\/ul>\n<p><strong>2do a\u00f1o\u00a0\u2013\u00a01er llamado \u00a0<\/strong><\/p>\n<table>\n<tbody>\n<tr>\n<td width=\"165\">\n<p style=\"text-align: center;\"><strong>Unidad Curricular<\/strong><\/p>\n<\/td>\n<td style=\"text-align: center;\" width=\"116\"><strong>Docentes<\/strong><\/td>\n<td style=\"text-align: center;\" width=\"136\"><strong>Cantidad de horas\u00a0<\/strong><\/td>\n<td style=\"text-align: center;\" width=\"182\"><strong>Anual o Cuatrimestral<\/strong><\/td>\n<\/tr>\n<tr>\n<td style=\"text-align: center;\" width=\"165\">Pr\u00e1ctica profesional Docente II<\/td>\n<td style=\"text-align: center;\" width=\"116\">2 Docentes Interinos en Pareja Pedag\u00f3gica<\/td>\n<td style=\"text-align: center;\" width=\"136\">6 Hs<\/td>\n<td width=\"182\">\n<p style=\"text-align: center;\">\n<p style=\"text-align: center;\">Anual<\/p>\n<p>&nbsp;<\/td>\n<\/tr>\n<\/tbody>\n<\/table>\n<p><em>Para ver los perfiles docentes requeridos podr\u00e1n remitirse al Dise\u00f1o Curricular vigente.<\/em><\/p>\n<p>&nbsp;<\/p>\n<ul>\n<li><strong>Prof. de Educaci\u00f3n Secundaria\u00a0en\u00a0Historia\u00a0\u2013 Anexo Epuy\u00e9n\u00a0Res\u00a0N\u00b0547\/19<\/strong><\/li>\n<\/ul>\n<p><strong>2do a\u00f1o\u00a0\u2013\u00a03er llamado<\/strong><\/p>\n<table>\n<tbody>\n<tr>\n<td width=\"122\">\n<p style=\"text-align: center;\"><strong>Unidad Curricular<\/strong><\/p>\n<\/td>\n<td style=\"text-align: center;\" width=\"121\"><strong>Docentes<\/strong><\/td>\n<td style=\"text-align: center;\" width=\"122\"><strong>Cantidad de horas<\/strong><\/td>\n<td style=\"text-align: center;\" width=\"109\"><strong>Anual o Cuatrimestral<\/strong><\/td>\n<td style=\"text-align: center;\" width=\"126\"><strong>Horario<\/strong><\/td>\n<\/tr>\n<tr>\n<td width=\"122\">\n<p style=\"text-align: center;\">Pr\u00e1ctica Profesional Docente II<\/p>\n<\/td>\n<td style=\"text-align: center;\" width=\"121\">2 Docentes Interinos en Pareja Pedag\u00f3gica<\/td>\n<td style=\"text-align: center;\" width=\"122\">6 horas<\/td>\n<td style=\"text-align: center;\" width=\"109\">Anual<\/td>\n<td style=\"text-align: center;\" width=\"126\">Lunes 18.10 a 20.10 (+ acompa\u00f1amiento a las escuelas)<\/td>\n<\/tr>\n<\/tbody>\n<\/table>\n<p><em>\u00a0<\/em><\/p>\n<p><em>Para ver los perfiles docentes requeridos podr\u00e1n remitirse al Dise\u00f1o Curricular vigente.<\/em><\/p>\n<ul>\n<li><strong>Prof. de Educaci\u00f3n Primaria\u00a0\u2013 Anexo Epuy\u00e9n\u00a0Res\u00a0N\u00b0310\/14<\/strong><\/li>\n<\/ul>\n<p><strong>1er a\u00f1o\u00a0\u2013\u00a01er llamado<\/strong><\/p>\n<table width=\"604\">\n<tbody>\n<tr>\n<td width=\"122\">\n<p style=\"text-align: center;\"><strong>Unidad Curricular<\/strong><\/p>\n<\/td>\n<td style=\"text-align: center;\" width=\"121\"><strong>Docentes<\/strong><\/td>\n<td style=\"text-align: center;\" width=\"135\"><strong>Cantidad de horas<\/strong><\/td>\n<td style=\"text-align: center;\" width=\"227\"><strong>Anual o Cuatrimestral<\/strong><\/td>\n<\/tr>\n<tr>\n<td width=\"122\">\n<p style=\"text-align: center;\">Pedagog\u00eda<\/p>\n<\/td>\n<td style=\"text-align: center;\" width=\"121\">1 Docente Interino<\/td>\n<td style=\"text-align: center;\" width=\"135\">5 horas<\/td>\n<td width=\"227\">\n<p style=\"text-align: center;\">Cuatrimestral<\/p>\n<\/td>\n<\/tr>\n<\/tbody>\n<\/table>\n<p style=\"text-align: center;\"><em>\u00a0<\/em><\/p>\n<p><em>Para ver los perfiles docentes requeridos podr\u00e1n remitirse al Dise\u00f1o Curricular vigente.<\/em><\/p>\n<p>&nbsp;<\/p>\n<ul>\n<li><strong>Tecnicatura Superior en Entrenamiento Deportivo\u00a0\u2013 Anexo Epuy\u00e9n\u00a0Res\u00a0N\u00b090\/15<\/strong><\/li>\n<\/ul>\n<p><strong>3er a\u00f1o\u00a0\u2013\u00a03er llamado<\/strong><\/p>\n<table>\n<tbody>\n<tr>\n<td width=\"182\">\n<p style=\"text-align: center;\"><strong>Unidad Curricular<\/strong><\/p>\n<\/td>\n<td style=\"text-align: center;\" width=\"113\"><strong>Docentes<\/strong><\/td>\n<td style=\"text-align: center;\" width=\"130\"><strong>Cantidad de horas\u00a0<\/strong><\/td>\n<td style=\"text-align: center;\" width=\"175\"><strong>Anual o Cuatrimestral<\/strong><\/td>\n<\/tr>\n<tr>\n<td width=\"182\">\n<p style=\"text-align: center;\">(1)\u00a0\u00a0\u00a0\u00a0\u00a0Elaboraci\u00f3n y desarrollo de proyectos en contexto<\/p>\n<\/td>\n<td style=\"text-align: center;\" width=\"113\">1 Docente Interino<\/td>\n<td style=\"text-align: center;\" width=\"130\">4 hs<\/td>\n<td width=\"175\">\n<p style=\"text-align: center;\">\n<p style=\"text-align: center;\">Cuatrimestral<\/p>\n<p style=\"text-align: center;\">\n<\/td>\n<\/tr>\n<tr>\n<td style=\"text-align: center;\" width=\"182\">(2)\u00a0\u00a0\u00a0\u00a0\u00a0Entrenamiento III<\/td>\n<td style=\"text-align: center;\" width=\"113\">1 Docente Interino<\/td>\n<td style=\"text-align: center;\" width=\"130\">5 hs<\/td>\n<td width=\"175\">\n<p style=\"text-align: center;\">Anual<\/p>\n<\/td>\n<\/tr>\n<\/tbody>\n<\/table>\n<p><em>Perfiles docentes requeridos<\/em>:\u00a0(1) Prof. de Ed. F\u00edsica (o titulaciones afines al espacio) preferentemente con experiencias en \u00e1mbitos no formales de la educaci\u00f3n (2) Prof. de Ed. F\u00edsica, preferentemente con experiencias en \u00e1mbitos no formales de la educaci\u00f3n.<\/p>\n<p>&nbsp;<\/p>\n<ul>\n<li><strong>Prof. de Educaci\u00f3n Inicial\u00a0\u2013 Anexo Cholila\u00a0Res\u00a0N\u00b0309\/14<\/strong><\/li>\n<\/ul>\n<p><strong>1er a\u00f1o\u00a0\u2013\u00a01er llamado \u00a0<\/strong><\/p>\n<table>\n<tbody>\n<tr>\n<td width=\"165\">\n<p style=\"text-align: center;\"><strong>Unidad Curricular<\/strong><\/p>\n<\/td>\n<td style=\"text-align: center;\" width=\"116\"><strong>Docentes<\/strong><\/td>\n<td style=\"text-align: center;\" width=\"136\"><strong>Cantidad de horas\u00a0<\/strong><\/td>\n<td style=\"text-align: center;\" width=\"182\"><strong>Anual o Cuatrimestral<\/strong><\/td>\n<\/tr>\n<tr>\n<td width=\"165\">\n<p style=\"text-align: center;\">Pedagog\u00eda<\/p>\n<\/td>\n<td style=\"text-align: center;\" width=\"116\">1 Docente Interino<\/td>\n<td style=\"text-align: center;\" width=\"136\">5 Hs<\/td>\n<td style=\"text-align: center;\" width=\"182\">Cuatrimestral<\/td>\n<\/tr>\n<tr>\n<td width=\"165\">\n<p style=\"text-align: center;\">Psicolog\u00eda Educacional<\/p>\n<\/td>\n<td style=\"text-align: center;\" width=\"116\">1 Docente Interino<\/td>\n<td style=\"text-align: center;\" width=\"136\">3 Hs<\/td>\n<td width=\"182\">\n<p style=\"text-align: center;\">Anual<\/p>\n<\/td>\n<\/tr>\n<tr>\n<td style=\"text-align: center;\" width=\"165\">Lenguaje Visual<\/td>\n<td style=\"text-align: center;\" width=\"116\">1 Docente Interino<\/td>\n<td style=\"text-align: center;\" width=\"136\">4 Hs<\/td>\n<td width=\"182\">\n<p style=\"text-align: center;\">Cuatrimestral<\/p>\n<\/td>\n<\/tr>\n<tr>\n<td style=\"text-align: center;\" width=\"165\">Pr\u00e1ctica Profesional Docente I<\/td>\n<td style=\"text-align: center;\" width=\"116\">3 Docentes Interinos en Equipo Pedag\u00f3gico<\/td>\n<td style=\"text-align: center;\" width=\"136\">5 Hs<\/td>\n<td width=\"182\">\n<p style=\"text-align: center;\">\n<p style=\"text-align: center;\">Anual<\/p>\n<p style=\"text-align: center;\">\n<\/td>\n<\/tr>\n<\/tbody>\n<\/table>\n<p><em>Para ver los perfiles docentes requeridos podr\u00e1n remitirse al Dise\u00f1o Curricular vigente.<\/em><\/p>\n<p><strong>\u00a0<\/strong><\/p>\n<p><strong>Las bases y el detalle de los mismos est\u00e1n <a href=\"https:\/\/ies813pabloluppi-chu.infd.edu.ar\/sitio\/llamados-a-concurso\/\" target=\"_blank\" rel=\"noopener\">disponibles en la p\u00e1gina web<\/a>:<\/strong><strong>\u00a0 Consultas:\u00a0<\/strong><a href=\"mailto:concursosisfd813@gmail.com#_blank\" data-mt-detrack-inspected=\"true\" data-mt-detrack-attachment-inspected=\"true\">concursosisfd813@gmail.com<\/a><\/p>\n<p><strong>Fecha l\u00edmite para la presentaci\u00f3n de antecedentes y proyecto el LUNES 5 de ABRIL hasta las 19 horas.<\/strong><\/p>\n","protected":false},"excerpt":{"rendered":"<p>Lago Puelo, 26 de marzo de 2021\u00a0 \u00a0 Llamados a Concurso 2021 \u00a0 El Instituto de Educaci\u00f3n Superior Nro. 813 \u201cProf. Pablo Luppi\u201d llama a concurso para los siguientes espacios curriculares:\u00a0 Prof. de Educaci\u00f3n Secundaria en F\u00edsica\u00a0\u2013 Sede Lago Puelo\u00a0Res\u00a0N\u00b0305\/14 3er a\u00f1o\u00a0\u2013\u00a01er llamado Unidad Curricular Docentes Cantidad de horas\u00a0 Anual o Cuatrimestral Qu\u00edmica B\u00e1sica 1 &#8230; <a title=\"Llamados a Concurso 2021 &#8211; Lago Puelo, 26 de marzo de 2021\" class=\"read-more\" href=\"https:\/\/ies813pabloluppi-chu.infd.edu.ar\/sitio\/llamados-a-concurso-2021-lago-puelo-26-de-marzo-de-2021\/\" aria-label=\"More on Llamados a Concurso 2021 &#8211; Lago Puelo, 26 de marzo de 2021\">[+]<\/a><\/p>\n","protected":false},"author":1899,"featured_media":0,"comment_status":"closed","ping_status":"closed","sticky":false,"template":"","format":"standard","meta":[],"categories":[14],"tags":[34,28],"acf":[],"_links":{"self":[{"href":"https:\/\/ies813pabloluppi-chu.infd.edu.ar\/sitio\/wp-json\/wp\/v2\/posts\/4304"}],"collection":[{"href":"https:\/\/ies813pabloluppi-chu.infd.edu.ar\/sitio\/wp-json\/wp\/v2\/posts"}],"about":[{"href":"https:\/\/ies813pabloluppi-chu.infd.edu.ar\/sitio\/wp-json\/wp\/v2\/types\/post"}],"author":[{"embeddable":true,"href":"https:\/\/ies813pabloluppi-chu.infd.edu.ar\/sitio\/wp-json\/wp\/v2\/users\/1899"}],"replies":[{"embeddable":true,"href":"https:\/\/ies813pabloluppi-chu.infd.edu.ar\/sitio\/wp-json\/wp\/v2\/comments?post=4304"}],"version-history":[{"count":1,"href":"https:\/\/ies813pabloluppi-chu.infd.edu.ar\/sitio\/wp-json\/wp\/v2\/posts\/4304\/revisions"}],"predecessor-version":[{"id":4305,"href":"https:\/\/ies813pabloluppi-chu.infd.edu.ar\/sitio\/wp-json\/wp\/v2\/posts\/4304\/revisions\/4305"}],"wp:attachment":[{"href":"https:\/\/ies813pabloluppi-chu.infd.edu.ar\/sitio\/wp-json\/wp\/v2\/media?parent=4304"}],"wp:term":[{"taxonomy":"category","embeddable":true,"href":"https:\/\/ies813pabloluppi-chu.infd.edu.ar\/sitio\/wp-json\/wp\/v2\/categories?post=4304"},{"taxonomy":"post_tag","embeddable":true,"href":"https:\/\/ies813pabloluppi-chu.infd.edu.ar\/sitio\/wp-json\/wp\/v2\/tags?post=4304"}],"curies":[{"name":"wp","href":"https:\/\/api.w.org\/{rel}","templated":true}]}}