{"id":5168,"date":"2022-08-29T12:36:27","date_gmt":"2022-08-29T15:36:27","guid":{"rendered":"https:\/\/ies813pabloluppi-chu.infd.edu.ar\/sitio\/?p=5168"},"modified":"2022-08-29T12:36:29","modified_gmt":"2022-08-29T15:36:29","slug":"lago-puelo-25-de-agosto-de-2022-llamados-a-concurso-2022","status":"publish","type":"post","link":"https:\/\/ies813pabloluppi-chu.infd.edu.ar\/sitio\/lago-puelo-25-de-agosto-de-2022-llamados-a-concurso-2022\/","title":{"rendered":"Lago Puelo,  25 de agosto de 2022 &#8211; Llamados a Concurso 2022"},"content":{"rendered":"\n<p>Lago Puelo, &nbsp;25 de agosto de 2022<strong><\/strong><\/p>\n\n\n\n<p><strong><u>Llamados a Concurso 2022<\/u><\/strong><strong><\/strong><\/p>\n\n\n\n<p><strong>El Instituto de Educaci\u00f3n Superior Nro. 813 \u201cProf. Pablo Luppi\u201d llama a concurso para los siguientes espacios curriculares:<\/strong><a><em><\/em><\/a><\/p>\n\n\n\n<p><a><strong>Profesorado de Educaci\u00f3n Especial con Orientaci\u00f3n en Discapacidad Intelectual. Sede Lago Puelo.- Res. N\u00b0 595\/17. 4to a\u00f1o. 3er llamado<\/strong><\/a><\/p>\n\n\n\n<figure class=\"wp-block-table\"><table><tbody><tr><td><strong>Unidad Curricular<\/strong><strong><\/strong><\/td><td><strong>Docentes<\/strong><strong><\/strong><\/td><td><strong>Cantidad de horas<\/strong><strong><\/strong><\/td><td><strong>Anual o Cuatrimestral<\/strong><strong><\/strong><strong>&nbsp;<\/strong><\/td><\/tr><tr><td>&nbsp;&nbsp;Equipos Interdisciplinarios&nbsp;&nbsp;<\/td><td>&nbsp;1 docente&nbsp;Suplente. (art.12)Para completar la pareja pedag\u00f3gica.<\/td><td>&nbsp;4 horas-Jueves18:oo a 20:25horas<\/td><td>&nbsp;&nbsp;Cuatrimestral<\/td><\/tr><\/tbody><\/table><\/figure>\n\n\n\n<p><em>Para ver los perfiles docentes requeridos podr\u00e1n remitirse al Dise\u00f1o Curricular vigente.<\/em><\/p>\n\n\n\n<p><strong>Profesorado de Educaci\u00f3n Inicial &#8211; Anexo Cholila \u2013&nbsp; Res 327\/22<\/strong><\/p>\n\n\n\n<p><strong>1\u00ba a\u00f1o \u2013 1\u00ba llamado<\/strong><\/p>\n\n\n\n<figure class=\"wp-block-table\"><table><tbody><tr><td><strong>Unidad Curricular<\/strong><strong><\/strong><\/td><td><strong>Docentes<\/strong>&nbsp;<\/td><td><strong>Cantidad de horas<\/strong><strong><\/strong><\/td><td><strong>Anual o Cuatrimestral<\/strong><strong><\/strong><\/td><\/tr><tr><td><strong>&nbsp;<\/strong><strong>Did\u00e1ctica General<\/strong><strong>&nbsp;<\/strong><\/td><td><strong>1 docente suplente<\/strong><strong><\/strong>Formaci\u00f3n en Ciencias de la Educaci\u00f3n o equivalente, con orientaci\u00f3n y\/o experienciaen el \u00e1rea de la Did\u00e1ctica General.<\/td><td><strong>3 hs<\/strong><strong><\/strong><strong>Jueves&nbsp;<\/strong>de 18 a 19:45 hs<\/td><td><strong>&nbsp;<\/strong><strong>Anual<\/strong><\/td><\/tr><tr><td><strong>Pedagog\u00eda<\/strong><\/td><td><strong>1 docente suplente<\/strong><strong><\/strong>Formaci\u00f3n en Ciencias de la Educaci\u00f3n o equivalente, con orientaci\u00f3n y\/o experienciaen el \u00e1rea de la Pedagog\u00eda.<\/td><td><strong>3 hs<\/strong><strong><\/strong><strong>Jueves&nbsp;<\/strong>de 19:55 hs a 21:40 hs<strong>\u00f3 Viernes&nbsp;<\/strong>de 19:55 a 21:40 hs<\/td><td><strong>&nbsp;<\/strong><strong>Anual<\/strong><\/td><\/tr><\/tbody><\/table><\/figure>\n\n\n\n<p><a href=\"https:\/\/ies813pabloluppi-chu.infd.edu.ar\/sitio\/llamados-a-concurso\/\" target=\"_blank\" rel=\"noreferrer noopener\"><strong>Las bases y el detalle de los mismos est\u00e1n disponibles en la p\u00e1gina web:<\/strong>\u00a0<\/a><\/p>\n\n\n\n<p><strong>\u00a0Consultas:\u00a0<\/strong><a rel=\"noreferrer noopener\" href=\"mailto:concursosisfd813@gmail.com#_blank\" target=\"_blank\">concursosisfd813@gmail.com<\/a>\u00a0<strong>Fecha l\u00edmite para la presentaci\u00f3n de antecedentes y proyecto\u00a0martes \u00a030 de Agosto \u00a0de\u00a02022 hasta las 19 hs.<\/strong><\/p>\n","protected":false},"excerpt":{"rendered":"<p>Lago Puelo, &nbsp;25 de agosto de 2022 Llamados a Concurso 2022 El Instituto de Educaci\u00f3n Superior Nro. 813 \u201cProf. Pablo Luppi\u201d llama a concurso para los siguientes espacios curriculares: Profesorado de Educaci\u00f3n Especial con Orientaci\u00f3n en Discapacidad Intelectual. Sede Lago Puelo.- Res. N\u00b0 595\/17. 4to a\u00f1o. 3er llamado Unidad Curricular Docentes Cantidad de horas Anual &#8230; <a title=\"Lago Puelo,  25 de agosto de 2022 &#8211; Llamados a Concurso 2022\" class=\"read-more\" href=\"https:\/\/ies813pabloluppi-chu.infd.edu.ar\/sitio\/lago-puelo-25-de-agosto-de-2022-llamados-a-concurso-2022\/\" aria-label=\"More on Lago Puelo,  25 de agosto de 2022 &#8211; Llamados a Concurso 2022\">[+]<\/a><\/p>\n","protected":false},"author":1899,"featured_media":0,"comment_status":"closed","ping_status":"closed","sticky":false,"template":"","format":"standard","meta":[],"categories":[14],"tags":[],"acf":[],"_links":{"self":[{"href":"https:\/\/ies813pabloluppi-chu.infd.edu.ar\/sitio\/wp-json\/wp\/v2\/posts\/5168"}],"collection":[{"href":"https:\/\/ies813pabloluppi-chu.infd.edu.ar\/sitio\/wp-json\/wp\/v2\/posts"}],"about":[{"href":"https:\/\/ies813pabloluppi-chu.infd.edu.ar\/sitio\/wp-json\/wp\/v2\/types\/post"}],"author":[{"embeddable":true,"href":"https:\/\/ies813pabloluppi-chu.infd.edu.ar\/sitio\/wp-json\/wp\/v2\/users\/1899"}],"replies":[{"embeddable":true,"href":"https:\/\/ies813pabloluppi-chu.infd.edu.ar\/sitio\/wp-json\/wp\/v2\/comments?post=5168"}],"version-history":[{"count":1,"href":"https:\/\/ies813pabloluppi-chu.infd.edu.ar\/sitio\/wp-json\/wp\/v2\/posts\/5168\/revisions"}],"predecessor-version":[{"id":5169,"href":"https:\/\/ies813pabloluppi-chu.infd.edu.ar\/sitio\/wp-json\/wp\/v2\/posts\/5168\/revisions\/5169"}],"wp:attachment":[{"href":"https:\/\/ies813pabloluppi-chu.infd.edu.ar\/sitio\/wp-json\/wp\/v2\/media?parent=5168"}],"wp:term":[{"taxonomy":"category","embeddable":true,"href":"https:\/\/ies813pabloluppi-chu.infd.edu.ar\/sitio\/wp-json\/wp\/v2\/categories?post=5168"},{"taxonomy":"post_tag","embeddable":true,"href":"https:\/\/ies813pabloluppi-chu.infd.edu.ar\/sitio\/wp-json\/wp\/v2\/tags?post=5168"}],"curies":[{"name":"wp","href":"https:\/\/api.w.org\/{rel}","templated":true}]}}