{"id":5174,"date":"2022-09-08T11:16:26","date_gmt":"2022-09-08T14:16:26","guid":{"rendered":"https:\/\/ies813pabloluppi-chu.infd.edu.ar\/sitio\/?p=5174"},"modified":"2022-09-08T11:16:28","modified_gmt":"2022-09-08T14:16:28","slug":"lago-puelo-7-de-septiembre-de-2022-llamados-a-concurso-2022","status":"publish","type":"post","link":"https:\/\/ies813pabloluppi-chu.infd.edu.ar\/sitio\/lago-puelo-7-de-septiembre-de-2022-llamados-a-concurso-2022\/","title":{"rendered":"Lago Puelo, 7 de septiembre de 2022 &#8211; Llamados a Concurso 2022"},"content":{"rendered":"\n<p>Lago Puelo, 7 de septiembre de 2022<strong><\/strong><\/p>\n\n\n\n<p><strong><u>Llamados a Concurso 2022<\/u><\/strong><strong><\/strong><\/p>\n\n\n\n<p><strong>El Instituto de Educaci\u00f3n Superior Nro. 813 \u201cProf. Pablo Luppi\u201d llama a concurso para los siguientes espacios curriculares:<\/strong><a><em><\/em><\/a><\/p>\n\n\n\n<p><a><strong>Profesorado de Educaci\u00f3n Especial con Orientaci\u00f3n en Discapacidad Intelectual. Sede Lago Puelo- Res. N\u00b0 595\/17. 4to a\u00f1o &#8211; 4to llamado.<\/strong><\/a><\/p>\n\n\n\n<figure class=\"wp-block-table\"><table><tbody><tr><td><strong>Unidad Curricular<\/strong><strong><\/strong><\/td><td><strong>Docentes<\/strong><strong><\/strong><\/td><td><strong>Cantidad de horas<\/strong><strong><\/strong><\/td><td><strong>Anual o Cuatrimestral<\/strong><strong><\/strong><strong>&nbsp;<\/strong><\/td><\/tr><tr><td>&nbsp;&nbsp;Equipos Interdisciplinarios&nbsp;&nbsp;<\/td><td>&nbsp;1 docente&nbsp;suplente (art.12)para completar pareja pedag\u00f3gica.<\/td><td>&nbsp;4 horas-Jueves18:00 a 20:25horas<\/td><td>&nbsp;&nbsp;Cuatrimestral<\/td><\/tr><\/tbody><\/table><\/figure>\n\n\n\n<p><em>Para ver los perfiles docentes requeridos podr\u00e1n remitirse al Dise\u00f1o Curricular vigente.<\/em><\/p>\n\n\n\n<p><strong>Profesorado de Educaci\u00f3n Inicial &#8211; Anexo Cholila \u2013&nbsp; Res 327\/22<\/strong><\/p>\n\n\n\n<p><strong>1\u00ba a\u00f1o \u2013 2\u00b0 llamado.<\/strong><\/p>\n\n\n\n<figure class=\"wp-block-table\"><table><tbody><tr><td><strong>Unidad Curricular<\/strong><strong><\/strong><\/td><td><strong>Docentes<\/strong>&nbsp;<\/td><td><strong>Cantidad de horas<\/strong><strong><\/strong><\/td><td><strong>Anual o Cuatrimestral<\/strong><strong><\/strong><\/td><\/tr><tr><td><strong>&nbsp;<\/strong><strong>Did\u00e1ctica General<\/strong><strong>&nbsp;<\/strong><\/td><td><strong>1 docente suplente<\/strong><strong><\/strong>Formaci\u00f3n en Ciencias de la Educaci\u00f3n o equivalente, con orientaci\u00f3n y\/o experienciaen el \u00e1rea de la Did\u00e1ctica General.<\/td><td><strong>3 hs<\/strong><strong>Jueves&nbsp;<\/strong>de 18 a 19:45 hs<\/td><td><strong>&nbsp;<\/strong><strong>Anual<\/strong><\/td><\/tr><tr><td><strong>Pedagog\u00eda<\/strong><\/td><td><strong>1 docente suplente<\/strong><strong><\/strong>Formaci\u00f3n en Ciencias de la Educaci\u00f3n o equivalente, con orientaci\u00f3n y\/o experienciaen el \u00e1rea de la Pedagog\u00eda.<\/td><td><strong>3 hs<\/strong><strong>Jueves&nbsp;<\/strong>de 19:55 hs a 21:40 hs<strong>o Viernes&nbsp;<\/strong>de 19:55 a 21:40 hs<\/td><td><strong>&nbsp;<\/strong><strong>Anual<\/strong><\/td><\/tr><\/tbody><\/table><\/figure>\n\n\n\n<p>\u00b7&nbsp;&nbsp;&nbsp;&nbsp;&nbsp;&nbsp;&nbsp;&nbsp;&nbsp;<strong>Prof. de Educaci\u00f3n Primaria \u2013 Sede Lago Puelo Res. E\/T \u2013 1er a\u00f1o \u2013 1er Llamado.<\/strong><\/p>\n\n\n\n<figure class=\"wp-block-table\"><table><tbody><tr><td><strong>Unidad Curricular<\/strong><strong><\/strong><strong>&nbsp;<\/strong><\/td><td><strong>Docentes<\/strong><strong><\/strong><strong>&nbsp;<\/strong><\/td><td><strong>Cantidad de horas<\/strong><strong><\/strong><strong>&nbsp;<\/strong><\/td><td><strong>Anual o Cuatrimestral<\/strong><strong><\/strong><\/td><\/tr><tr><td>Ciencias Sociales<\/td><td>1 docente (profesor de ed. primaria) suplente&nbsp;para completar pareja pedag\u00f3gica<br><\/td><td>3 hsJueves de 18 a 20 hs<\/td><td>Anual(A t\u00e9rmino)<\/td><\/tr><\/tbody><\/table><\/figure>\n\n\n\n<p>Perfil docente: un&nbsp;<em>Profesor<\/em>\/a de nivel Primario.<\/p>\n\n\n\n<p>\u00b7&nbsp;&nbsp;&nbsp;&nbsp;&nbsp;&nbsp;&nbsp;&nbsp;&nbsp;<strong>Prof. de Educaci\u00f3n Primaria &#8211; Anexo Epuy\u00e9n Res N\u00b0 310\/14 \u2013 2do a\u00f1o \u2013 2do &nbsp;&nbsp;Llamado<\/strong><\/p>\n\n\n\n<figure class=\"wp-block-table\"><table><tbody><tr><td><strong>Unidad Curricular<\/strong><strong><\/strong><strong>&nbsp;<\/strong><\/td><td><strong>Docentes<\/strong><strong><\/strong><strong>&nbsp;<\/strong><\/td><td><strong>Cantidad de horas<\/strong><strong><\/strong><strong>&nbsp;<\/strong><\/td><td><strong>Anual o Cuatrimestral<\/strong><strong><\/strong><\/td><\/tr><tr><td>&nbsp;Did\u00e1ctica de la&nbsp;matem\u00e1tica en el 1er ciclo&nbsp;<\/td><td>&nbsp;&nbsp;1 docente (profesor de ed. primaria) interino para completar pareja pedag\u00f3gica<\/td><td>&nbsp;4 hs&nbsp;Jueves de 20 a 22 hs&nbsp;<\/td><td>&nbsp;Anual<\/td><\/tr><\/tbody><\/table><\/figure>\n\n\n\n<p><strong><a href=\"https:\/\/ies813pabloluppi-chu.infd.edu.ar\/sitio\/llamados-a-concurso\/\">Las bases y el detalle de los mismos est\u00e1n disponibles en la p\u00e1gina web:<\/a><\/strong><\/p>\n\n\n\n<p><strong>\u00a0Consultas:\u00a0<\/strong><a rel=\"noreferrer noopener\" href=\"mailto:concursosisfd813@gmail.com#_blank\" target=\"_blank\">concursosisfd813@gmail.com<\/a>\u00a0<strong>Fecha l\u00edmite para la presentaci\u00f3n de antecedentes y proyecto\u00a0lunes 12 de septiembre de\u00a02022 hasta las 19 hs.<\/strong><\/p>\n","protected":false},"excerpt":{"rendered":"<p>Lago Puelo, 7 de septiembre de 2022 Llamados a Concurso 2022 El Instituto de Educaci\u00f3n Superior Nro. 813 \u201cProf. Pablo Luppi\u201d llama a concurso para los siguientes espacios curriculares: Profesorado de Educaci\u00f3n Especial con Orientaci\u00f3n en Discapacidad Intelectual. Sede Lago Puelo- Res. N\u00b0 595\/17. 4to a\u00f1o &#8211; 4to llamado. Unidad Curricular Docentes Cantidad de horas &#8230; <a title=\"Lago Puelo, 7 de septiembre de 2022 &#8211; Llamados a Concurso 2022\" class=\"read-more\" href=\"https:\/\/ies813pabloluppi-chu.infd.edu.ar\/sitio\/lago-puelo-7-de-septiembre-de-2022-llamados-a-concurso-2022\/\" aria-label=\"More on Lago Puelo, 7 de septiembre de 2022 &#8211; Llamados a Concurso 2022\">[+]<\/a><\/p>\n","protected":false},"author":1899,"featured_media":0,"comment_status":"closed","ping_status":"closed","sticky":false,"template":"","format":"standard","meta":[],"categories":[14],"tags":[],"acf":[],"_links":{"self":[{"href":"https:\/\/ies813pabloluppi-chu.infd.edu.ar\/sitio\/wp-json\/wp\/v2\/posts\/5174"}],"collection":[{"href":"https:\/\/ies813pabloluppi-chu.infd.edu.ar\/sitio\/wp-json\/wp\/v2\/posts"}],"about":[{"href":"https:\/\/ies813pabloluppi-chu.infd.edu.ar\/sitio\/wp-json\/wp\/v2\/types\/post"}],"author":[{"embeddable":true,"href":"https:\/\/ies813pabloluppi-chu.infd.edu.ar\/sitio\/wp-json\/wp\/v2\/users\/1899"}],"replies":[{"embeddable":true,"href":"https:\/\/ies813pabloluppi-chu.infd.edu.ar\/sitio\/wp-json\/wp\/v2\/comments?post=5174"}],"version-history":[{"count":1,"href":"https:\/\/ies813pabloluppi-chu.infd.edu.ar\/sitio\/wp-json\/wp\/v2\/posts\/5174\/revisions"}],"predecessor-version":[{"id":5175,"href":"https:\/\/ies813pabloluppi-chu.infd.edu.ar\/sitio\/wp-json\/wp\/v2\/posts\/5174\/revisions\/5175"}],"wp:attachment":[{"href":"https:\/\/ies813pabloluppi-chu.infd.edu.ar\/sitio\/wp-json\/wp\/v2\/media?parent=5174"}],"wp:term":[{"taxonomy":"category","embeddable":true,"href":"https:\/\/ies813pabloluppi-chu.infd.edu.ar\/sitio\/wp-json\/wp\/v2\/categories?post=5174"},{"taxonomy":"post_tag","embeddable":true,"href":"https:\/\/ies813pabloluppi-chu.infd.edu.ar\/sitio\/wp-json\/wp\/v2\/tags?post=5174"}],"curies":[{"name":"wp","href":"https:\/\/api.w.org\/{rel}","templated":true}]}}