{"id":5176,"date":"2022-09-15T10:08:20","date_gmt":"2022-09-15T13:08:20","guid":{"rendered":"https:\/\/ies813pabloluppi-chu.infd.edu.ar\/sitio\/?p=5176"},"modified":"2022-09-15T10:08:23","modified_gmt":"2022-09-15T13:08:23","slug":"lago-puelo-14-de-septiembre-de-2022-llamados-a-concurso-2022","status":"publish","type":"post","link":"https:\/\/ies813pabloluppi-chu.infd.edu.ar\/sitio\/lago-puelo-14-de-septiembre-de-2022-llamados-a-concurso-2022\/","title":{"rendered":"Lago Puelo, 14 de septiembre de 2022 &#8211; Llamados a Concurso 2022"},"content":{"rendered":"\n<p>Lago Puelo, 14 de septiembre de 2022<strong><\/strong><\/p>\n\n\n\n<p><strong><u>Llamados a Concurso 2022<\/u><\/strong><strong><\/strong><\/p>\n\n\n\n<p><strong>El Instituto de Educaci\u00f3n Superior Nro. 813 \u201cProf. Pablo Luppi\u201d llama a concurso para los siguientes espacios curriculares:<\/strong><a><em><\/em><\/a><\/p>\n\n\n\n<p><strong>Profesorado de Educaci\u00f3n Inicial &#8211; Anexo Cholila&nbsp;\u2013 Res. 327\/22 &#8211; 1\u00ba a\u00f1o \u2013 1\u00ba llamado<\/strong><\/p>\n\n\n\n<figure class=\"wp-block-table\"><table><tbody><tr><td><strong>Unidad Curricular<\/strong><\/td><td><strong>Docentes<\/strong>&nbsp;<\/td><td><strong>Cantidad de horas<\/strong><\/td><td><strong>Anual o Cuatrimestral<\/strong><\/td><\/tr><tr><td><strong>Psicolog\u00eda Educacional<\/strong><\/td><td><strong>1 docente suplente<\/strong>Formaci\u00f3n espec\u00edfica en Psicolog\u00eda Educacional, Psicopedagog\u00eda y\/o en Ciencias de la Educaci\u00f3n, con orientaci\u00f3n y experiencia en el \u00e1rea de la psicolog\u00eda<\/td><td><strong>3 hs<\/strong>Lunes de 20:30 hs a 22:05 hs<\/td><td><strong>Anual<\/strong><\/td><\/tr><tr><td><strong>Pr\u00e1ctica Profesional Docente I<\/strong><\/td><td><strong>1 docente suplente para completar equipo<\/strong>Docente de Educaci\u00f3n Especial<\/td><td><strong>5 hs<\/strong>Lunes de 18 a 20:20 hs<\/td><td><strong>Anual<\/strong><\/td><\/tr><\/tbody><\/table><\/figure>\n\n\n\n<p><strong>Prof. de Educaci\u00f3n Primaria &#8211; Anexo Epuy\u00e9n Res N\u00b0 310\/14 \u2013 2do a\u00f1o \u2013 3er &nbsp;&nbsp;llamado<\/strong><\/p>\n\n\n\n<figure class=\"wp-block-table\"><table><tbody><tr><td><strong>Unidad Curricular<\/strong><strong><\/strong><strong>&nbsp;<\/strong><\/td><td><strong>Docentes<\/strong><strong><\/strong><strong>&nbsp;<\/strong><\/td><td><strong>Cantidad de horas<\/strong><strong><\/strong><strong>&nbsp;<\/strong><\/td><td><strong>Anual o Cuatrimestral<\/strong><strong><\/strong><\/td><\/tr><tr><td>&nbsp;<strong>Did\u00e1ctica de la M<\/strong><strong>atem\u00e1tica en el 1er ciclo<\/strong>&nbsp;<\/td><td>&nbsp;&nbsp;1 docente (profesor de ense\u00f1ada primaria) interino para completar pareja pedag\u00f3gica<\/td><td>&nbsp;4 hs (jueves de 20.00a 22.00 hs)&nbsp;<\/td><td>&nbsp;Anual<\/td><\/tr><\/tbody><\/table><\/figure>\n\n\n\n<p><a href=\"https:\/\/ies813pabloluppi-chu.infd.edu.ar\/sitio\/llamados-a-concurso\/\" data-type=\"URL\" data-id=\"https:\/\/ies813pabloluppi-chu.infd.edu.ar\/sitio\/llamados-a-concurso\/\" target=\"_blank\" rel=\"noreferrer noopener\"><em>\u00a0<\/em><strong>Las bases y el detalle de los mismos est\u00e1n disponibles en la p\u00e1gina web:<\/strong>\u00a0<\/a><\/p>\n\n\n\n<p><strong>\u00a0Consultas:\u00a0<\/strong><a rel=\"noreferrer noopener\" href=\"mailto:concursosisfd813@gmail.com#_blank\" target=\"_blank\">concursosisfd813@gmail.com<\/a>\u00a0<strong>Fecha l\u00edmite para la presentaci\u00f3n de antecedentes y proyecto\u00a0martes 20 de septiembre de\u00a02022 hasta las 19 hs.<\/strong><\/p>\n","protected":false},"excerpt":{"rendered":"<p>Lago Puelo, 14 de septiembre de 2022 Llamados a Concurso 2022 El Instituto de Educaci\u00f3n Superior Nro. 813 \u201cProf. Pablo Luppi\u201d llama a concurso para los siguientes espacios curriculares: Profesorado de Educaci\u00f3n Inicial &#8211; Anexo Cholila&nbsp;\u2013 Res. 327\/22 &#8211; 1\u00ba a\u00f1o \u2013 1\u00ba llamado Unidad Curricular Docentes&nbsp; Cantidad de horas Anual o Cuatrimestral Psicolog\u00eda Educacional &#8230; <a title=\"Lago Puelo, 14 de septiembre de 2022 &#8211; Llamados a Concurso 2022\" class=\"read-more\" href=\"https:\/\/ies813pabloluppi-chu.infd.edu.ar\/sitio\/lago-puelo-14-de-septiembre-de-2022-llamados-a-concurso-2022\/\" aria-label=\"More on Lago Puelo, 14 de septiembre de 2022 &#8211; Llamados a Concurso 2022\">[+]<\/a><\/p>\n","protected":false},"author":1899,"featured_media":0,"comment_status":"closed","ping_status":"closed","sticky":false,"template":"","format":"standard","meta":[],"categories":[14],"tags":[],"acf":[],"_links":{"self":[{"href":"https:\/\/ies813pabloluppi-chu.infd.edu.ar\/sitio\/wp-json\/wp\/v2\/posts\/5176"}],"collection":[{"href":"https:\/\/ies813pabloluppi-chu.infd.edu.ar\/sitio\/wp-json\/wp\/v2\/posts"}],"about":[{"href":"https:\/\/ies813pabloluppi-chu.infd.edu.ar\/sitio\/wp-json\/wp\/v2\/types\/post"}],"author":[{"embeddable":true,"href":"https:\/\/ies813pabloluppi-chu.infd.edu.ar\/sitio\/wp-json\/wp\/v2\/users\/1899"}],"replies":[{"embeddable":true,"href":"https:\/\/ies813pabloluppi-chu.infd.edu.ar\/sitio\/wp-json\/wp\/v2\/comments?post=5176"}],"version-history":[{"count":1,"href":"https:\/\/ies813pabloluppi-chu.infd.edu.ar\/sitio\/wp-json\/wp\/v2\/posts\/5176\/revisions"}],"predecessor-version":[{"id":5177,"href":"https:\/\/ies813pabloluppi-chu.infd.edu.ar\/sitio\/wp-json\/wp\/v2\/posts\/5176\/revisions\/5177"}],"wp:attachment":[{"href":"https:\/\/ies813pabloluppi-chu.infd.edu.ar\/sitio\/wp-json\/wp\/v2\/media?parent=5176"}],"wp:term":[{"taxonomy":"category","embeddable":true,"href":"https:\/\/ies813pabloluppi-chu.infd.edu.ar\/sitio\/wp-json\/wp\/v2\/categories?post=5176"},{"taxonomy":"post_tag","embeddable":true,"href":"https:\/\/ies813pabloluppi-chu.infd.edu.ar\/sitio\/wp-json\/wp\/v2\/tags?post=5176"}],"curies":[{"name":"wp","href":"https:\/\/api.w.org\/{rel}","templated":true}]}}