{"id":5271,"date":"2022-10-04T12:38:08","date_gmt":"2022-10-04T15:38:08","guid":{"rendered":"https:\/\/ies813pabloluppi-chu.infd.edu.ar\/sitio\/?p=5271"},"modified":"2022-10-04T12:38:09","modified_gmt":"2022-10-04T15:38:09","slug":"llamado-interno-para-cubrir-cargo-de-coordinador-de-anexo-cholila-3-10-2022","status":"publish","type":"post","link":"https:\/\/ies813pabloluppi-chu.infd.edu.ar\/sitio\/llamado-interno-para-cubrir-cargo-de-coordinador-de-anexo-cholila-3-10-2022\/","title":{"rendered":"Llamado interno para cubrir cargo de coordinador de anexo Cholila &#8211; 3\/10\/2022"},"content":{"rendered":"\n<p><em>Llamado interno para cubrir cargo de coordinador de anexo Cholila<\/em><\/p>\n\n\n\n<p><strong>Fecha l\u00edmite para la presentaci\u00f3n de antecedentes y proyecto (formato digital e impreso) &nbsp;&nbsp;el d\u00eda 11 de octubre del 2022 &nbsp;19 hs.<\/strong><\/p>\n\n\n\n<p><strong>\u00a0\u00a0\u00a0\u00a0\u00a0\u00a0\u00a0\u00a0\u00a0\u00a0 Mail:\u00a0<a rel=\"noreferrer noopener\" href=\"mailto:concursosisfd813@gmail.com\" target=\"_blank\">concursosisfd813@gmail.com<\/a><\/strong><br>&#8212;<br><strong>I.E.S.N\u00ba 813 Prof. Pablo Luppi<br>Te: 0294 4499 748<br>Red N\u00ba 5064<br>Remigio Nogu\u00e9s s\/n Lago Puelo<br>CP. 9211.\u00a0 Chubut<\/strong><\/p>\n\n\n\n<p><a rel=\"noreferrer noopener\" href=\"https:\/\/ies813pabloluppi-chu.infd.edu.ar\/sitio\/bases-para-concursos\/\" data-type=\"URL\" data-id=\"https:\/\/ies813pabloluppi-chu.infd.edu.ar\/sitio\/bases-para-concursos\/\" target=\"_blank\">Bases aqu\u00ed<\/a><\/p>\n\n\n\n<p><br><strong><a rel=\"noreferrer noopener\" href=\"mailto:isfd813@gmail.com\" target=\"_blank\">ies813pabloluppi@gmail.com<\/a><\/strong><\/p>\n\n\n\n<p><strong><u><a rel=\"noreferrer noopener\" href=\"https:\/\/www.facebook.com\/isfd813lp\/?ref=hl\" target=\"_blank\">https:\/\/www.facebook.com\/isfd813lp\/?ref=h<\/a><\/u><\/strong><\/p>\n","protected":false},"excerpt":{"rendered":"<p>Llamado interno para cubrir cargo de coordinador de anexo Cholila Fecha l\u00edmite para la presentaci\u00f3n de antecedentes y proyecto (formato digital e impreso) &nbsp;&nbsp;el d\u00eda 11 de octubre del 2022 &nbsp;19 hs. \u00a0\u00a0\u00a0\u00a0\u00a0\u00a0\u00a0\u00a0\u00a0\u00a0 Mail:\u00a0concursosisfd813@gmail.com&#8212;I.E.S.N\u00ba 813 Prof. Pablo LuppiTe: 0294 4499 748Red N\u00ba 5064Remigio Nogu\u00e9s s\/n Lago PueloCP. 9211.\u00a0 Chubut Bases aqu\u00ed ies813pabloluppi@gmail.com https:\/\/www.facebook.com\/isfd813lp\/?ref=h<\/p>\n","protected":false},"author":1899,"featured_media":0,"comment_status":"closed","ping_status":"closed","sticky":false,"template":"","format":"standard","meta":[],"categories":[14],"tags":[],"acf":[],"_links":{"self":[{"href":"https:\/\/ies813pabloluppi-chu.infd.edu.ar\/sitio\/wp-json\/wp\/v2\/posts\/5271"}],"collection":[{"href":"https:\/\/ies813pabloluppi-chu.infd.edu.ar\/sitio\/wp-json\/wp\/v2\/posts"}],"about":[{"href":"https:\/\/ies813pabloluppi-chu.infd.edu.ar\/sitio\/wp-json\/wp\/v2\/types\/post"}],"author":[{"embeddable":true,"href":"https:\/\/ies813pabloluppi-chu.infd.edu.ar\/sitio\/wp-json\/wp\/v2\/users\/1899"}],"replies":[{"embeddable":true,"href":"https:\/\/ies813pabloluppi-chu.infd.edu.ar\/sitio\/wp-json\/wp\/v2\/comments?post=5271"}],"version-history":[{"count":1,"href":"https:\/\/ies813pabloluppi-chu.infd.edu.ar\/sitio\/wp-json\/wp\/v2\/posts\/5271\/revisions"}],"predecessor-version":[{"id":5272,"href":"https:\/\/ies813pabloluppi-chu.infd.edu.ar\/sitio\/wp-json\/wp\/v2\/posts\/5271\/revisions\/5272"}],"wp:attachment":[{"href":"https:\/\/ies813pabloluppi-chu.infd.edu.ar\/sitio\/wp-json\/wp\/v2\/media?parent=5271"}],"wp:term":[{"taxonomy":"category","embeddable":true,"href":"https:\/\/ies813pabloluppi-chu.infd.edu.ar\/sitio\/wp-json\/wp\/v2\/categories?post=5271"},{"taxonomy":"post_tag","embeddable":true,"href":"https:\/\/ies813pabloluppi-chu.infd.edu.ar\/sitio\/wp-json\/wp\/v2\/tags?post=5271"}],"curies":[{"name":"wp","href":"https:\/\/api.w.org\/{rel}","templated":true}]}}