{"id":5294,"date":"2022-12-23T21:19:48","date_gmt":"2022-12-24T00:19:48","guid":{"rendered":"https:\/\/ies813pabloluppi-chu.infd.edu.ar\/sitio\/?p=5294"},"modified":"2022-12-23T21:22:20","modified_gmt":"2022-12-24T00:22:20","slug":"lago-puelo-22-de-diciembre-de-2022-llamados-a-concurso-2022","status":"publish","type":"post","link":"https:\/\/ies813pabloluppi-chu.infd.edu.ar\/sitio\/lago-puelo-22-de-diciembre-de-2022-llamados-a-concurso-2022\/","title":{"rendered":"Lago Puelo, 22 de diciembre de 2022 &#8211; Llamados a Concurso 2022"},"content":{"rendered":"\n<p><strong><u>Llamados a Concurso 2022<\/u><\/strong><strong><\/strong><\/p>\n\n\n\n<p><strong>El Instituto de Educaci\u00f3n Superior Nro. 813 \u201cProf. Pablo Luppi\u201d llama a concurso para los siguientes espacios curriculares:<\/strong><em><\/em><\/p>\n\n\n\n<p><strong>Profesorado de Educaci\u00f3n Secundara en Matem\u00e1tica Sede Lago Puelo &#8211; Res N\u00b0543\/19 \u2013 1er. a\u00f1o \u2013 1er llamado<\/strong><\/p>\n\n\n\n<figure class=\"wp-block-table\"><table><tbody><tr><td><strong>Unidad Curricular<\/strong><strong><\/strong><\/td><td><strong>Docentes<\/strong><strong><\/strong><\/td><td><strong>Cantidad de horas<\/strong><strong><\/strong><\/td><td><strong>Anual o Cuatrimestral<\/strong><strong><\/strong><\/td><\/tr><tr><td>Geometr\u00eda del Plano<\/td><td>1 Docente Interino<\/td><td>&nbsp;6 horas c\u00e1tedra&nbsp;<\/td><td>&nbsp;Anual&nbsp;<\/td><\/tr><\/tbody><\/table><\/figure>\n\n\n\n<p><em>Perfil requerido<\/em>&nbsp;Profesor\/a de Matem\u00e1tica<\/p>\n\n\n\n<p>Puede consultarse el Dise\u00f1o Curricular de la carrera en:<\/p>\n\n\n\n<figure class=\"wp-block-embed\"><div class=\"wp-block-embed__wrapper\">\nhttps:\/\/ies813pabloluppi-chu.infd.edu.ar\/sitio\/wp-content\/uploads\/2020\/05\/DC_PES-MAT-Res-543-19.pdf\n<\/div><\/figure>\n\n\n\n<p><strong>Profesorado de Educaci\u00f3n Secundara en Matem\u00e1tica Sede Lago Puelo &#8211; Res N\u00b0543\/19 \u2013 2do. a\u00f1o \u2013 1er llamado<\/strong><\/p>\n\n\n\n<figure class=\"wp-block-table\"><table><tbody><tr><td><strong>Unidad Curricular<\/strong><strong><\/strong><\/td><td><strong>Docentes<\/strong><strong><\/strong><\/td><td><strong>Cantidad de horas<\/strong><strong><\/strong><\/td><td><strong>Anual o Cuatrimestral<\/strong><strong><\/strong><\/td><\/tr><tr><td>\u00c1lgebra Lineal1<\/td><td>1 Docente Interino<\/td><td>&nbsp;5 horas c\u00e1tedra&nbsp;<\/td><td>&nbsp;Anual&nbsp;<\/td><\/tr><tr><td>Did\u00e1ctica de la Matem\u00e1tica I2<\/td><td>1 Docente Interino (para conformar pareja pedag\u00f3gica con docente ya designado)<\/td><td>6 horas c\u00e1tedra<\/td><td>Anual<\/td><\/tr><\/tbody><\/table><\/figure>\n\n\n\n<p><em><sup>1<\/sup><\/em><em>Perfil requerido<\/em>&nbsp;Profesor\/a de Matem\u00e1tica<\/p>\n\n\n\n<p><sup>2<\/sup><em>Perfil requerido<\/em>&nbsp;\u2026un\/a profesor\/a de Matem\u00e1tica con experiencia en la ense\u00f1anza en la Escuela Secundaria\u2026<\/p>\n\n\n\n<p>Puede consultarse el Dise\u00f1o Curricular de la carrera en:<\/p>\n\n\n\n<figure class=\"wp-block-embed\"><div class=\"wp-block-embed__wrapper\">\nhttps:\/\/ies813pabloluppi-chu.infd.edu.ar\/sitio\/wp-content\/uploads\/2020\/05\/DC_PES-MAT-Res-543-19.pdf\n<\/div><\/figure>\n\n\n\n<p><strong>Profesorado de Educaci\u00f3n Secundara en Matem\u00e1tica Sede Lago Puelo &#8211; Res N\u00b0543\/19 \u2013 3er. a\u00f1o \u2013 1er llamado<\/strong><\/p>\n\n\n\n<figure class=\"wp-block-table\"><table><tbody><tr><td><strong>Unidad Curricular<\/strong><strong><\/strong><\/td><td><strong>Docentes<\/strong><strong><\/strong><\/td><td><strong>Cantidad de horas<\/strong><strong><\/strong><\/td><td><strong>Anual o Cuatrimestral<\/strong><strong><\/strong><\/td><\/tr><tr><td>Estructuras Algebraicas1<\/td><td>1 Docente Interino<\/td><td>&nbsp;4 horas c\u00e1tedra&nbsp;<\/td><td>&nbsp;Anual&nbsp;<\/td><\/tr><tr><td>Did\u00e1ctica de la Matem\u00e1tica I2<\/td><td>1 Docente Interino (para conformar pareja pedag\u00f3gica con docente ya designado)<\/td><td>6 horas c\u00e1tedra<\/td><td>Anual<\/td><\/tr><\/tbody><\/table><\/figure>\n\n\n\n<p><em><sup>1<\/sup><\/em><em>Perfil requerido<\/em>&nbsp;Profesor\/a de Matem\u00e1tica<\/p>\n\n\n\n<p><sup>2<\/sup><em>Perfil requerido<\/em>&nbsp;\u2026un\/a profesor\/a de Matem\u00e1tica con experiencia en la ense\u00f1anza en la Escuela Secundaria\u2026<\/p>\n\n\n\n<p>Puede consultarse el Dise\u00f1o Curricular de la carrera en:<\/p>\n\n\n\n<figure class=\"wp-block-embed\"><div class=\"wp-block-embed__wrapper\">\nhttps:\/\/ies813pabloluppi-chu.infd.edu.ar\/sitio\/wp-content\/uploads\/2020\/05\/DC_PES-MAT-Res-543-19.pdf\n<\/div><\/figure>\n\n\n\n<p><strong>Profesorado de Educaci\u00f3n Secundara en Matem\u00e1tica Sede Lago Puelo &#8211; Res N\u00b0543\/19 \u2013 4to. a\u00f1o \u2013 1er llamado<\/strong><\/p>\n\n\n\n<figure class=\"wp-block-table\"><table><tbody><tr><td><strong>Unidad Curricular<\/strong><strong><\/strong><\/td><td><strong>Docentes<\/strong><strong><\/strong><\/td><td><strong>Cantidad de horas<\/strong><strong><\/strong><\/td><td><strong>Anual o Cuatrimestral<\/strong><strong><\/strong><\/td><\/tr><tr><td>An\u00e1lisis y Dise\u00f1o de la Ense\u00f1anza de la Matem\u00e1tica1<\/td><td>1 Docente Interino<\/td><td>&nbsp;4 horas c\u00e1tedra&nbsp;<\/td><td>&nbsp;Anual&nbsp;<\/td><\/tr><tr><td>Pr\u00e1ctica Profesional Docente IV y Residencia2<\/td><td>2 Docentes Interinos (para conformar pareja pedag\u00f3gica con docente ya designado)<\/td><td>11 horas c\u00e1tedra<\/td><td>Anual<\/td><\/tr><\/tbody><\/table><\/figure>\n\n\n\n<p><em><sup>1<\/sup><\/em><em>Perfil requerido<\/em>&nbsp;Profesor\/a de Matem\u00e1tica con postitulaci\u00f3n en Ense\u00f1anza de la Matem\u00e1tica<\/p>\n\n\n\n<p><sup>2<\/sup><em>Perfil requerido<\/em>\u2026 un\/a profesor\/ o licenciado\/a en Ciencias de la Educaci\u00f3n; y un\/a profesor\/a de Educaci\u00f3n Especial. En todos los casos se debe priorizar la experiencia en el Nivel Secundario.<\/p>\n\n\n\n<p>Puede consultarse el Dise\u00f1o Curricular de la carrera en:<\/p>\n\n\n\n<figure class=\"wp-block-embed\"><div class=\"wp-block-embed__wrapper\">\nhttps:\/\/ies813pabloluppi-chu.infd.edu.ar\/sitio\/wp-content\/uploads\/2020\/05\/DC_PES-MAT-Res-543-19.pdf\n<\/div><\/figure>\n\n\n\n<p><strong><a href=\"https:\/\/ies813pabloluppi-chu.infd.edu.ar\/sitio\/disenos-curriculares-de-formacion-docente\/upload\/DC_Prof_de_Educacion_en_Fisica_2015.pdf\" data-type=\"URL\" data-id=\"https:\/\/ies813pabloluppi-chu.infd.edu.ar\/sitio\/disenos-curriculares-de-formacion-docente\/upload\/DC_Prof_de_Educacion_en_Fisica_2015.pdf\" target=\"_blank\" rel=\"noreferrer noopener\">Profesorado de Educaci\u00f3n Secundaria en F\u00edsica &#8211; Sede Lago Puelo &#8211; Res N\u00b0 545 &#8211; 19 \u2013 1er llamado &#8211; de 4to A\u00f1o<\/a><\/strong><\/p>\n\n\n\n<figure class=\"wp-block-table\"><table><tbody><tr><td><a><strong>Unidad Curricular<\/strong><\/a><strong><\/strong><strong>&nbsp;<\/strong><\/td><td><strong>Docente<\/strong><strong><\/strong><\/td><td><strong>Cantidad de horas<\/strong><strong><\/strong><\/td><td><strong>Anual o Cuatrimestral<\/strong><strong><\/strong><\/td><\/tr><tr><td>Unidad de Definici\u00f3n Institucional del Campo de la Formaci\u00f3n General I:&nbsp;<strong>El uso del cuerpo y la voz en la ense\u00f1anza*<\/strong><strong><\/strong><\/td><td>interino<\/td><td>4hs<\/td><td>1\u00b0 cuatrimestre<\/td><\/tr><tr><td>Pr\u00e1ctica Profesional Docente IV y Residencia<\/td><td>1 docente en trio pedag\u00f3gico(interinato)Prof. Ed. Especial<\/td><td>11hs<\/td><td>Anual<\/td><\/tr><\/tbody><\/table><\/figure>\n\n\n\n<p>&#8211;&nbsp;&nbsp;&nbsp;&nbsp;&nbsp;&nbsp;&nbsp;<strong>Profesorado de Educaci\u00f3n Inicial &#8211; Anexo Cholila- Res N\u00b0 327\/22 \u2013 2do. a\u00f1o \u2013 1er.&nbsp;llamado<\/strong><\/p>\n\n\n\n<figure class=\"wp-block-table\"><table><tbody><tr><td><strong>Unidad Curricular<\/strong><strong>&nbsp;<\/strong><\/td><td><strong>Docentes<\/strong><strong>&nbsp;<\/strong><\/td><td><strong>Cantidad de horas<\/strong><strong>&nbsp;<\/strong><\/td><td><strong>Anual o Cuatrimestral<\/strong><\/td><\/tr><tr><td>Psicolog\u00eda del Desarrollo<\/td><td>2Un\/a profesional en Ciencias de la Educaci\u00f3n, Psicolog\u00eda, Psicopedagog\u00eda o equivalente, con antecedentes de formaci\u00f3n en el campo de la Psicolog\u00eda del Desarrollo (Interino) y un\/a docente de Educaci\u00f3n Inicial con experiencia laboral y especializaci\u00f3n en Jard\u00edn Maternal o en Desarrollo Infantil (Interino)<\/td><td>3 Hs<\/td><td>Anual<\/td><\/tr><tr><td>Did\u00e1ctica del Jard\u00edn Maternal<\/td><td>2Un\/a profesor\/a de Educaci\u00f3n Inicial especializado\/a en Jardines Maternales (Interino) y un\/a profesional con formaci\u00f3n en Ciencias de la Educaci\u00f3n, Psicopedagog\u00eda o equivalente (Suplente)&nbsp;<\/td><td>3Hs<\/td><td>Anual<\/td><\/tr><tr><td>Lenguajes Art\u00edsticos I<\/td><td>2Un\/a docente de Nivel Inicial con formaci\u00f3n en lenguajes art\u00edsticos (Interino)&nbsp; y un\/a Profesor\/a con formaci\u00f3n espec\u00edfica en Artes Visuales, M\u00fasica, Danza, Expresi\u00f3n Corporal y\/o Teatro que preferentemente cuente con experiencia laboral en el Nivel Inicial (Interino)<\/td><td>3 Hs<\/td><td>Anual<\/td><\/tr><tr><td>Pr\u00e1cticas del Lenguaje&nbsp; y su Did\u00e1ctica<\/td><td>2Un\/a docente de Nivel Inicial con especializaci\u00f3n en el \u00e1rea (Interino) y un\/a Profesor\/a o Licenciado\/a en Lengua y Literatura; Letras; Castellano, o Literatura y Lat\u00edn con formaci\u00f3n y\/o experiencia en Educaci\u00f3n Inicial (Interino)<\/td><td>5 Hs<\/td><td>Anual<\/td><\/tr><\/tbody><\/table><\/figure>\n\n\n\n<p><em>Para ver los perfiles docentes requeridos podr\u00e1n remitirse al Dise\u00f1o Curricular vigente.<\/em><\/p>\n\n\n\n<p>&#8211;&nbsp;&nbsp;&nbsp;&nbsp;&nbsp;&nbsp;&nbsp;<strong>Profesorado de Educaci\u00f3n Inicial &#8211; Anexo Cholila- Res N\u00b0 309\/14 \u2013 3er. a\u00f1o \u2013 1er.&nbsp;llamado<\/strong><\/p>\n\n\n\n<figure class=\"wp-block-table\"><table><tbody><tr><td><strong>Unidad Curricular<\/strong><strong>&nbsp;<\/strong><\/td><td><strong>Docentes<\/strong><strong>&nbsp;<\/strong><\/td><td><strong>Cantidad de horas<\/strong><strong>&nbsp;<\/strong><\/td><td><strong>Anual o Cuatrimestral<\/strong><\/td><\/tr><tr><td>Filosof\u00eda de la Educaci\u00f3n<\/td><td>1Docente con formaci\u00f3n espec\u00edfica en Filosof\u00eda, con orientaci\u00f3n y\/o experiencia en el \u00e1rea de la educaci\u00f3n (Interino)<\/td><td>3 Hs<\/td><td>Anual<\/td><\/tr><tr><td>Educaci\u00f3n y TIC<\/td><td>1Un Docente con&nbsp;&nbsp;formaci\u00f3n espec\u00edfica, orientaci\u00f3n y\/o especializaci\u00f3n en Educaci\u00f3n y TIC (Interino)<\/td><td>3 Hs<\/td><td>Cuatrimestral<\/td><\/tr><tr><td>Ciencias Sociales y Su Did\u00e1ctica<\/td><td>2Un Docente con formaci\u00f3n espec\u00edfica en el \u00e1rea (Interino) y un\/a docente de Educaci\u00f3n Inicial con especializaci\u00f3n en el \u00e1rea (Interino)<\/td><td>5 Hs<\/td><td>Anual<\/td><\/tr><tr><td>Ciencias Naturales y su Did\u00e1ctica<\/td><td>2Un\/a profesor\/a con formaci\u00f3n espec\u00edfica en la disciplina (interino) y un\/a profesor\/a de Nivel Inicial (Interino)&nbsp;<\/td><td>5Hs<\/td><td>Anual<\/td><\/tr><tr><td>Did\u00e1ctica del Jard\u00edn de Infantes<\/td><td>2Un\/a profesor\/a de Educaci\u00f3n Inicial especializada en jard\u00edn de infantes( Interino) y un\/a docente con formaci\u00f3n espec\u00edfica en Pedagog\u00eda y\/o Did\u00e1ctica (interino)<\/td><td>3 Hs<\/td><td>Anual<\/td><\/tr><tr><td>Alfabetizaci\u00f3n Inicial<\/td><td>2Un docente de Nivel Inicial preferentemente con capacitaciones\/actualizaciones en el \u00e1rea (interino) y un\/a docente con formaci\u00f3n espec\u00edfica (suplente)<\/td><td>4 Hs<\/td><td>Anual<\/td><\/tr><tr><td>Producci\u00f3n de Recursos Did\u00e1cticos para el Nivel Inicial<\/td><td>1Un docente de Ed. Inicial para completar pareja pedag\u00f3gica(Interino)&nbsp;<\/td><td>3 Hs<\/td><td>Cuatrimestral<\/td><\/tr><tr><td>Pr\u00e1ctica Prof. Docente III y Residencia<\/td><td>3-Un Docente del Nivel Inicial (suplente)&nbsp;-Un Docente con formaci\u00f3n espec\u00edfica en Pedagog\u00eda y Did\u00e1ctica (suplente)&nbsp;-Un Docente de Educaci\u00f3n Especial (Interino)<\/td><td>8 Hs<\/td><td>Anual<\/td><\/tr><\/tbody><\/table><\/figure>\n\n\n\n<p><em>Para ver los perfiles docentes requeridos podr\u00e1n remitirse al Dise\u00f1o Curricular vigente.<\/em><\/p>\n\n\n\n<p><strong>Tecnicatura Superior en Gesti\u00f3n administrativa orientada a la Producci\u00f3n- Anexo Cholila Res N\u00b0 409\/18 \u2013 2do. a\u00f1o \u2013 1er.&nbsp;llamado<\/strong><\/p>\n\n\n\n<figure class=\"wp-block-table\"><table><tbody><tr><td><strong>Unidad Curricular<\/strong><strong>&nbsp;<\/strong><\/td><td><strong>Docentes<\/strong><strong>&nbsp;<\/strong><\/td><td><strong>Cantidad de horas<\/strong><strong>&nbsp;<\/strong><\/td><td><strong>Anual o Cuatrimestral<\/strong><\/td><\/tr><tr><td>Econom\u00eda Empresarial<\/td><td>1 docente Interino\/a<\/td><td>3 Hs<\/td><td>Anual<\/td><\/tr><tr><td>Estad\u00edstica<\/td><td>1 docente Interino\/a<\/td><td>3 Hs<\/td><td>Anual<\/td><\/tr><tr><td>Ingles T\u00e9cnico<\/td><td>1 docente Interino\/a<\/td><td>3 Hs<\/td><td>Anual<\/td><\/tr><tr><td>Derecho Laboral<\/td><td>1 docente Interino\/a<\/td><td>3 Hs<\/td><td>Anual<\/td><\/tr><tr><td>Administraci\u00f3n de RRHH<\/td><td>1 docente Interino\/a<\/td><td>3 Hs<\/td><td>Cuatrimestral<\/td><\/tr><tr><td>Gesti\u00f3n Contable<\/td><td>1 docente Interino\/a<\/td><td>4 Hs<\/td><td>Anual<\/td><\/tr><tr><td>Procesos de la Producci\u00f3n Industrial<\/td><td>1 docente Interino\/a<\/td><td>3 Hs<\/td><td>Anual<\/td><\/tr><\/tbody><\/table><\/figure>\n\n\n\n<p><em>Para ver los perfiles docentes requeridos podr\u00e1n remitirse al Dise\u00f1o Curricular vigente.<\/em><\/p>\n\n\n\n<p><strong>Tecnicatura&nbsp;Superior en&nbsp;Turismo&nbsp;\u2013 Anexo Cholila &#8211;&nbsp; Res. 588\/22 &#8211; 1\u00b0 A\u00f1o \u2013 1<sup>er<\/sup>&nbsp;llamado.<\/strong><\/p>\n\n\n\n<figure class=\"wp-block-table\"><table><tbody><tr><td><strong>Unidad Curricular<\/strong>&nbsp;<\/td><td><strong>Docentes<\/strong>&nbsp;<\/td><td><strong>Cantidad de horas<\/strong>&nbsp;<\/td><td><strong>Anual o Cuatrimestral<\/strong><strong>&nbsp;<\/strong><\/td><\/tr><tr><td>&nbsp;Gesti\u00f3n de la Organizaciones<\/td><td>&nbsp;1 docente Interino\/a<\/td><td>&nbsp;3 hs<\/td><td>&nbsp;Anual<\/td><\/tr><tr><td>&nbsp;Matem\u00e1tica Aplicada con Orientaci\u00f3n Financiera&nbsp;<\/td><td>&nbsp;1 docente Interino\/a<\/td><td>&nbsp;3 hs<\/td><td>&nbsp;Cuatrimestral<\/td><\/tr><tr><td>&nbsp;Introducci\u00f3n al&nbsp;Turismo&nbsp;<\/td><td>&nbsp;1 docente Interino\/a<\/td><td>&nbsp;6 hs<\/td><td>&nbsp;Anual<\/td><\/tr><tr><td>&nbsp;Ingl\u00e9s&nbsp;Tur\u00edstico&nbsp;I&nbsp;<\/td><td>&nbsp;1 docente Interino\/a<\/td><td>&nbsp;3 hs<\/td><td>&nbsp;Anual<\/td><\/tr><tr><td>&nbsp;Legislaci\u00f3n&nbsp;Tur\u00edstica&nbsp;<\/td><td>&nbsp;1 docente Interino\/a<\/td><td>&nbsp;3 hs<\/td><td>&nbsp;Cuatrimestral<\/td><\/tr><\/tbody><\/table><\/figure>\n\n\n\n<p><strong>La cursada ser\u00e1 bimodal (presencial \u2013 virtual)<\/strong><\/p>\n\n\n\n<p><em>Para ver los perfiles docentes requeridos podr\u00e1n remitirse al Dise\u00f1o Curricular vigente.<\/em><\/p>\n\n\n\n<p><strong>Profesorado de Educaci\u00f3n Secundaria en Biolog\u00eda \u2013 Sede Lago Puelo Res N\u00b0 548\/19 \u20131er a\u00f1o \u2013 primer llamado<\/strong><\/p>\n\n\n\n<figure class=\"wp-block-table\"><table><tbody><tr><td><strong>Unidad Curricular<\/strong><strong><\/strong><strong>&nbsp;<\/strong><\/td><td><strong>Docentes<\/strong><strong><\/strong><strong>&nbsp;<\/strong><\/td><td><strong>Cantidad de horas<\/strong><strong><\/strong><strong>&nbsp;<\/strong><\/td><td><strong>Anual o Cuatrimestral<\/strong><strong><\/strong><\/td><\/tr><tr><td>Pedagog\u00eda<\/td><td>1 docente(Interino)<\/td><td>6 HS CAT(m\u00e1s 1 hs cat para articulaci\u00f3n)<\/td><td>1er CUATRIMESTRE<\/td><\/tr><\/tbody><\/table><\/figure>\n\n\n\n<p><strong>Profesorado de Educaci\u00f3n Secundaria en Biolog\u00eda \u2013 Sede Lago Puelo Res N\u00b0 548\/19 \u20134to a\u00f1o \u2013 primer llamado<\/strong><\/p>\n\n\n\n<figure class=\"wp-block-table\"><table><tbody><tr><td><strong>Unidad Curricular<\/strong><strong><\/strong><strong>&nbsp;<\/strong><\/td><td><strong>Docentes<\/strong><strong><\/strong><strong>&nbsp;<\/strong><\/td><td><strong>Cantidad de horas<\/strong><strong><\/strong><strong>&nbsp;<\/strong><\/td><td><strong>Anual o Cuatrimestral<\/strong><strong><\/strong><\/td><\/tr><tr><td>PPD IV Y ResidenciaPara completar triada de trabajo<\/td><td>1 Docente(M.A.I.)(Interino)<\/td><td>10 HS CAT(M\u00e1s 1 hs cat para articulaci\u00f3n)<\/td><td>Anual<\/td><\/tr><tr><td>La Tierra y el Registro F\u00f3sil<\/td><td>1 docente (Interino)<\/td><td>3 HS CAT(M\u00e1s 1 hs cat para articulaci\u00f3n)<\/td><td>Anual<\/td><\/tr><\/tbody><\/table><\/figure>\n\n\n\n<p><em>PERFILES SEG\u00daN DC: &#8211; PEDAGOG\u00cdA:<\/em><\/p>\n\n\n\n<p><em>Formaci\u00f3n en Ciencias de la Educaci\u00f3n con orientaci\u00f3n y\/o experiencia en el \u00e1rea de la Pedagog\u00eda<\/em><\/p>\n\n\n\n<p><em>&#8211; PPD IV Y RESIDENCIA (MAI):<\/em><\/p>\n\n\n\n<p><em>Un\/a profesor\/a de Educaci\u00f3n Especial. En todos los casos se debe priorizar la experiencia en el Nivel Secundario.<\/em><\/p>\n\n\n\n<p><em>&#8211; LA TIERRA Y EL REGISTRO F\u00d3SIL:<\/em><\/p>\n\n\n\n<p><em>Profesor\/a en Ciencias Biol\u00f3gicas. Profesor\/a en Ciencias Naturales. Licenciado\/a en Ciencias Biol\u00f3gicas o Ciencias Geol\u00f3gicas con formaci\u00f3n pedag\u00f3gica<\/em><\/p>\n\n\n\n<p><a><em>Para ver los perfiles docentes requeridos podr\u00e1n remitirse al Dise\u00f1o Curricular vigente.<\/em><\/a><\/p>\n\n\n\n<p><strong>Tecnicatura&nbsp;Superior en&nbsp;Turismo&nbsp;\u2013 Extensi\u00f3n \u00c1ulica el Hoyo &nbsp;&nbsp;&#8211;&nbsp; Res. 588\/22 &#8211; 2\u00b0 A\u00f1o \u2013 1<sup>er<\/sup>&nbsp;llamado.<\/strong><\/p>\n\n\n\n<figure class=\"wp-block-table\"><table><tbody><tr><td><strong>Unidad Curricular<\/strong>&nbsp;<\/td><td><strong>Docentes<\/strong>&nbsp;<\/td><td><strong>Cantidad de horas<\/strong>&nbsp;<\/td><td><strong>Anual o Cuatrimestral<\/strong><strong>&nbsp;<\/strong><\/td><\/tr><tr><td>Politicas Publicas y Desarrollo Local<\/td><td>1 docente<\/td><td>3 hs<\/td><td>Anual<\/td><\/tr><tr><td>Patrimonio Natural<\/td><td>1 Docente<\/td><td>3 hS<\/td><td>Anual<\/td><\/tr><tr><td><a>Patrimonio Cultural<\/a><\/td><td>1 Docente<\/td><td>3 Hs<\/td><td>Anual<\/td><\/tr><tr><td>Tecnolog\u00edas de la Informaci\u00f3n y la Comunicaci\u00f3n<\/td><td>1 Docente<\/td><td>3 hs<\/td><td>Anual<\/td><\/tr><tr><td>Servicios Tur\u00edsticos<\/td><td>1 Docente<\/td><td>6 Hs<\/td><td>Anual<\/td><\/tr><tr><td>Ingl\u00e9s Tur\u00edstico II<\/td><td>1 Docente<\/td><td>3 hs<\/td><td>Anual<\/td><\/tr><tr><td>Estad\u00edstica Aplicada al Turismo<\/td><td>1 docente<\/td><td>3 Hs<\/td><td>Cuatrimestral<\/td><\/tr><tr><td>Programaci\u00f3n de Servicios Tur\u00edsticos<\/td><td>1 docente<\/td><td>3 Hs<\/td><td>Cuatrimestral<\/td><\/tr><tr><td>Pr\u00e1cticas Profesionales II<\/td><td>1 docente<\/td><td>3 hs<\/td><td>Anual<\/td><\/tr><\/tbody><\/table><\/figure>\n\n\n\n<p><em>Para ver los perfiles docentes requeridos podr\u00e1n remitirse al Dise\u00f1o Curricular vigente.<\/em><\/p>\n\n\n\n<p><strong>Profesorado Educaci\u00f3n Secundaria en Lengua y Literatura \u2013 Res N\u00b0 536\/19 \u2013 Sede Lago Puelo &#8211; 1er A\u00f1o \u2013 Primer llamado.<\/strong><\/p>\n\n\n\n<figure class=\"wp-block-table\"><table><tbody><tr><td><strong>&nbsp;<\/strong><strong>Unidad Curricular<\/strong><strong><\/strong><strong>&nbsp;<\/strong><\/td><td><strong>&nbsp;<\/strong><strong>Docentes<\/strong><strong><\/strong><strong>&nbsp;<\/strong><\/td><td><strong>&nbsp;<\/strong><strong>Cantidad de horas<\/strong><strong><\/strong><strong>&nbsp;<\/strong><\/td><td><strong>&nbsp;<\/strong><strong>Anual o Cuatrimestral<\/strong><strong><\/strong><strong>&nbsp;<\/strong><\/td><\/tr><tr><td>Literaturas Latinoamericanas I<\/td><td>1 docente interino\/a<\/td><td>4 hs<\/td><td>Anual<\/td><\/tr><tr><td>LEA<\/td><td>1 docente interino\/a<\/td><td>4hs<\/td><td>Anual<\/td><\/tr><tr><td>Pr\u00e1ctica Profesional Docente I<\/td><td>1&nbsp; docente interino Prof. de Lengua para completar pareja pedag\u00f3gica<\/td><td>5 hs<\/td><td>Anual<\/td><\/tr><\/tbody><\/table><\/figure>\n\n\n\n<p><em>Para ver los perfiles docentes requeridos podr\u00e1n remitirse al Dise\u00f1o Curricular vigente<strong>.<\/strong><\/em><strong><\/strong><\/p>\n\n\n\n<p><strong>Profesorado Educaci\u00f3n Secundaria en Lengua y Literatura \u2013 Res N\u00b0 536\/19 \u2013 Sede Lago Puelo &#8211; 3er A\u00f1o \u2013 Primer llamado.<\/strong><\/p>\n\n\n\n<figure class=\"wp-block-table\"><table><tbody><tr><td><strong>&nbsp;<\/strong><strong>Unidad Curricular<\/strong><strong><\/strong><strong>&nbsp;<\/strong><\/td><td><strong>&nbsp;<\/strong><strong>Docentes<\/strong><strong><\/strong><strong>&nbsp;<\/strong><\/td><td><strong>&nbsp;<\/strong><strong>Cantidad de horas<\/strong><strong><\/strong><strong>&nbsp;<\/strong><\/td><td><strong>&nbsp;<\/strong><strong>Anual o Cuatrimestral<\/strong><strong><\/strong><strong>&nbsp;<\/strong><\/td><\/tr><tr><td>&nbsp;Sociolog\u00eda de la Educaci\u00f3n<\/td><td>1 docente suplente<\/td><td>5 hs<\/td><td>Cuatrimestral<\/td><\/tr><\/tbody><\/table><\/figure>\n\n\n\n<p><em>Para ver los perfiles docentes requeridos podr\u00e1n remitirse al Dise\u00f1o Curricular vigente<strong>.<\/strong><\/em><strong><\/strong><\/p>\n\n\n\n<p><strong>Profesorado Educaci\u00f3n Secundaria en Lengua y Literatura \u2013 Res N\u00b0 536\/19 \u2013 Sede Lago Puelo &#8211; 3er A\u00f1o \u2013 Primer llamado.<\/strong><\/p>\n\n\n\n<figure class=\"wp-block-table\"><table><tbody><tr><td><strong>&nbsp;<\/strong><strong>Unidad Curricular<\/strong><strong><\/strong><strong>&nbsp;<\/strong><\/td><td><strong>&nbsp;<\/strong><strong>Docentes<\/strong><strong><\/strong><strong>&nbsp;<\/strong><\/td><td><strong>&nbsp;<\/strong><strong>Cantidad de horas<\/strong><strong><\/strong><strong>&nbsp;<\/strong><\/td><td><strong>&nbsp;<\/strong><strong>Anual o Cuatrimestral<\/strong><strong><\/strong><strong>&nbsp;<\/strong><\/td><\/tr><tr><td>Sujetos del Aprendizaje&nbsp;<\/td><td>1&nbsp; docente interino Prof. de Lengua para completar pareja pedag\u00f3gica<\/td><td>5 hs<\/td><td>Anual<\/td><\/tr><\/tbody><\/table><\/figure>\n\n\n\n<p><em>Para ver los perfiles docentes requeridos podr\u00e1n remitirse al Dise\u00f1o Curricular vigente.<\/em><\/p>\n\n\n\n<p><strong>Profesorado Educaci\u00f3n Secundaria en Lengua y Literatura \u2013 Res N\u00b0 536\/19 \u2013 Anexo Epuy\u00e9n \u2013 2do A\u00f1o \u2013 Primer llamado.<\/strong><\/p>\n\n\n\n<figure class=\"wp-block-table\"><table><tbody><tr><td><strong>&nbsp;<\/strong><strong>Unidad Curricular<\/strong><strong><\/strong><strong>&nbsp;<\/strong><\/td><td><strong>&nbsp;<\/strong><strong>Docentes<\/strong><strong><\/strong><strong>&nbsp;<\/strong><\/td><td><strong>&nbsp;<\/strong><strong>Cantidad de horas<\/strong><strong><\/strong><strong>&nbsp;<\/strong><\/td><td><strong>&nbsp;<\/strong><strong>Anual o Cuatrimestral<\/strong><strong><\/strong><strong>&nbsp;<\/strong><\/td><\/tr><tr><td>Literaturas Latinoamericanas II<\/td><td>1 docente interino\/a<\/td><td>4 hs<\/td><td>Anual<\/td><\/tr><\/tbody><\/table><\/figure>\n\n\n\n<p><a><em>Para ver los perfiles docentes requeridos podr\u00e1n remitirse al Dise\u00f1o Curricular vigente.<\/em><\/a><\/p>\n\n\n\n<p><strong>Profesorado de Educaci\u00f3n Primaria \u2013&nbsp;SEDE LAGO PUELO<u>&nbsp;\u2013<\/u>&nbsp;Res328\/22 \u2013 1er a\u00f1o \u2013 1\u00ba Llamado.<\/strong><\/p>\n\n\n\n<figure class=\"wp-block-table\"><table><tbody><tr><td><strong>Unidad Curricular<\/strong>&nbsp;<\/td><td><strong>Docentes<\/strong>&nbsp;<\/td><td><strong>Cantidad de horas<\/strong>&nbsp;<\/td><td><strong>Anual o Cuatrimestral<\/strong><strong><\/strong><strong>&nbsp;<\/strong><\/td><\/tr><tr><td>Pr\u00e1ctica Profesional Docente I<\/td><td>&nbsp;1 docente para completar equipo (profesional con formaci\u00f3n en Ciencias de la Educaci\u00f3n, Psicopedagog\u00eda o afines)<\/td><td>5 hs<\/td><td>Anual<\/td><\/tr><\/tbody><\/table><\/figure>\n\n\n\n<p><em>Para ver los perfiles docentes requeridos podr\u00e1n remitirse al Dise\u00f1o Curricular vigente.<\/em><\/p>\n\n\n\n<p><strong>Profesorado de Educaci\u00f3n Primaria \u2013&nbsp;<u>SEDE LAGO PUELO \u2013<\/u>&nbsp;res328\/22 \u2013 2do a\u00f1o \u2013 1\u00ba Llamado.<\/strong><\/p>\n\n\n\n<figure class=\"wp-block-table\"><table><tbody><tr><td>&nbsp;Educaci\u00f3n Tecnol\u00f3gica<\/td><td>&nbsp;&nbsp;1 docente&nbsp;<\/td><td>&nbsp;&nbsp;3 hs<\/td><td>&nbsp;&nbsp;Anual<\/td><\/tr><tr><td>Pr\u00e1ctica Profesional Docente II<\/td><td>&nbsp;1 docente para completar equipo (profesional con formaci\u00f3n en Ciencias de la Educaci\u00f3n, Psicopedagog\u00eda o afines)<\/td><td>&nbsp;6 hs<\/td><td>&nbsp;Anual<\/td><\/tr><tr><td>Sujetos de la Educaci\u00f3n Primaria<\/td><td>&nbsp;1 docente de Educaci\u00f3n Primaria para completar pareja pedag\u00f3gica&nbsp;<\/td><td>&nbsp;4 hs<\/td><td>&nbsp;Anual<\/td><\/tr><\/tbody><\/table><\/figure>\n\n\n\n<p><em>Para ver los perfiles docentes requeridos podr\u00e1n remitirse al Dise\u00f1o Curricular vigente.<\/em><\/p>\n\n\n\n<p><strong>Profesorado de Educaci\u00f3n Primaria &#8211;&nbsp;<u>Anexo Epuy\u00e9n<\/u>&nbsp;Res N\u00b0 310\/14 \u2013 3er. a\u00f1o \u2013 1\u00ba Llamado.<\/strong><\/p>\n\n\n\n<figure class=\"wp-block-table\"><table><tbody><tr><td><strong>Unidad Curricular<\/strong>&nbsp;<\/td><td><strong>Docentes<\/strong>&nbsp;<\/td><td><strong>Cantidad de horas<\/strong>&nbsp;<\/td><td><strong>Anual o Cuatrimestral<\/strong><strong><\/strong><strong>&nbsp;<\/strong><\/td><\/tr><tr><td>&nbsp;Did\u00e1ctica de la&nbsp;Educaci\u00f3n Tecnol\u00f3gica&nbsp;<\/td><td>&nbsp;1 docente de Educaci\u00f3n Primaria para completar pareja pedag\u00f3gica&nbsp;<\/td><td>&nbsp;4 hs&nbsp;<\/td><td>&nbsp;Anual<\/td><\/tr><tr><td>&nbsp;Pr\u00e1ctica Docente III&nbsp;<\/td><td>&nbsp;2 docentes para completar Equipo:\u00b7&nbsp;&nbsp;&nbsp;&nbsp;&nbsp;&nbsp;&nbsp;&nbsp;&nbsp;1 docente de Educaci\u00f3n Primaria\u00b7&nbsp;&nbsp;&nbsp;&nbsp;&nbsp;&nbsp;&nbsp;&nbsp;&nbsp;1 docente con formaci\u00f3n espec\u00edfica en Pedagog\u00eda y Did\u00e1ctica.<\/td><td>&nbsp;8 hs<\/td><td>&nbsp;Anual<\/td><\/tr><\/tbody><\/table><\/figure>\n\n\n\n<p><em>Para ver los perfiles docentes requeridos podr\u00e1n remitirse al Dise\u00f1o Curricular vigente.<\/em><\/p>\n\n\n\n<p><strong>Profesorado de Educaci\u00f3n Primaria &#8211;&nbsp;<u>Anexo Epuy\u00e9n<\/u>&nbsp;Res N\u00b0 310\/14 \u20134to. a\u00f1o \u2013 1\u00ba Llamado.<\/strong><\/p>\n\n\n\n<figure class=\"wp-block-table\"><table><tbody><tr><td>&nbsp;Pr\u00e1ctica Docente IV&nbsp;<\/td><td>&nbsp;1 docente de Educaci\u00f3n Primaria para completar equipo de trabajo&nbsp;<\/td><td>&nbsp;12 hs<\/td><td>&nbsp;Anual<\/td><\/tr><\/tbody><\/table><\/figure>\n\n\n\n<p><em>Para ver los perfiles docentes requeridos podr\u00e1n remitirse al Dise\u00f1o Curricular vigente.<\/em><\/p>\n\n\n\n<p>&#8211;&nbsp;&nbsp;&nbsp;&nbsp;&nbsp;&nbsp;&nbsp;&nbsp;&nbsp;&nbsp;&nbsp;&nbsp;&nbsp;&nbsp;<strong>Profesorado de Educaci\u00f3n Secundaria en Historia 4to a\u00f1o\u2013 Anexo Epuyen- Primer llamado. Res 547\/ 19<\/strong><\/p>\n\n\n\n<figure class=\"wp-block-table\"><table><tbody><tr><td><strong>Unidad Curricular<\/strong><strong><\/strong><strong>&nbsp;<\/strong><\/td><td><strong>Docentes<\/strong><strong><\/strong><strong>&nbsp;<\/strong><\/td><td><strong>Cantidad de horas<\/strong><strong><\/strong><strong>&nbsp;<\/strong><\/td><td><strong>Anual o Cuatrimestral<\/strong><strong><\/strong><\/td><td><strong>Horario<\/strong><strong><\/strong><\/td><\/tr><tr><td>&nbsp;Filosof\u00eda de la Educaci\u00f3n<\/td><td>&nbsp;1 docente&nbsp;<\/td><td>&nbsp;&nbsp;&nbsp;&nbsp;&nbsp;&nbsp;&nbsp;&nbsp;&nbsp;&nbsp;&nbsp;&nbsp;&nbsp;&nbsp;&nbsp;&nbsp;&nbsp; 3 horas&nbsp;&nbsp;&nbsp;<\/td><td>Anual (a t\u00e9rmino)<\/td><td>Jueves 20.10 a 22 horas<\/td><\/tr><tr><td>UDI I:Uso correcto de la voz<\/td><td>1 docente<\/td><td>5 horas<\/td><td>Cuatrimestral (a t\u00e9rmino)<\/td><td>Mi\u00e9rcoles 18.10 a 20 horas<\/td><\/tr><tr><td>Historia del Arte<\/td><td>1 docente<\/td><td>5 horas<\/td><td>Cuatrimestral (a t\u00e9rmino)<\/td><td>Lunes 20 .10 a 22 horas.<\/td><\/tr><tr><td>Historia Contempor\u00e1nea II<\/td><td>1 docente<\/td><td>5 horas<\/td><td>Anual (a t\u00e9rmino)<\/td><td>Jueves 18.10 a 22 horas.<\/td><\/tr><tr><td>Investigaci\u00f3n Hist\u00f3rica Regional<\/td><td>1 docente<\/td><td>4 horas<\/td><td>Anual (a t\u00e9rmino)<\/td><td>Martes 20.10 a 22 horas.<\/td><\/tr><tr><td>Historia Argentina III<\/td><td>1 docente<\/td><td>4 horas<\/td><td>Cuatrimestral (a t\u00e9rmino)<\/td><td>Martes 18.10 a 20 horas.<\/td><\/tr><tr><td>Pr\u00e1ctica Profesional Docente IV y Residencia<\/td><td>2 docentes<\/td><td>10 horas<\/td><td>Anual (a t\u00e9rmino)<\/td><td>Lunes 18.10 a 20 horas.<\/td><\/tr><\/tbody><\/table><\/figure>\n\n\n\n<p><em>Para ver los perfiles docentes requeridos podr\u00e1n remitirse al Dise\u00f1o Curricular vigente.<\/em><\/p>\n\n\n\n<p><strong><a href=\"https:\/\/ies813pabloluppi-chu.infd.edu.ar\/sitio\/disenos-curriculares-de-formacion-docente\/\" data-type=\"URL\" data-id=\"https:\/\/ies813pabloluppi-chu.infd.edu.ar\/sitio\/disenos-curriculares-de-formacion-docente\/\" target=\"_blank\" rel=\"noreferrer noopener\">Las bases y el detalle de los mismos est\u00e1n disponibles en la p\u00e1gina <\/a><\/strong>C<strong>onsultas:&nbsp;<\/strong><a rel=\"noreferrer noopener\" href=\"mailto:concursosisfd813@gmail.com#_blank\" target=\"_blank\">concursosisfd813@gmail.com<\/a>&nbsp;<strong>Fecha l\u00edmite para la presentaci\u00f3n de antecedentes y proyecto&nbsp;mi\u00e9rcoles &nbsp;&nbsp;22 de febrero de&nbsp;2023 hasta las 19 hs.<\/strong><\/p>\n\n\n\n<p><\/p>\n","protected":false},"excerpt":{"rendered":"<p>Llamados a Concurso 2022 El Instituto de Educaci\u00f3n Superior Nro. 813 \u201cProf. Pablo Luppi\u201d llama a concurso para los siguientes espacios curriculares: Profesorado de Educaci\u00f3n Secundara en Matem\u00e1tica Sede Lago Puelo &#8211; Res N\u00b0543\/19 \u2013 1er. a\u00f1o \u2013 1er llamado Unidad Curricular Docentes Cantidad de horas Anual o Cuatrimestral Geometr\u00eda del Plano 1 Docente Interino &#8230; <a title=\"Lago Puelo, 22 de diciembre de 2022 &#8211; Llamados a Concurso 2022\" class=\"read-more\" href=\"https:\/\/ies813pabloluppi-chu.infd.edu.ar\/sitio\/lago-puelo-22-de-diciembre-de-2022-llamados-a-concurso-2022\/\" aria-label=\"More on Lago Puelo, 22 de diciembre de 2022 &#8211; Llamados a Concurso 2022\">[+]<\/a><\/p>\n","protected":false},"author":1899,"featured_media":0,"comment_status":"closed","ping_status":"closed","sticky":false,"template":"","format":"standard","meta":[],"categories":[14],"tags":[],"acf":[],"_links":{"self":[{"href":"https:\/\/ies813pabloluppi-chu.infd.edu.ar\/sitio\/wp-json\/wp\/v2\/posts\/5294"}],"collection":[{"href":"https:\/\/ies813pabloluppi-chu.infd.edu.ar\/sitio\/wp-json\/wp\/v2\/posts"}],"about":[{"href":"https:\/\/ies813pabloluppi-chu.infd.edu.ar\/sitio\/wp-json\/wp\/v2\/types\/post"}],"author":[{"embeddable":true,"href":"https:\/\/ies813pabloluppi-chu.infd.edu.ar\/sitio\/wp-json\/wp\/v2\/users\/1899"}],"replies":[{"embeddable":true,"href":"https:\/\/ies813pabloluppi-chu.infd.edu.ar\/sitio\/wp-json\/wp\/v2\/comments?post=5294"}],"version-history":[{"count":2,"href":"https:\/\/ies813pabloluppi-chu.infd.edu.ar\/sitio\/wp-json\/wp\/v2\/posts\/5294\/revisions"}],"predecessor-version":[{"id":5299,"href":"https:\/\/ies813pabloluppi-chu.infd.edu.ar\/sitio\/wp-json\/wp\/v2\/posts\/5294\/revisions\/5299"}],"wp:attachment":[{"href":"https:\/\/ies813pabloluppi-chu.infd.edu.ar\/sitio\/wp-json\/wp\/v2\/media?parent=5294"}],"wp:term":[{"taxonomy":"category","embeddable":true,"href":"https:\/\/ies813pabloluppi-chu.infd.edu.ar\/sitio\/wp-json\/wp\/v2\/categories?post=5294"},{"taxonomy":"post_tag","embeddable":true,"href":"https:\/\/ies813pabloluppi-chu.infd.edu.ar\/sitio\/wp-json\/wp\/v2\/tags?post=5294"}],"curies":[{"name":"wp","href":"https:\/\/api.w.org\/{rel}","templated":true}]}}