{"id":5333,"date":"2023-02-25T14:27:32","date_gmt":"2023-02-25T17:27:32","guid":{"rendered":"https:\/\/ies813pabloluppi-chu.infd.edu.ar\/sitio\/?p=5333"},"modified":"2023-02-25T18:26:19","modified_gmt":"2023-02-25T21:26:19","slug":"llamados-a-concurso-2023-24-febrero-2023","status":"publish","type":"post","link":"https:\/\/ies813pabloluppi-chu.infd.edu.ar\/sitio\/llamados-a-concurso-2023-24-febrero-2023\/","title":{"rendered":"Lago Puelo, 24 de febrero de 2023 &#8211; Llamados a Concurso"},"content":{"rendered":"\n<p>&nbsp;&nbsp;Lago Puelo, 24 de febrero de 2023<\/p>\n\n\n\n<p><strong><u>Llamados a Concurso 2022<\/u><\/strong><\/p>\n\n\n\n<p><strong>El Instituto de Educaci\u00f3n Superior Nro. 813 \u201cProf. Pablo Luppi\u201d llama a concurso para los siguientes espacios curriculares:<\/strong><a><\/a><\/p>\n\n\n\n<p><strong>Profesorado de Educaci\u00f3n Primaria \u2013&nbsp;Sede Lago Puelo Res. 328\/22 \u2013 1er a\u00f1o \u2013 1\u00ba Llamado.<\/strong><\/p>\n\n\n\n<figure class=\"wp-block-table\"><table><tbody><tr><td>Unidad Curricular&nbsp;<\/td><td>Docentes&nbsp;<\/td><td>Cantidad de horas&nbsp;<\/td><td>Anual o Cuatrimestral&nbsp;<\/td><\/tr><tr><td>Matem\u00e1tica<\/td><td>1 docente&nbsp;<strong>(suplencia art 5B)<\/strong><\/td><td>&nbsp;3 hs<\/td><td>&nbsp;ANUAL<\/td><\/tr><\/tbody><\/table><\/figure>\n\n\n\n<p><strong>Profesorado de Educaci\u00f3n Primaria &#8211;&nbsp;Anexo Epuy\u00e9n&nbsp;Res&nbsp;<a href=\"https:\/\/www.google.com\/maps\/search\/N%C2%B0+310%2F14?entry=gmail&amp;source=g\">N\u00b0 310\/14<\/a>&nbsp;\u2013 3er. a\u00f1o \u2013 2\u00ba Llamado.<\/strong><\/p>\n\n\n\n<figure class=\"wp-block-table\"><table><tbody><tr><td><strong>Unidad Curricular<\/strong>&nbsp;<\/td><td><strong>Docentes<\/strong>&nbsp;<\/td><td><strong>Cantidad de horas<\/strong>&nbsp;<\/td><td><strong>Anual o Cuatrimestral<\/strong><strong>&nbsp;<\/strong><\/td><\/tr><tr><td>&nbsp;Did\u00e1ctica de la&nbsp;Educaci\u00f3n Tecnol\u00f3gica&nbsp;<\/td><td>&nbsp;1 docente de Educaci\u00f3n Primaria para completar pareja pedag\u00f3gica&nbsp;<\/td><td>&nbsp;4 hs&nbsp;<\/td><td>&nbsp;ANUAL<\/td><\/tr><tr><td>&nbsp;Pr\u00e1ctica Docente III&nbsp;<\/td><td>&nbsp;1 docente con formaci\u00f3n espec\u00edfica en Pedagog\u00eda y Did\u00e1ctica para completar Equipo<\/td><td>&nbsp;8 hs<\/td><td>&nbsp;ANUAL<\/td><\/tr><\/tbody><\/table><\/figure>\n\n\n\n<p><strong>Profesorado de Educaci\u00f3n Primaria &#8211;&nbsp;Anexo Epuy\u00e9n&nbsp;Res&nbsp;<a href=\"https:\/\/www.google.com\/maps\/search\/N%C2%B0+310%2F14?entry=gmail&amp;source=g\">N\u00b0 310\/14<\/a>&nbsp;\u2013 4to a\u00f1o \u2013 1\u00ba Llamado.<\/strong><\/p>\n\n\n\n<figure class=\"wp-block-table\"><table><tbody><tr><td><strong>Unidad Curricular<\/strong><\/td><td><strong>Docentes<\/strong><\/td><td><strong>Cantidad de horas<\/strong><\/td><td><strong>Anual o Cuatrimestral<\/strong><\/td><\/tr><tr><td>Sistematizaci\u00f3n de Experiencias Pedag\u00f3gicas<\/td><td>&nbsp;2 docentes<\/td><td>&nbsp;3 hs<\/td><td>&nbsp;ANUAL<\/td><\/tr><\/tbody><\/table><\/figure>\n\n\n\n<p><strong>Profesorado de Educaci\u00f3n Secundara en Matem\u00e1tica&nbsp;<a>Sede Lago Puelo&nbsp;<\/a>&#8211; Res N\u00b0543\/19 \u2013 1er. a\u00f1o \u2013 2do &nbsp;llamado<\/strong><\/p>\n\n\n\n<figure class=\"wp-block-table\"><table><tbody><tr><td><strong>Unidad Curricular<\/strong><\/td><td><strong>Docentes<\/strong><\/td><td><strong>Cantidad de horas<\/strong><\/td><td><strong>Anual o Cuatrimestral<\/strong><\/td><\/tr><tr><td>Geometr\u00eda del Plano<\/td><td>1 Docente Interino<\/td><td>&nbsp;6 horas c\u00e1tedra&nbsp;<\/td><td>&nbsp;Anual&nbsp;<\/td><\/tr><\/tbody><\/table><\/figure>\n\n\n\n<p><em>Perfil requerido<\/em>&nbsp;Profesor\/a de Matem\u00e1tica<\/p>\n\n\n\n<p><strong>Profesorado de Educaci\u00f3n Secundara en Matem\u00e1tica Sede Lago Puelo &#8211; Res N\u00b0543\/19 \u2013 2do. a\u00f1o \u2013 2do &nbsp;llamado<\/strong><\/p>\n\n\n\n<figure class=\"wp-block-table\"><table><tbody><tr><td><strong>Unidad Curricular<\/strong><\/td><td><strong>Docentes<\/strong><\/td><td><strong>Cantidad de horas<\/strong><\/td><td><strong>Anual o Cuatrimestral<\/strong><\/td><\/tr><tr><td>\u00c1lgebra Lineal1<\/td><td>1 Docente Interino<\/td><td>&nbsp;5 horas c\u00e1tedra&nbsp;<\/td><td>&nbsp;Anual&nbsp;<\/td><\/tr><\/tbody><\/table><\/figure>\n\n\n\n<p><em><sup>1<\/sup><\/em><em>Perfil requerido<\/em>&nbsp;Profesor\/a de Matem\u00e1tica&nbsp;<\/p>\n\n\n\n<p><strong>Profesorado de Educaci\u00f3n Secundara en Matem\u00e1tica Sede Lago Puelo &#8211; Res N\u00b0543\/19 \u2013 3er. a\u00f1o \u2013 2do &nbsp;llamado<\/strong><\/p>\n\n\n\n<figure class=\"wp-block-table\"><table><tbody><tr><td><strong>Unidad Curricular<\/strong><\/td><td><strong>Docentes<\/strong><\/td><td><strong>Cantidad de horas<\/strong><\/td><td><strong>Anual o Cuatrimestral<\/strong><\/td><\/tr><tr><td>Estructuras Algebraicas1<\/td><td>1 Docente Interino<\/td><td>&nbsp;4 horas c\u00e1tedra&nbsp;<\/td><td>&nbsp;Anual&nbsp;<\/td><\/tr><\/tbody><\/table><\/figure>\n\n\n\n<p><em><sup>1<\/sup><\/em><em>Perfil requerido<\/em>&nbsp;Profesor\/a de Matem\u00e1tica&nbsp;<\/p>\n\n\n\n<p>Puede consultarse el Dise\u00f1o Curricular de la carrera en:<\/p>\n\n\n\n<figure class=\"wp-block-embed\"><div class=\"wp-block-embed__wrapper\">\nhttps:\/\/ies813pabloluppi-chu.infd.edu.ar\/sitio\/wp-content\/uploads\/2020\/05\/DC_PES-MAT-Res-543-19.pdf\n<\/div><\/figure>\n\n\n\n<p><a><strong>Profesorado de Educaci\u00f3n Secundaria en F\u00edsica &#8211; Sede Lago Puelo &#8211; Res N\u00b0 545 &#8211; 19 \u2013 2do &nbsp;llamado &#8211; de 4to A\u00f1o<\/strong><\/a><\/p>\n\n\n\n<figure class=\"wp-block-table\"><table><tbody><tr><td><a><strong>Unidad Curricular<\/strong><\/a><strong>&nbsp;<\/strong><\/td><td><strong>Docente<\/strong><\/td><td><strong>Cantidad de horas<\/strong><\/td><td><strong>Anual o Cuatrimestral<\/strong><\/td><\/tr><tr><td>Unidad de Definici\u00f3n Institucional del Campo de la Formaci\u00f3n General I:&nbsp;<strong>El uso del cuerpo y la voz en la ense\u00f1anza*<\/strong><\/td><td>interino<\/td><td>4hs<\/td><td>1\u00b0 cuatrimestre<\/td><\/tr><\/tbody><\/table><\/figure>\n\n\n\n<p><strong>&nbsp;Profesorado de Educaci\u00f3n Inicial &#8211; Anexo Cholila- Res N\u00b0 327\/22 \u2013 2do. a\u00f1o \u2013 2do.&nbsp;llamado<\/strong><\/p>\n\n\n\n<figure class=\"wp-block-table\"><table><tbody><tr><td><strong>Unidad Curricular<\/strong><strong>&nbsp;<\/strong><\/td><td><strong>Docentes<\/strong><strong>&nbsp;<\/strong><\/td><td><strong>Cantidad de horas<\/strong><strong>&nbsp;<\/strong><\/td><td><strong>Anual o Cuatrimestral<\/strong><\/td><\/tr><tr><td>Psicolog\u00eda del Desarrollo<\/td><td>2Un\/a profesional en Ciencias de la Educaci\u00f3n, Psicolog\u00eda, Psicopedagog\u00eda o equivalente, con antecedentes de formaci\u00f3n en el campo de la Psicolog\u00eda del Desarrollo (Interino) y un\/a docente de Educaci\u00f3n Inicial con experiencia laboral y especializaci\u00f3n en Jard\u00edn Maternal o en Desarrollo Infantil (Interino)<\/td><td>3 Hs<\/td><td>Anual<\/td><\/tr><tr><td>Pr\u00e1cticas del Lenguaje&nbsp; y su Did\u00e1ctica<\/td><td>2Un\/a docente de Nivel Inicial con especializaci\u00f3n en el \u00e1rea (Interino) y un\/a Profesor\/a o Licenciado\/a en Lengua y Literatura; Letras; Castellano, o Literatura y Lat\u00edn con formaci\u00f3n y\/o experiencia en Educaci\u00f3n Inicial (Interino)<\/td><td>5 Hs<\/td><td>Anual<\/td><\/tr><\/tbody><\/table><\/figure>\n\n\n\n<p><em>Para ver los perfiles docentes requeridos podr\u00e1n remitirse al Dise\u00f1o Curricular vigente.<\/em><\/p>\n\n\n\n<p>&nbsp;<strong>Profesorado de Educaci\u00f3n Inicial &#8211; Anexo Cholila- Res N\u00b0 309\/14 \u2013 3er. a\u00f1o \u2013 2do.&nbsp;llamado<\/strong><\/p>\n\n\n\n<figure class=\"wp-block-table\"><table><tbody><tr><td><strong>Unidad Curricular<\/strong><strong>&nbsp;<\/strong><\/td><td><strong>Docentes<\/strong><strong>&nbsp;<\/strong><\/td><td><strong>Cantidad de horas<\/strong><strong>&nbsp;<\/strong><\/td><td><strong>Anual o Cuatrimestral<\/strong><\/td><\/tr><tr><td>Educaci\u00f3n y TIC<\/td><td>1Un Docente con&nbsp;&nbsp;formaci\u00f3n espec\u00edfica, orientaci\u00f3n y\/o especializaci\u00f3n en Educaci\u00f3n y TIC (Interino)<\/td><td>3 Hs<\/td><td>Cuatrimestral<\/td><\/tr><tr><td>Ciencias Sociales y Su Did\u00e1ctica<\/td><td>2Un Docente con formaci\u00f3n espec\u00edfica en el \u00e1rea (Interino) y un\/a docente de Educaci\u00f3n Inicial con especializaci\u00f3n en el \u00e1rea (Interino)<\/td><td>5 Hs<\/td><td>Anual<\/td><\/tr><tr><td>Alfabetizaci\u00f3n Inicial<\/td><td>2Un docente de Nivel Inicial preferentemente con capacitaciones\/actualizaciones en el \u00e1rea (interino) y un\/a docente con formaci\u00f3n espec\u00edfica (suplente)<\/td><td>4 Hs<\/td><td>Anual<\/td><\/tr><tr><td>Producci\u00f3n de Recursos Did\u00e1cticos para el Nivel Inicial<\/td><td>1Un docente de Ed. Inicial para completar pareja pedag\u00f3gica(Interino)&nbsp;<\/td><td>3 Hs<\/td><td>Cuatrimestral<\/td><\/tr><\/tbody><\/table><\/figure>\n\n\n\n<p><em>Para ver los perfiles docentes requeridos podr\u00e1n remitirse al Dise\u00f1o Curricular vigente.&nbsp;<\/em><\/p>\n\n\n\n<p><strong>Tecnicatura Superior en Gesti\u00f3n administrativa orientada a la Producci\u00f3n- Anexo Cholila Res N\u00b0 409\/18 \u2013 2do. a\u00f1o \u2013 2do .&nbsp;llamado<\/strong><\/p>\n\n\n\n<figure class=\"wp-block-table\"><table><tbody><tr><td><strong>Unidad Curricular<\/strong><strong>&nbsp;<\/strong><\/td><td><strong>Docentes<\/strong><strong>&nbsp;<\/strong><\/td><td><strong>Cantidad de horas<\/strong><strong>&nbsp;<\/strong><\/td><td><strong>Anual o Cuatrimestral<\/strong><\/td><\/tr><tr><td>Estad\u00edstica<\/td><td>1 docente Interino\/a<\/td><td>3 Hs<\/td><td>Anual<\/td><\/tr><tr><td>Gesti\u00f3n Contable<\/td><td>1 docente Interino\/a<\/td><td>4 Hs<\/td><td>Anual<\/td><\/tr><\/tbody><\/table><\/figure>\n\n\n\n<p><em>Para ver los perfiles docentes requeridos podr\u00e1n remitirse al Dise\u00f1o Curricular vigente.<\/em><\/p>\n\n\n\n<p><strong>Tecnicatura&nbsp;Superior en&nbsp;Turismo&nbsp;\u2013 Anexo Cholila &#8211;&nbsp; Res. 588\/22 &#8211; 1\u00b0 A\u00f1o \u2013 2do &nbsp;llamado.<\/strong><\/p>\n\n\n\n<figure class=\"wp-block-table\"><table><tbody><tr><td><strong>Unidad Curricular<\/strong>&nbsp;<\/td><td><strong>Docentes<\/strong>&nbsp;<\/td><td><strong>Cantidad de horas<\/strong>&nbsp;<\/td><td><strong>Anual o Cuatrimestral<\/strong><strong>&nbsp;<\/strong><\/td><\/tr><tr><td>&nbsp;Gesti\u00f3n de la Organizaciones<\/td><td>&nbsp;1 docente Interino\/a<\/td><td>&nbsp;3 hs<\/td><td>&nbsp;Anual<\/td><\/tr><tr><td>&nbsp;Matem\u00e1tica Aplicada con Orientaci\u00f3n Financiera&nbsp;<\/td><td>&nbsp;1 docente Interino\/a<\/td><td>&nbsp;3 hs<\/td><td>&nbsp;Cuatrimestral<\/td><\/tr><\/tbody><\/table><\/figure>\n\n\n\n<p><strong>La cursada ser\u00e1 bimodal (presencial \u2013 virtual)<\/strong><\/p>\n\n\n\n<p><strong>Tecnicatura&nbsp;Superior en&nbsp;Econom\u00eda Social y Desarrollo Local&nbsp;\u2013 Extensi\u00f3n \u00c1ulica el Hoyo &nbsp;&nbsp;&#8211;&nbsp; Res.&nbsp;&nbsp;&nbsp;&nbsp; \/14 &#8211; 1\u00b0 A\u00f1o \u2013 1er llamado.<\/strong><\/p>\n\n\n\n<figure class=\"wp-block-table\"><table><tbody><tr><td><strong>Unidad Curricular<\/strong>&nbsp;<\/td><td><strong>Docentes<\/strong>&nbsp;<\/td><td><strong>Cantidad de horas<\/strong>&nbsp;<\/td><td><strong>Anual o Cuatrimestral<\/strong><strong>&nbsp;<\/strong><\/td><\/tr><tr><td>Estado y Sociedad<\/td><td>1 docente<\/td><td>2 Hs<\/td><td>Anual<\/td><\/tr><tr><td>Procesos Pol\u00edticos \u2013 Econ\u00f3micos y el Mundo del Trabajo Actual<\/td><td>&nbsp;1 Docente<\/td><td>3 Hs<\/td><td>Anual<\/td><\/tr><tr><td>Grupos Organizaciones y Redes<\/td><td>1 Docente<\/td><td>4 Hs<\/td><td>Anual<\/td><\/tr><tr><td>Tecnolog\u00edas de Informaci\u00f3n y la Comunicaci\u00f3n<\/td><td>1 Docente<\/td><td>4 Hs<\/td><td>Anual<\/td><\/tr><tr><td>Introducci\u00f3n a la Econom\u00eda Social<\/td><td>1 Docente<\/td><td>4 Hs<\/td><td>Cuatrimestral<\/td><\/tr><tr><td>Pr\u00e1ctica Profesionalizante I<\/td><td>1 Docente<\/td><td>6 Hs<\/td><td>Anual<\/td><\/tr><\/tbody><\/table><\/figure>\n\n\n\n<p><em>Para ver los perfiles docentes requeridos podr\u00e1n remitirse al Dise\u00f1o Curricular vigente.<\/em><\/p>\n\n\n\n<p><strong>Profesorado Educaci\u00f3n Secundaria en Lengua y Literatura \u2013 Res&nbsp;<a href=\"https:\/\/www.google.com\/maps\/search\/N%C2%B0+536%2F19?entry=gmail&amp;source=g\">N\u00b0 536\/19<\/a>&nbsp;\u2013 Sede Lago Puelo &#8211; 3er A\u00f1o \u2013 2do &nbsp;llamado.<\/strong><\/p>\n\n\n\n<figure class=\"wp-block-table\"><table><tbody><tr><td><strong>&nbsp;<\/strong><strong>Unidad Curricular<\/strong><strong>&nbsp;<\/strong><\/td><td><strong>&nbsp;<\/strong><strong>Docentes<\/strong><strong>&nbsp;<\/strong><\/td><td><strong>&nbsp;<\/strong><strong>Cantidad de horas<\/strong><strong>&nbsp;<\/strong><\/td><td><strong>&nbsp;<\/strong><strong>Anual o Cuatrimestral<\/strong><strong>&nbsp;<\/strong><\/td><\/tr><tr><td>Sujetos del Aprendizaje&nbsp;<\/td><td>1&nbsp; docente interino Prof. de Lengua para completar pareja pedag\u00f3gica<\/td><td>5 hs<\/td><td>Anual<\/td><\/tr><\/tbody><\/table><\/figure>\n\n\n\n<p><em>Para ver los perfiles docentes requeridos podr\u00e1n remitirse al Dise\u00f1o Curricular vigente.<\/em><\/p>\n\n\n\n<p><strong>Profesorado Educaci\u00f3n Secundaria en Lengua y Literatura \u2013 Res N\u00b0 536\/19 \u2013 Anexo Epuy\u00e9n \u2013 2do A\u00f1o \u2013 2do &nbsp;llamado.<\/strong><\/p>\n\n\n\n<figure class=\"wp-block-table\"><table><tbody><tr><td><strong>&nbsp;<\/strong><strong>Unidad Curricular<\/strong><strong>&nbsp;<\/strong><\/td><td><strong>&nbsp;<\/strong><strong>Docentes<\/strong><strong>&nbsp;<\/strong><\/td><td><strong>&nbsp;<\/strong><strong>Cantidad de horas<\/strong><strong>&nbsp;<\/strong><\/td><td><strong>&nbsp;<\/strong><strong>Anual o Cuatrimestral<\/strong><strong>&nbsp;<\/strong><\/td><\/tr><tr><td>Literaturas Latinoamericanas II<\/td><td>1 docente interino\/a<\/td><td>4 hs<\/td><td>Anual<\/td><\/tr><\/tbody><\/table><\/figure>\n\n\n\n<p><em>Para ver los perfiles docentes requeridos podr\u00e1n remitirse al Dise\u00f1o Curricular vigente.<\/em><\/p>\n\n\n\n<p><strong>Profesorado de Educaci\u00f3n Secundaria en Historia 4to a\u00f1o\u2013 Anexo Epuyen- 2do &nbsp;llamado. Res 547\/ 19<\/strong><\/p>\n\n\n\n<figure class=\"wp-block-table\"><table><tbody><tr><td><strong>Unidad Curricular<\/strong><strong>&nbsp;<\/strong><\/td><td><strong>Docentes<\/strong><strong>&nbsp;<\/strong><\/td><td><strong>Cantidad de horas<\/strong><strong>&nbsp;<\/strong><\/td><td><strong>Anual o Cuatrimestral<\/strong><\/td><td><strong>Horario<\/strong><\/td><\/tr><tr><td>UDI I:Uso correcto de la voz<\/td><td>1 docente<\/td><td>5 horas<\/td><td>Cuatrimestral (a t\u00e9rmino)<\/td><td>Mi\u00e9rcoles 18.10 a 20 horas<\/td><\/tr><\/tbody><\/table><\/figure>\n\n\n\n<p><em>Para ver los perfiles docentes requeridos podr\u00e1n remitirse al Dise\u00f1o Curricular vigente.<\/em><\/p>\n\n\n\n<p><a><strong>Profesorado de Educaci\u00f3n Secundara en Geograf\u00eda Sede Lago Puelo &#8211; Res N\u00b0544\/19 \u2013 3er . a\u00f1o \u2013 1er &nbsp;&nbsp;llamado<\/strong><\/a><\/p>\n\n\n\n<figure class=\"wp-block-table\"><table><tbody><tr><td><strong>Unidad Curricular<\/strong><\/td><td><strong>Docentes<\/strong><\/td><td><strong>Cantidad de horas<\/strong><\/td><td><strong>Anual o Cuatrimestral<\/strong><\/td><\/tr><tr><td>Geograf\u00eda Social y Econ\u00f3mica de Latinoam\u00e9rica<\/td><td>1 docente Suplente ART 29<\/td><td>&nbsp;4 hs \u2013 Lunes de 18 a 19;40&nbsp;<\/td><td>&nbsp;Anual&nbsp;<\/td><\/tr><tr><td>Problem\u00e1ticas Socio territoriales del Espacio Mundial<\/td><td>1 docente Suplente ART 29 para completar pareja pedag\u00f3gica #<\/td><td>5 Hs- Jueves de 19:50 a 22 hs<\/td><td>Anual<\/td><\/tr><\/tbody><\/table><\/figure>\n\n\n\n<p><em># Perfil : Profesor \/Lic. en Sociolog\u00eda o Ciencias Politicas<\/em><\/p>\n\n\n\n<p><em>Para ver los perfiles docentes requeridos podr\u00e1n remitirse al Dise\u00f1o Curricular vigente.<\/em><\/p>\n\n\n\n<p><strong>Profesorado de Educaci\u00f3n Secundara en Geograf\u00eda Sede Lago Puelo &#8211; Res N\u00b0544\/19 \u2013 4to . a\u00f1o \u2013 1er &nbsp;&nbsp;llamado<\/strong><\/p>\n\n\n\n<figure class=\"wp-block-table\"><table><tbody><tr><td><strong>Unidad Curricular<\/strong><\/td><td><strong>Docentes<\/strong><\/td><td><strong>Cantidad de horas<\/strong><\/td><td><strong>Anual o Cuatrimestral<\/strong><\/td><\/tr><tr><td>Geograf\u00eda Regional Argentina<\/td><td>1 docente Suplente ART 29<\/td><td>&nbsp;6 hs \u2013 martes Lunes de 18:30 a 20:55&nbsp;<\/td><td>&nbsp;Anual&nbsp;<\/td><\/tr><tr><td><a>Pr\u00e1ctica Profesional Docente IV<\/a><\/td><td>1 docente Suplente ART 29 *<\/td><td>11 Hs- mi\u00e9rcoles &nbsp;de 19:50 a 22 hs<\/td><td>Anual<\/td><\/tr><tr><td>Pr\u00e1ctica Profesional Docente IV<\/td><td>1 docente Interino#<\/td><td>11 Hs- mi\u00e9rcoles &nbsp;de 19:50 a 22 hs<\/td><td>Anual<\/td><\/tr><\/tbody><\/table><\/figure>\n\n\n\n<p>*&nbsp;<em>Perfil Docente: Profesor\/a de Geograf\u00eda o Cs Sociales<\/em><\/p>\n\n\n\n<p><em># Perfil Docente: Profesor de Educaci\u00f3n Especial<\/em><\/p>\n\n\n\n<p><strong><a href=\"https:\/\/ies813pabloluppi-chu.infd.edu.ar\/sitio\/llamados-a-concurso\/\" target=\"_blank\" rel=\"noreferrer noopener\">Las bases y el detalle de los mismos est\u00e1n disponibles en la p\u00e1gina web:<\/a><\/strong><\/p>\n\n\n\n<p><strong>Consultas:\u00a0<\/strong><a rel=\"noreferrer noopener\" href=\"mailto:concursosisfd813@gmail.com#_blank\" target=\"_blank\">concursosisfd813@gmail.com<\/a>\u00a0<strong>Fecha l\u00edmite para la presentaci\u00f3n de antecedentes y proyecto al\u00a0viernes 3 de marzo de\u00a02023 hasta las 19 hs.<\/strong><\/p>\n\n\n\n<p>\u00a0<\/p>\n","protected":false},"excerpt":{"rendered":"<p>&nbsp;&nbsp;Lago Puelo, 24 de febrero de 2023 Llamados a Concurso 2022 El Instituto de Educaci\u00f3n Superior Nro. 813 \u201cProf. Pablo Luppi\u201d llama a concurso para los siguientes espacios curriculares: Profesorado de Educaci\u00f3n Primaria \u2013&nbsp;Sede Lago Puelo Res. 328\/22 \u2013 1er a\u00f1o \u2013 1\u00ba Llamado. Unidad Curricular&nbsp; Docentes&nbsp; Cantidad de horas&nbsp; Anual o Cuatrimestral&nbsp; Matem\u00e1tica 1 &#8230; <a title=\"Lago Puelo, 24 de febrero de 2023 &#8211; Llamados a Concurso\" class=\"read-more\" href=\"https:\/\/ies813pabloluppi-chu.infd.edu.ar\/sitio\/llamados-a-concurso-2023-24-febrero-2023\/\" aria-label=\"More on Lago Puelo, 24 de febrero de 2023 &#8211; Llamados a Concurso\">[+]<\/a><\/p>\n","protected":false},"author":1899,"featured_media":0,"comment_status":"closed","ping_status":"closed","sticky":false,"template":"","format":"standard","meta":[],"categories":[14],"tags":[],"acf":[],"_links":{"self":[{"href":"https:\/\/ies813pabloluppi-chu.infd.edu.ar\/sitio\/wp-json\/wp\/v2\/posts\/5333"}],"collection":[{"href":"https:\/\/ies813pabloluppi-chu.infd.edu.ar\/sitio\/wp-json\/wp\/v2\/posts"}],"about":[{"href":"https:\/\/ies813pabloluppi-chu.infd.edu.ar\/sitio\/wp-json\/wp\/v2\/types\/post"}],"author":[{"embeddable":true,"href":"https:\/\/ies813pabloluppi-chu.infd.edu.ar\/sitio\/wp-json\/wp\/v2\/users\/1899"}],"replies":[{"embeddable":true,"href":"https:\/\/ies813pabloluppi-chu.infd.edu.ar\/sitio\/wp-json\/wp\/v2\/comments?post=5333"}],"version-history":[{"count":12,"href":"https:\/\/ies813pabloluppi-chu.infd.edu.ar\/sitio\/wp-json\/wp\/v2\/posts\/5333\/revisions"}],"predecessor-version":[{"id":5349,"href":"https:\/\/ies813pabloluppi-chu.infd.edu.ar\/sitio\/wp-json\/wp\/v2\/posts\/5333\/revisions\/5349"}],"wp:attachment":[{"href":"https:\/\/ies813pabloluppi-chu.infd.edu.ar\/sitio\/wp-json\/wp\/v2\/media?parent=5333"}],"wp:term":[{"taxonomy":"category","embeddable":true,"href":"https:\/\/ies813pabloluppi-chu.infd.edu.ar\/sitio\/wp-json\/wp\/v2\/categories?post=5333"},{"taxonomy":"post_tag","embeddable":true,"href":"https:\/\/ies813pabloluppi-chu.infd.edu.ar\/sitio\/wp-json\/wp\/v2\/tags?post=5333"}],"curies":[{"name":"wp","href":"https:\/\/api.w.org\/{rel}","templated":true}]}}