{"id":5384,"date":"2023-03-02T18:41:26","date_gmt":"2023-03-02T21:41:26","guid":{"rendered":"https:\/\/ies813pabloluppi-chu.infd.edu.ar\/sitio\/?p=5384"},"modified":"2023-03-02T18:41:29","modified_gmt":"2023-03-02T21:41:29","slug":"lago-puelo-2-de-marzo-de-2023-concurso-bedel-suplente","status":"publish","type":"post","link":"https:\/\/ies813pabloluppi-chu.infd.edu.ar\/sitio\/lago-puelo-2-de-marzo-de-2023-concurso-bedel-suplente\/","title":{"rendered":"Lago Puelo, 2 de marzo de 2023 &#8211; Concurso Bedel suplente"},"content":{"rendered":"\n<p><strong><u>Llamados a Concurso 2023<\/u><\/strong><\/p>\n\n\n\n<p><strong>El Instituto de Educaci\u00f3n Superior Nro 813 \u201cProf. Pablo Luppi\u201d hace el llamado para cubrir;<\/strong><\/p>\n\n\n\n<p>&#8211;&nbsp;&nbsp;&nbsp;&nbsp;&nbsp;&nbsp;&nbsp;<strong>Un cargo de Bedel \u2013 suplente \u2013Horario: lunes a viernes de 18 a 23 hs.<\/strong><\/p>\n\n\n\n<p>&#8211;&nbsp;&nbsp;&nbsp;&nbsp;&nbsp;&nbsp;&nbsp;<strong>&nbsp;<\/strong><\/p>\n\n\n\n<p><strong><a href=\"https:\/\/ies813pabloluppi-chu.infd.edu.ar\/sitio\/bases-para-concursos-2\/\" data-type=\"URL\" data-id=\"https:\/\/ies813pabloluppi-chu.infd.edu.ar\/sitio\/bases-para-concursos-2\/\" target=\"_blank\" rel=\"noreferrer noopener\">Ver bases en la p\u00e1gina<\/a><\/strong><\/p>\n\n\n\n<p><strong>Se solicita la presentaci\u00f3n de Curriculum Vitae en la que se detallan t\u00edtulos y antecedentes. (Formato digital y papel<\/strong>) &nbsp;&nbsp;<a href=\"mailto:concursosisfd813@gmail.com\" target=\"_blank\" rel=\"noreferrer noopener\">concursosisfd813@gmail.com<\/a>&nbsp;<strong>Fecha l\u00edmite el &nbsp;viernes 10 de marzo &nbsp;&nbsp;de 2023 &nbsp;hasta las 19 hs.<\/strong><\/p>\n","protected":false},"excerpt":{"rendered":"<p>Llamados a Concurso 2023 El Instituto de Educaci\u00f3n Superior Nro 813 \u201cProf. Pablo Luppi\u201d hace el llamado para cubrir; &#8211;&nbsp;&nbsp;&nbsp;&nbsp;&nbsp;&nbsp;&nbsp;Un cargo de Bedel \u2013 suplente \u2013Horario: lunes a viernes de 18 a 23 hs. &#8211;&nbsp;&nbsp;&nbsp;&nbsp;&nbsp;&nbsp;&nbsp;&nbsp; Ver bases en la p\u00e1gina Se solicita la presentaci\u00f3n de Curriculum Vitae en la que se detallan t\u00edtulos y antecedentes. &#8230; <a title=\"Lago Puelo, 2 de marzo de 2023 &#8211; Concurso Bedel suplente\" class=\"read-more\" href=\"https:\/\/ies813pabloluppi-chu.infd.edu.ar\/sitio\/lago-puelo-2-de-marzo-de-2023-concurso-bedel-suplente\/\" aria-label=\"More on Lago Puelo, 2 de marzo de 2023 &#8211; Concurso Bedel suplente\">[+]<\/a><\/p>\n","protected":false},"author":1899,"featured_media":0,"comment_status":"open","ping_status":"open","sticky":false,"template":"","format":"standard","meta":[],"categories":[1],"tags":[],"acf":[],"_links":{"self":[{"href":"https:\/\/ies813pabloluppi-chu.infd.edu.ar\/sitio\/wp-json\/wp\/v2\/posts\/5384"}],"collection":[{"href":"https:\/\/ies813pabloluppi-chu.infd.edu.ar\/sitio\/wp-json\/wp\/v2\/posts"}],"about":[{"href":"https:\/\/ies813pabloluppi-chu.infd.edu.ar\/sitio\/wp-json\/wp\/v2\/types\/post"}],"author":[{"embeddable":true,"href":"https:\/\/ies813pabloluppi-chu.infd.edu.ar\/sitio\/wp-json\/wp\/v2\/users\/1899"}],"replies":[{"embeddable":true,"href":"https:\/\/ies813pabloluppi-chu.infd.edu.ar\/sitio\/wp-json\/wp\/v2\/comments?post=5384"}],"version-history":[{"count":1,"href":"https:\/\/ies813pabloluppi-chu.infd.edu.ar\/sitio\/wp-json\/wp\/v2\/posts\/5384\/revisions"}],"predecessor-version":[{"id":5385,"href":"https:\/\/ies813pabloluppi-chu.infd.edu.ar\/sitio\/wp-json\/wp\/v2\/posts\/5384\/revisions\/5385"}],"wp:attachment":[{"href":"https:\/\/ies813pabloluppi-chu.infd.edu.ar\/sitio\/wp-json\/wp\/v2\/media?parent=5384"}],"wp:term":[{"taxonomy":"category","embeddable":true,"href":"https:\/\/ies813pabloluppi-chu.infd.edu.ar\/sitio\/wp-json\/wp\/v2\/categories?post=5384"},{"taxonomy":"post_tag","embeddable":true,"href":"https:\/\/ies813pabloluppi-chu.infd.edu.ar\/sitio\/wp-json\/wp\/v2\/tags?post=5384"}],"curies":[{"name":"wp","href":"https:\/\/api.w.org\/{rel}","templated":true}]}}