{"id":5403,"date":"2023-03-08T13:35:42","date_gmt":"2023-03-08T16:35:42","guid":{"rendered":"https:\/\/ies813pabloluppi-chu.infd.edu.ar\/sitio\/?p=5403"},"modified":"2023-03-09T14:51:43","modified_gmt":"2023-03-09T17:51:43","slug":"lago-puelo-07-de-marzo-de-2023-llamados-a-concurso-2023","status":"publish","type":"post","link":"https:\/\/ies813pabloluppi-chu.infd.edu.ar\/sitio\/lago-puelo-07-de-marzo-de-2023-llamados-a-concurso-2023\/","title":{"rendered":"Lago Puelo, 07 de marzo de 2023 &#8211; <strong>Llamados a Concurso 2023<\/strong>"},"content":{"rendered":"\n<p>Lago Puelo, 07 de marzo de 2023<\/p>\n\n\n\n<p><strong><u>Llamados a Concurso 2023<\/u><\/strong><\/p>\n\n\n\n<p><strong>El Instituto de Educaci\u00f3n Superior Nro. 813 \u201cProf. Pablo Luppi\u201d llama a concurso para los siguientes espacios curriculares:<\/strong><\/p>\n\n\n\n<p><strong>Profesorado de Educaci\u00f3n Primaria \u2013&nbsp;Sede Lago Puelo Res. 328\/22 \u2013 1er a\u00f1o \u2013 2\u00ba llamado.<\/strong><\/p>\n\n\n\n<figure class=\"wp-block-table\"><table><thead><tr><td><strong>Unidad Curricular<\/strong><\/td><td><strong>Docentes<\/strong><\/td><td><strong>Cantidad de horas<\/strong><\/td><td><strong>Anual o Cuatrimestra<\/strong><strong>l<\/strong><\/td><\/tr><tr><td>Matem\u00e1tica<\/td><td>Un\/a docente&nbsp;(suplencia art 5B).<\/td><td>3 hs.Horarios:&nbsp;martes de 18:15 a 20 hs.<\/td><td>Anual<\/td><\/tr><\/thead><\/table><\/figure>\n\n\n\n<p><em>Para ver los perfiles docentes requeridos podr\u00e1n remitirse al Dise\u00f1o Curricular vigente.&nbsp;<\/em><\/p>\n\n\n\n<p><strong>Profesorado de Educaci\u00f3n Primaria \u2013&nbsp;Sede Lago Puelo Res. 328\/22&nbsp;\u2013 2do a\u00f1o \u2013 2\u00ba llamado.<\/strong><\/p>\n\n\n\n<figure class=\"wp-block-table\"><table><thead><tr><td><strong>Unidad Curricular<\/strong><\/td><td><strong>Docentes<\/strong><\/td><td><strong>Cantidad de horas<\/strong><\/td><td><strong>Anual o Cuatrimestral<\/strong><\/td><\/tr><tr><td>Educaci\u00f3n Tecnol\u00f3gica<\/td><td>Un\/a docente&nbsp;<\/td><td>3 hs.<\/td><td>Anual<\/td><\/tr><\/thead><\/table><\/figure>\n\n\n\n<p><em>Para ver los perfiles docentes requeridos podr\u00e1n remitirse al Dise\u00f1o Curricular vigente.&nbsp;<\/em><\/p>\n\n\n\n<p><strong>Profesorado de Educaci\u00f3n Primaria &#8211;&nbsp;Anexo Epuy\u00e9n&nbsp;Res&nbsp;<\/strong><a href=\"https:\/\/www.google.com\/maps\/search\/N%C2%B0+310%2F14?entry=gmail&amp;source=g\" target=\"_blank\" rel=\"noreferrer noopener\"><strong>N\u00b0 310\/14<\/strong><\/a><strong>&nbsp;\u2013 3er. a\u00f1o \u2013 3\u00ba llamado.<\/strong><\/p>\n\n\n\n<figure class=\"wp-block-table\"><table><thead><tr><td><strong>Unidad Curricular<\/strong><\/td><td><strong>Docentes<\/strong><\/td><td><strong>Cantidad de horas<\/strong><\/td><td><strong>Anual o Cuatrimestral<\/strong><\/td><\/tr><tr><td>Did\u00e1ctica de la&nbsp;Educaci\u00f3n Tecnol\u00f3gica<\/td><td>Un\/a docente de Educaci\u00f3n Primaria para completar pareja pedag\u00f3gica.<\/td><td>4 hs.Horarios:&nbsp;lunes de 19:20 a 22 hs).<\/td><td>Anual<\/td><\/tr><tr><td>Pr\u00e1ctica Profesional Docente III<\/td><td>Dos docentes en pareja pedag\u00f3gica (Un\/a docente de Educaci\u00f3n Primaria&nbsp;y Un\/a docente con formaci\u00f3n espec\u00edfica en Pedagog\u00eda y Did\u00e1ctica) para completar Equipo Pedag\u00f3gico.<\/td><td>8 hs.<\/td><td>Anual<\/td><\/tr><\/thead><\/table><\/figure>\n\n\n\n<p><em>Para ver los perfiles docentes requeridos podr\u00e1n remitirse al Dise\u00f1o Curricular vigente.&nbsp;<\/em><\/p>\n\n\n\n<p><strong>Profesorado de Educaci\u00f3n Primaria &#8211;&nbsp;Anexo Epuy\u00e9n&nbsp;Res&nbsp;<\/strong><a href=\"https:\/\/www.google.com\/maps\/search\/N%C2%B0+310%2F14?entry=gmail&amp;source=g\" target=\"_blank\" rel=\"noreferrer noopener\"><strong>N\u00b0 310\/14<\/strong><\/a><strong>&nbsp;\u2013 4to a\u00f1o \u2013 2\u00ba llamado.<\/strong><\/p>\n\n\n\n<figure class=\"wp-block-table\"><table><thead><tr><td><strong>Unidad Curricular<\/strong><\/td><td><strong>Docentes<\/strong><\/td><td><strong>Cantidad de horas<\/strong><\/td><td><strong>Anual o Cuatrimestral<\/strong><\/td><\/tr><tr><td>Sistematizaci\u00f3n de Experiencias Pedag\u00f3gicas<\/td><td>Dos docentes para conformar pareja pedag\u00f3gica (Un\/a Profesional con experiencia en investigaci\u00f3n Educativa y Un\/a Docente de Educaci\u00f3n primaria)<\/td><td>3 hs.<\/td><td>Anual<\/td><\/tr><\/thead><\/table><\/figure>\n\n\n\n<p><em>&nbsp;<\/em><em>Para ver los perfiles docentes requeridos podr\u00e1n remitirse al Dise\u00f1o Curricular vigente.&nbsp;<\/em><\/p>\n\n\n\n<p><strong>Profesorado de Educaci\u00f3n Inicial &#8211; Anexo Cholila- Res N\u00b0 327\/22 \u2013 2do &nbsp;a\u00f1o \u2013 3\u00ba&nbsp;llamado.<\/strong><\/p>\n\n\n\n<figure class=\"wp-block-table\"><table><thead><tr><td><strong>Unidad Curricular<\/strong><\/td><td><strong>Docentes<\/strong><\/td><td><strong>Cantidad de horas<\/strong><\/td><td><strong>Anual o Cuatrimestral<\/strong><\/td><\/tr><tr><td>Pr\u00e1cticas del Lenguaje&nbsp; y su Did\u00e1ctica<\/td><td>Dos docentes para conformar pareja pedag\u00f3gica&nbsp;&nbsp;(Un\/a docente de Nivel Inicial con especializaci\u00f3n en el \u00e1rea y Un\/a Profesor\/a o Licenciado\/a en Lengua y Literatura; Letras; Castellano, o Literatura y Lat\u00edn con formaci\u00f3n y\/o experiencia en Educaci\u00f3n Inicial).Interino\/a<\/td><td>5 hs.<\/td><td>Anual<\/td><\/tr><\/thead><\/table><\/figure>\n\n\n\n<p><em>Para ver los perfiles docentes requeridos podr\u00e1n remitirse al Dise\u00f1o Curricular vigente.&nbsp;<\/em><\/p>\n\n\n\n<p>&nbsp;<strong>Profesorado de Educaci\u00f3n Inicial &#8211; Anexo Cholila- Res N\u00b0 309\/14 \u2013 3er a\u00f1o \u2013 3\u00ba&nbsp;llamado.<\/strong><\/p>\n\n\n\n<figure class=\"wp-block-table\"><table><thead><tr><td><strong>Unidad Curricular<\/strong><\/td><td><strong>Docentes<\/strong><\/td><td><strong>Cantidad de horas<\/strong><\/td><td><strong>Anual o Cuatrimestral<\/strong><\/td><\/tr><tr><td>Educaci\u00f3n y TIC<\/td><td>Un\/a docente con&nbsp;&nbsp;formaci\u00f3n espec\u00edfica, orientaci\u00f3n y\/o especializaci\u00f3n en Educaci\u00f3n y TIC.Interino\/a<\/td><td>3 hs.<\/td><td>Cuatrimestral<\/td><\/tr><tr><td>Alfabetizaci\u00f3n Inicial<\/td><td>Dos docentes en pareja pedag\u00f3gica&nbsp;(Un docente de Nivel Inicial preferentemente con capacitaciones\/actualizaciones en el \u00e1rea-interino\/a- y Un\/a docente con formaci\u00f3n espec\u00edfica-suplente-).<\/td><td>4 hs.<\/td><td>Anual<\/td><\/tr><tr><td>Producci\u00f3n de Recursos Did\u00e1cticos para el Nivel Inicial<\/td><td>Un\/a docente de Ed. Inicial para completar pareja pedag\u00f3gica.Interino\/a<\/td><td>3 hs.<\/td><td>Cuatrimestral<\/td><\/tr><\/thead><\/table><\/figure>\n\n\n\n<p><em>Para ver los perfiles docentes requeridos podr\u00e1n remitirse al Dise\u00f1o Curricular vigente.&nbsp;<\/em><\/p>\n\n\n\n<p><strong>Profesorado de Educaci\u00f3n Inicial &#8211; Anexo Cholila- Res N\u00b0 309\/14 \u2013 3er a\u00f1o \u2013 2\u00ba&nbsp;llamado.<\/strong><\/p>\n\n\n\n<figure class=\"wp-block-table\"><table><thead><tr><td><strong>Unidad Curricular<\/strong><\/td><td><strong>Docentes<\/strong><\/td><td><strong>Cantidad de horas<\/strong><\/td><td><strong>Anual o Cuatrimestral<\/strong><\/td><\/tr><tr><td>Filosof\u00eda de la educaci\u00f3n<\/td><td>&nbsp;Un\/a&nbsp;Docente con formaci\u00f3n espec\u00edfica en Filosof\u00eda, con orientaci\u00f3n y\/o experiencia en el \u00e1rea de la educaci\u00f3n.Interino\/a<\/td><td>3 hs.<\/td><td>Anual<\/td><\/tr><tr><td>Did\u00e1ctica del Jard\u00edn de Infantes<\/td><td>Dos docentes en pareja pedag\u00f3gica (Un\/a profesor\/a de Educaci\u00f3n Inicial especializada en jard\u00edn de infantes y un\/a docente con formaci\u00f3n espec\u00edfica en Pedagog\u00eda y\/o Did\u00e1ctica).Interino\/a<\/td><td>3 hs.<\/td><td>Anual<\/td><\/tr><\/thead><\/table><\/figure>\n\n\n\n<p><em>Para ver los perfiles docentes requeridos podr\u00e1n remitirse al Dise\u00f1o Curricular vigente.&nbsp;<\/em><\/p>\n\n\n\n<p><strong>Tecnicatura Superior en Gesti\u00f3n administrativa orientada a la Producci\u00f3n- Anexo Cholila Res N\u00b0 409\/18 \u2013 2do a\u00f1o \u2013 3\u00ba&nbsp;llamado.<\/strong><\/p>\n\n\n\n<figure class=\"wp-block-table\"><table><thead><tr><td><strong>Unidad Curricular<\/strong><\/td><td><strong>Docentes<\/strong><\/td><td><strong>Cantidad de horas<\/strong><\/td><td><strong>Anual o Cuatrimestral<\/strong><\/td><\/tr><tr><td>Gesti\u00f3n Contable<\/td><td>Un\/a docente.Interino\/a<\/td><td>4 Hs<\/td><td>Anual<\/td><\/tr><\/thead><\/table><\/figure>\n\n\n\n<p><em>Para ver los perfiles docentes requeridos podr\u00e1n remitirse al Dise\u00f1o Curricular vigente.&nbsp;<\/em><\/p>\n\n\n\n<p><strong>Tecnicatura Superior en Gesti\u00f3n administrativa orientada a la Producci\u00f3n- Anexo Cholila Res N\u00b0 409\/18 \u2013 2do a\u00f1o \u2013 2\u00ba&nbsp;llamado.<\/strong><\/p>\n\n\n\n<figure class=\"wp-block-table\"><table><thead><tr><td><strong>Unidad Curricular<\/strong><\/td><td><strong>Docentes<\/strong><\/td><td><strong>Cantidad de horas<\/strong><\/td><td><strong>Anual o Cuatrimestral<\/strong><\/td><\/tr><tr><td>Ingl\u00e9s t\u00e9cnico<\/td><td>Un\/a docente.Interino\/a<\/td><td>3 hs.<\/td><td>Anual<\/td><\/tr><tr><td>Derecho Laboral<\/td><td>Un\/a&nbsp;docente.Interino\/a<\/td><td>3 hs.<\/td><td>Anual<\/td><\/tr><\/thead><\/table><\/figure>\n\n\n\n<p><em>Para ver los perfiles docentes requeridos podr\u00e1n remitirse al Dise\u00f1o Curricular vigente.&nbsp;<\/em><\/p>\n\n\n\n<p><strong>Tecnicatura&nbsp;Superior en&nbsp;Turismo&nbsp;\u2013 Anexo Cholila &#8211;&nbsp; Res. 588\/22 \u2013 1er a\u00f1o \u2013 2\u00ba &nbsp;llamado.<\/strong><\/p>\n\n\n\n<figure class=\"wp-block-table\"><table><thead><tr><td><strong>Unidad Curricular<\/strong><\/td><td><strong>Docentes<\/strong><\/td><td><strong>Cantidad de horas<\/strong><\/td><td><strong>Anual o Cuatrimestral<\/strong><\/td><\/tr><tr><td>Ingl\u00e9s&nbsp;Tur\u00edstico<\/td><td>Un\/a docente.Interino\/a<\/td><td>3 hs. *<\/td><td>Anual<\/td><\/tr><tr><td>Legislaci\u00f3n&nbsp;tur\u00edstica<\/td><td>Un\/a docente.Interino\/a<\/td><td>3 hs. *<\/td><td>Cuatrimestral<\/td><\/tr><\/thead><\/table><\/figure>\n\n\n\n<p><strong>&nbsp;*La cursada ser\u00e1 bimodal (presencial \u2013 virtual)<\/strong><\/p>\n\n\n\n<p><em>Para ver los perfiles docentes requeridos podr\u00e1n remitirse al Dise\u00f1o Curricular vigente.&nbsp;<\/em><\/p>\n\n\n\n<p><strong>Tecnicatura&nbsp;Superior en&nbsp;Turismo&nbsp;\u2013 Anexo Cholila &#8211;&nbsp; Res. 588\/22 \u2013 1er a\u00f1o \u2013 3\u00ba &nbsp;llamado.&nbsp;<\/strong><\/p>\n\n\n\n<figure class=\"wp-block-table\"><table><thead><tr><td><strong>Unidad Curricular<\/strong><\/td><td><strong>Docentes<\/strong><\/td><td><strong>Cantidad de horas<\/strong><\/td><td><strong>Anual o Cuatrimestral<\/strong><\/td><\/tr><tr><td>Gesti\u00f3n de la Organizaciones<\/td><td>Un\/a docente.Interino\/a<\/td><td>3 hs.<\/td><td>Anual<\/td><\/tr><\/thead><\/table><\/figure>\n\n\n\n<p><em>Para ver los perfiles docentes requeridos podr\u00e1n remitirse al Dise\u00f1o Curricular vigente.&nbsp;<\/em><\/p>\n\n\n\n<p><strong>Tecnicatura&nbsp;Superior en&nbsp;Turismo&nbsp;\u2013 Aula extendida El Hoyo &#8211;&nbsp; Res. 588\/22 \u2013 2do a\u00f1o \u2013 2\u00ba &nbsp;llamado.<\/strong><\/p>\n\n\n\n<figure class=\"wp-block-table\"><table><thead><tr><td><strong>Unidad Curricular<\/strong><\/td><td><strong>Docentes<\/strong>&nbsp;<\/td><td><strong>Cantidad de horas<\/strong><\/td><td><strong>Anual o Cuatrimestral&nbsp;<\/strong><\/td><\/tr><tr><td>Patrimonio Natural<\/td><td>Un\/a docente.Interino\/a<\/td><td>3 hs.*<\/td><td>Anual<\/td><\/tr><tr><td>Patrimonio Cultural<\/td><td>Un\/a docente.Interino\/a<\/td><td>3 hs.*<\/td><td>Anual<\/td><\/tr><tr><td>Ingl\u00e9s tur\u00edstico<\/td><td>Un\/a docente.Interino\/a<\/td><td>3 hs.*<\/td><td>Anual<\/td><\/tr><tr><td>Estad\u00edstica aplicada<\/td><td>Un\/a docente.Interino\/a<\/td><td>3 hs.*<\/td><td>Cuatrimestral<\/td><\/tr><\/thead><\/table><\/figure>\n\n\n\n<p><strong>*La cursada ser\u00e1 bimodal (presencial \u2013 virtual)<\/strong><\/p>\n\n\n\n<p><em>Para ver los perfiles docentes requeridos podr\u00e1n remitirse al Dise\u00f1o Curricular vigente.&nbsp;<\/em><\/p>\n\n\n\n<p><strong>Profesorado de Educaci\u00f3n Secundaria en Matem\u00e1tica Sede Lago Puelo &#8211; Res N\u00b0543\/19 \u2013 3er a\u00f1o \u2013 1\u00ba llamado.<\/strong><\/p>\n\n\n\n<figure class=\"wp-block-table\"><table><thead><tr><td><strong>Unidad curricular<\/strong><\/td><td><strong>Docentes<\/strong><\/td><td><strong>Cantidad de horas<\/strong><\/td><td><strong>Anual o Cuatrimestral<\/strong><\/td><\/tr><tr><td>Pr\u00e1ctica Profesional Docente III<\/td><td>Un\/a docente para completar equipo pedag\u00f3gico (perfil requerido profesor\/a de la disciplina que acredite formaci\u00f3n continua en la ense\u00f1anza de la Matem\u00e1tica).Suplente<\/td><td>9 hs.Horarios: mi\u00e9rcoles de 18:15 a 20:25hs.<\/td><td>Anual<\/td><\/tr><\/thead><\/table><\/figure>\n\n\n\n<p><em>Para ver los perfiles docentes requeridos podr\u00e1n remitirse al Dise\u00f1o Curricular vigente.&nbsp;<\/em><\/p>\n\n\n\n<p><strong>Profesorado de Educaci\u00f3n Secundaria en Matem\u00e1tica Sede Lago Puelo &#8211; Res N\u00b0543\/19 \u2013 4to a\u00f1o \u2013 2\u00ba llamado.<\/strong><\/p>\n\n\n\n<figure class=\"wp-block-table\"><table><thead><tr><td><strong>Unidad curricular<\/strong><\/td><td><strong>Docentes<\/strong><\/td><td><strong>Cantidad de horas<\/strong><\/td><td><strong>Anual o Cuatrimestral<\/strong><\/td><\/tr><tr><td>An\u00e1lisis y Dise\u00f1o de la Ense\u00f1anza de la Matem\u00e1tica<\/td><td>Un\/a docente**Perfil requerido&nbsp;Profesor\/a de Matem\u00e1tica con postitulaci\u00f3n en Ense\u00f1anza de la Matem\u00e1tica.Interino\/a<\/td><td>4 hs.Horarios: lunes&nbsp; de 19:55 a 21:55 hs.<\/td><td>Anual<\/td><\/tr><\/thead><\/table><\/figure>\n\n\n\n<p><em>Para ver los perfiles docentes requeridos podr\u00e1n remitirse al Dise\u00f1o Curricular vigente.&nbsp;<\/em><\/p>\n\n\n\n<p><strong>Profesorado de Educaci\u00f3n Secundaria en Matem\u00e1tica Sede Lago Puelo &#8211; Res N\u00b0543\/19 \u2013 3er. a\u00f1o \u2013 1\u00ba llamado.<\/strong><\/p>\n\n\n\n<figure class=\"wp-block-table\"><table><thead><tr><td><strong>Unidad curricular<\/strong><\/td><td><strong>Docentes<\/strong><\/td><td><strong>Cantidad de horas<\/strong><\/td><td><strong>Anual o Cuatrimestral<\/strong><\/td><\/tr><tr><td>Sociolog\u00eda de la Educaci\u00f3n<\/td><td>Un\/a docente.Suplencia (art 29)<\/td><td>5 hs.Horarios: martes de 20:25 a 21:55 hs.<\/td><td>Cuatrimestral<\/td><\/tr><\/thead><\/table><\/figure>\n\n\n\n<p><em>Para ver los perfiles docentes requeridos podr\u00e1n remitirse al Dise\u00f1o Curricular vigente.&nbsp;<\/em><\/p>\n\n\n\n<p><strong>Tecnicatura&nbsp;Superior en&nbsp;Econom\u00eda Social y Desarrollo Local&nbsp;\u2013 Extensi\u00f3n \u00c1ulica el Hoyo &nbsp;&nbsp;&#8211;&nbsp; Res. 84\/2015&nbsp; &#8211; 1er A\u00f1o \u2013 2\u00ba llamado.<\/strong><\/p>\n\n\n\n<figure class=\"wp-block-table\"><table><thead><tr><td><strong>Unidad Curricular<\/strong><\/td><td><strong>Docentes<\/strong><\/td><td><strong>Cantidad de horas<\/strong><\/td><td><strong>Anual o Cuatrimestral<\/strong><\/td><\/tr><tr><td>Estado y Sociedad<\/td><td>Un\/a&nbsp;docente<\/td><td>2 hs.<\/td><td>Anual<\/td><\/tr><\/thead><\/table><\/figure>\n\n\n\n<p><em>Para ver los perfiles docentes requeridos podr\u00e1n remitirse al Dise\u00f1o Curricular vigente.&nbsp;<\/em><\/p>\n\n\n\n<p><strong>Profesorado de Educaci\u00f3n Secundaria en Geograf\u00eda Sede Lago Puelo &#8211; Res N\u00b0544\/19 \u2013 3er&nbsp; a\u00f1o \u2013 2\u00ba llamado<\/strong>.<\/p>\n\n\n\n<figure class=\"wp-block-table\"><table><thead><tr><td><strong>Unidad Curricular<\/strong><\/td><td><strong>Docentes<\/strong><\/td><td><strong>Cantidad de horas<\/strong><\/td><td><strong>Anual o Cuatrimestral<\/strong><\/td><\/tr><tr><td>Geograf\u00eda Social y Econ\u00f3mica de Latinoam\u00e9rica<\/td><td>Un\/a&nbsp;docenteSuplencia (art 29)<\/td><td>4 hs.Horarios: lunes de 18:15 a 19:45&nbsp;hs.<\/td><td>Anuak<\/td><\/tr><\/thead><\/table><\/figure>\n\n\n\n<p><em>Para ver los perfiles docentes requeridos podr\u00e1n remitirse al Dise\u00f1o Curricular vigente.&nbsp;<\/em><\/p>\n\n\n\n<p><strong>Profesorado de Educaci\u00f3n Secundaria en Geograf\u00eda Sede Lago Puelo &#8211; Res N\u00b0544\/19 \u2013 4to a\u00f1o \u2013 2\u00ba &nbsp;&nbsp;llamado<\/strong>&nbsp;&nbsp;<\/p>\n\n\n\n<figure class=\"wp-block-table\"><table><thead><tr><td><strong>Unidad Curricular<\/strong><\/td><td><strong>Docentes<\/strong><\/td><td><strong>Cantidad de horas<\/strong><\/td><td><strong>Anual o Cuatrimestral<\/strong><\/td><\/tr><tr><td>Geograf\u00eda Regional Argentina<\/td><td>Un\/a&nbsp;docenteSuplencia (art 29)<\/td><td>6 hs.Horarios: martes de 18:15&nbsp;a&nbsp;20:55&nbsp;hs.<\/td><td>Anual<\/td><\/tr><tr><td>Pr\u00e1ctica Profesional Docente IV<\/td><td>Un\/a&nbsp;docente&nbsp;para completar Equipo Pedag\u00f3gico (Profesor\/a de Geograf\u00eda o de Cs. SocialesSuplencia (art 29)<\/td><td>11 hs.Horarios: mi\u00e9rcoles de 19:50 a 22 hs<\/td><td>Anual<\/td><\/tr><\/thead><\/table><\/figure>\n\n\n\n<p><em>Para ver los perfiles docentes requeridos podr\u00e1n remitirse al Dise\u00f1o Curricular vigente.&nbsp;<\/em><\/p>\n\n\n\n<p><strong>Profesorado de Educaci\u00f3n Secundaria en Lengua y Literatura \u2013 Res&nbsp;<a href=\"https:\/\/www.google.com\/maps\/search\/N%C2%B0+536%2F19?entry=gmail&amp;source=g\">N\u00b0 536\/19<\/a>&nbsp;\u2013 Sede Lago Puelo 1er A\u00f1o \u2013 2\u00ba &nbsp;llamado.<\/strong><\/p>\n\n\n\n<figure class=\"wp-block-table\"><table><thead><tr><td><strong>Unidad Curricular<\/strong><\/td><td><strong>Docentes<\/strong><\/td><td><strong>Cantidad de horas<\/strong><\/td><td><strong>Anual o Cuatrimestral<\/strong><\/td><\/tr><tr><td>Literaturas Latinoamericanas I<\/td><td>Un\/a&nbsp;docenteInterino\/a<\/td><td>4 hs.Horarios: viernes de 19:55 a 21:55 hs.<\/td><td>Anual<\/td><\/tr><tr><td>LEA<\/td><td>Un\/a&nbsp;docenteInterino\/a<\/td><td>4 hs.Horarios: mi\u00e9rcoles&nbsp; de 18:15 a 19:45 hs.<\/td><td>Anual<\/td><\/tr><tr><td>Pr\u00e1ctica Profesional Docente I<\/td><td>Un\/a docente de la disciplina para completar pareja pedag\u00f3gica.Interino\/a<\/td><td>5 hs.Horarios: lunes de 18:15 a 20:25 hs.<\/td><td>Anual<\/td><\/tr><\/thead><\/table><\/figure>\n\n\n\n<p><em>Para ver los perfiles docentes requeridos podr\u00e1n remitirse al Dise\u00f1o Curricular vigente.<\/em><\/p>\n\n\n\n<p><strong>Profesorado de Educaci\u00f3n Secundaria en Lengua y Literatura \u2013 Res N\u00b0 536\/19 \u2013 Anexo Epuy\u00e9n \u2013 2do A\u00f1o \u2013 3\u00ba &nbsp;llamado.<\/strong><\/p>\n\n\n\n<figure class=\"wp-block-table\"><table><thead><tr><td><strong>Unidad Curricular<\/strong><\/td><td><strong>Docentes<\/strong><\/td><td><strong>Cantidad de horas<\/strong><\/td><td><strong>Anual o Cuatrimestral<\/strong><\/td><\/tr><tr><td>Literaturas Latinoamericanas II<\/td><td>Un\/a&nbsp;docenteInterino\/a<\/td><td>4 hs.Horarios: mi\u00e9rcoles de 20:25 a 21:55 hs.<\/td><td>Anual<\/td><\/tr><\/thead><\/table><\/figure>\n\n\n\n<p><em>&nbsp;Para ver los perfiles docentes requeridos podr\u00e1n remitirse al Dise\u00f1o Curricular vigente.<\/em><\/p>\n\n\n\n<p><strong>Profesorado de Educaci\u00f3n Secundaria en Lengua y Literatura \u2013 Res N\u00b0 536\/19 \u2013 Anexo Epuy\u00e9n \u2013 2do A\u00f1o \u2013 1\u00ba &nbsp;llamado.<\/strong><\/p>\n\n\n\n<figure class=\"wp-block-table\"><table><thead><tr><td><strong>Unidad Curricular<\/strong><\/td><td><strong>Docentes<\/strong><\/td><td><strong>Cantidad de horas<\/strong><\/td><td><strong>Anual o Cuatrimestral<\/strong><\/td><\/tr><tr><td>Pr\u00e1ctica Profesional Docente II<\/td><td>Un\/a docente perfil Prof. o Lic. en Ciencias de la Educaci\u00f3n para completar pareja pedag\u00f3gica.<\/td><td>7 hs.Horarios: martes de 18:15 a 20:25 hs.<\/td><td>Anual<\/td><\/tr><tr><td>Did\u00e1ctica de la Lengua y la Literatura I<\/td><td>Un\/a docente* para completar pareja pedag\u00f3gica*Perfil: Prof. o Lic. en Ciencias de la Educaci\u00f3n o prof. que acredite postulaci\u00f3n en did\u00e1ctica de la lengua y la literatura.<\/td><td>4 hs.Horarios: martes de 20:25 a 22hs.<\/td><td>Anual<\/td><\/tr><\/thead><\/table><\/figure>\n\n\n\n<p><em>Para ver los perfiles docentes requeridos podr\u00e1n remitirse al Dise\u00f1o Curricular vigente.<\/em><\/p>\n\n\n\n<p><strong>Profesorado de Educaci\u00f3n Secundaria en Lengua y Literatura \u2013 Res&nbsp;<\/strong><a href=\"https:\/\/www.google.com\/maps\/search\/N%C2%B0+536%2F19?entry=gmail&amp;source=g\" target=\"_blank\" rel=\"noreferrer noopener\"><strong>N\u00b0 536\/19<\/strong><\/a><strong>&nbsp;\u2013 Sede Lago Puelo &#8211; 3er A\u00f1o \u2013 3\u00ba &nbsp;llamado.<\/strong><\/p>\n\n\n\n<figure class=\"wp-block-table\"><table><thead><tr><td><strong>&nbsp;Unidad Curricular<\/strong><\/td><td><strong>&nbsp;Docentes<\/strong><\/td><td><strong>&nbsp;Cantidad de horas<\/strong><\/td><td><strong>&nbsp;Anual o Cuatrimestral&nbsp;<\/strong><\/td><\/tr><tr><td>Sujetos del Aprendizaje&nbsp;<\/td><td>Un\/a docente Prof. de Lengua para completar pareja pedag\u00f3gicaInterino\/a<\/td><td>5 hs.<\/td><td>Anual<\/td><\/tr><\/thead><\/table><\/figure>\n\n\n\n<p><em>Para ver los perfiles docentes requeridos podr\u00e1n remitirse al Dise\u00f1o Curricular vigente.<\/em><\/p>\n\n\n\n<p><strong>Profesorado de Educaci\u00f3n Secundaria en Lengua y Literatura \u2013 Res&nbsp;<\/strong><a href=\"https:\/\/www.google.com\/maps\/search\/N%C2%B0+536%2F19?entry=gmail&amp;source=g\" target=\"_blank\" rel=\"noreferrer noopener\"><strong>N\u00b0 536\/19<\/strong><\/a><strong>&nbsp;\u2013 Sede Lago Puelo &#8211; 3er A\u00f1o \u2013 1\u00ba &nbsp;llamado.<\/strong><\/p>\n\n\n\n<figure class=\"wp-block-table\"><table><thead><tr><td><strong>Unidad Curricular<\/strong><\/td><td><strong>Docentes<\/strong><\/td><td><strong>Cantidad de horas<\/strong><\/td><td><strong>Anual o Cuatrimestral<\/strong><\/td><\/tr><tr><td>Did\u00e1ctica de la Lengua y la Literatura II<\/td><td>Un\/a&nbsp; docente (Prof. o Lic. en Ciencias de la Educaci\u00f3n o prof. que acredite postulaci\u00f3n en did\u00e1ctica de la lengua y la literatura) para completar pareja pedag\u00f3gica.Interino\/a<\/td><td>4hsHorarios: mi\u00e9rcoles de 18:15 a 19:45 hs.<\/td><td>Anual<\/td><\/tr><tr><td>Pr\u00e1ctica Profesional Docente III<\/td><td>Un\/a docente (Prof. o Lic. en Ciencias de la Educaci\u00f3n con &nbsp;experiencia en el nivel) para completar pareja pedag\u00f3gica.&nbsp;<\/td><td>9 hs.Horarios: mi\u00e9rcoles de 19:55 a 21:55 hs.<\/td><td>Anual<\/td><\/tr><\/thead><\/table><\/figure>\n\n\n\n<p><em>Para ver los perfiles docentes requeridos podr\u00e1n remitirse al Dise\u00f1o Curricular vigente.<\/em><\/p>\n\n\n\n<p><strong>Profesorado de Educaci\u00f3n Secundaria en Lengua y Literatura \u2013 Res&nbsp;<\/strong><a href=\"https:\/\/www.google.com\/maps\/search\/N%C2%B0+536%2F19?entry=gmail&amp;source=g\" target=\"_blank\" rel=\"noreferrer noopener\"><strong>N\u00b0 536\/19<\/strong><\/a><strong>&nbsp;\u2013 Sede Lago Puelo &#8211; 4to a\u00f1o \u2013 1\u00ba&nbsp;llamado.<\/strong><\/p>\n\n\n\n<figure class=\"wp-block-table\"><table><thead><tr><td><strong>Unidad Curricular<\/strong><\/td><td><strong>Docentes<\/strong><\/td><td><strong>Cantidad de horas<\/strong><\/td><td><strong>Anual o Cuatrimestral<\/strong><\/td><\/tr><tr><td>Pr\u00e1ctica Profesional Docente IV y Residencia<\/td><td>Un\/a docente (Prof. o Lic. en Ciencias de la Educaci\u00f3n) para completar pareja pedag\u00f3gica.&nbsp;<\/td><td>11 hs.(consultar horario de cursado)<\/td><td>Anual<\/td><\/tr><\/thead><\/table><\/figure>\n\n\n\n<p><em>Para ver los perfiles docentes requeridos podr\u00e1n remitirse al Dise\u00f1o Curricular vigente.<\/em><\/p>\n\n\n\n<p><strong>Profesorado de Educaci\u00f3n Secundaria en Historia &#8211; Res 547\/ 19&nbsp;\u2013 Anexo Epuyen &#8211; 4to a\u00f1o &#8211; 2\u00ba llamado.<\/strong><\/p>\n\n\n\n<figure class=\"wp-block-table\"><table><thead><tr><td><strong>Unidad Curricular<\/strong><\/td><td><strong>Docentes<\/strong><\/td><td><strong>Cantidad de horas<\/strong><\/td><td><strong>Anual o Cuatrimestral<\/strong><\/td><\/tr><tr><td>Filosof\u00eda de la educaci\u00f3n<\/td><td>Un\/a&nbsp;docente<\/td><td>3 hs.Horarios: jueves de 20:10 a 22 hs.<\/td><td>Anual<\/td><\/tr><\/thead><\/table><\/figure>\n\n\n\n<p><em>Para ver los perfiles docentes requeridos podr\u00e1n remitirse al Dise\u00f1o Curricular vigente.<\/em><\/p>\n\n\n\n<p><strong>Profesorado de Educaci\u00f3n Secundaria en Biolog\u00eda \u2013 Anexo Epuy\u00e9n Res N\u00b0 548\/19 \u20133er a\u00f1o \u2013 1\u00ba llamado.<\/strong><\/p>\n\n\n\n<figure class=\"wp-block-table\"><table><thead><tr><td><strong>Unidad Curricular<\/strong><\/td><td><strong>Docentes<\/strong><\/td><td><strong>Cantidad de horas<\/strong><\/td><td><strong>Anual o Cuatrimestral<\/strong><\/td><\/tr><tr><td>Qu\u00edmica I<\/td><td>Un\/a&nbsp;docente**&nbsp;Profesor\/a en Qu\u00edmica, Licenciado\/a en Qu\u00edmica, Farmac\u00e9utico\/a, Bioqu\u00edmico\/a. Se recomienda priorizar la experiencia en el Nivel Secundario y la formaci\u00f3n continua en la Ense\u00f1anza de la Qu\u00edmica y en el campo disciplinar.Suplencia (art 29)<\/td><td>4 hs.&nbsp;<\/td><td>Anual<\/td><\/tr><tr><td>Pr\u00e1cticas de Laboratorio<\/td><td>Un\/a&nbsp;docente**Profesor\/a en Biolog\u00eda, Profesor\/a en Cs. Biol\u00f3gicas, Profesor\/a en Cs. Naturales, Profesor\/a en Qu\u00edmica, Licenciado\/a en Biolog\u00eda. Se recomienda priorizar la experiencia en el Nivel Secundario y la formaci\u00f3n continua en la Ense\u00f1anza de la Biolog\u00eda y en el campo disciplinar.<\/td><td>5 hs.<\/td><td>Cuatrimestral<\/td><\/tr><tr><td>Pr\u00e1ctica Profesional Docente I<\/td><td>Un\/a&nbsp;docente* para completar pareja pedag\u00f3gica.* Profesor\/a o licenciado\/a en Ciencias de la Educaci\u00f3n. Se debe priorizar la&nbsp;experiencia en el Nivel Secundario.<\/td><td>4 hs.<\/td><td>Anual<\/td><\/tr><\/thead><\/table><\/figure>\n\n\n\n<p><em>Para ver los perfiles docentes requeridos podr\u00e1n remitirse al Dise\u00f1o Curricular vigente.<\/em><\/p>\n\n\n\n<p><strong>Profesorado de Educaci\u00f3n Secundaria en Biolog\u00eda \u2013 Sede Lago Puelo Res N\u00b0 548\/19 \u2013 4to a\u00f1o \u2013 2\u00ba llamado.<\/strong><\/p>\n\n\n\n<figure class=\"wp-block-table\"><table><thead><tr><td><strong>Unidad Curricular<\/strong><\/td><td><strong>Docentes<\/strong><\/td><td><strong>Cantidad de horas<\/strong><\/td><td><strong>Anual o Cuatrimestral<\/strong><\/td><\/tr><tr><td>PPD IV Y Residencia<\/td><td>Un\/a docente&nbsp;(Prof. de Educaci\u00f3n Especial)&nbsp;para completar Equipo Pedag\u00f3gicoInterino\/a<\/td><td>11 hs.<\/td><td>Anual<\/td><\/tr><\/thead><\/table><\/figure>\n\n\n\n<p><em>Para ver los perfiles docentes requeridos podr\u00e1n remitirse al Dise\u00f1o Curricular vigente.<\/em><\/p>\n\n\n\n<p><strong>Profesorado de Educaci\u00f3n Secundaria en F\u00edsica &#8211; Sede Lago Puelo &#8211; Res N\u00b0 545&nbsp;<\/strong><strong>\/19 \u2013 1er a\u00f1o&nbsp; \u2013 1\u00ba llamado.<\/strong><\/p>\n\n\n\n<figure class=\"wp-block-table\"><table><thead><tr><td><strong>Unidad Curricular<\/strong><\/td><td><strong>Docente<\/strong><\/td><td><strong>Cantidad de horas<\/strong><\/td><td><strong>Anual o Cuatrimestral<\/strong><\/td><\/tr><tr><td>Mec\u00e1nica<\/td><td>Un\/a&nbsp;docenteInterino\/a<\/td><td>7 hs.<\/td><td>Anual<\/td><\/tr><\/thead><\/table><\/figure>\n\n\n\n<p><em>Para ver los perfiles docentes requeridos podr\u00e1n remitirse al Dise\u00f1o Curricular vigente.<\/em><\/p>\n\n\n\n<p><strong>Profesorado de Educaci\u00f3n Secundaria en F\u00edsica &#8211; Sede Lago Puelo &#8211; Res N\u00b0 545&nbsp;<\/strong><strong>\/19 &#8211; 4to a\u00f1o&nbsp; \u2013 2\u00ba llamado.<\/strong><em><\/em><\/p>\n\n\n\n<figure class=\"wp-block-table\"><table><thead><tr><td><strong>Unidad Curricular<\/strong><\/td><td><strong>Docente<\/strong><\/td><td><strong>Cantidad de horas<\/strong><\/td><td><strong>Anual o Cuatrimestral<\/strong><\/td><\/tr><tr><td>Pr\u00e1ctica Profesional Docente IV yResidencia<\/td><td>Un\/a docente&nbsp;(Prof. de Educaci\u00f3n Especial)&nbsp;para completar Equipo Pedag\u00f3gicoInterino\/a<\/td><td>11 hs.<\/td><td>Anual<\/td><\/tr><\/thead><\/table><\/figure>\n\n\n\n<p><em>Para ver los perfiles docentes requeridos podr\u00e1n remitirse al Dise\u00f1o Curricular vigente.<\/em><\/p>\n\n\n\n<p><strong>Profesorado de Educaci\u00f3n Especial &#8211; Sede Lago Puelo &#8211; Res N\u00b0595\/17 &#8211; 3er. a\u00f1o &#8211; 1\u00ba llamado<\/strong><\/p>\n\n\n\n<figure class=\"wp-block-table\"><table><thead><tr><td><strong>Unidad Curricular<\/strong><\/td><td><strong>Docente<\/strong><\/td><td><strong>Cantidad de horas<\/strong><\/td><td><strong>Anual o Cuatrimestral<\/strong><\/td><\/tr><tr><td>Matem\u00e1tica y su Did\u00e1ctica II<\/td><td>Un\/a docente&nbsp;(Prof. de Educaci\u00f3n Especial)&nbsp;para completar pareja pedag\u00f3gica.Interino\/a<\/td><td>5 hs.Horarios: lunes de 18:15 a 20:25 hs.<\/td><td>Anual<\/td><\/tr><\/thead><\/table><\/figure>\n\n\n\n<p><em>Para ver los perfiles docentes requeridos podr\u00e1n remitirse al Dise\u00f1o Curricular vigente.<\/em><strong><\/strong><\/p>\n\n\n\n<p><strong>Profesorado de Educaci\u00f3n Especial &#8211; Sede Lago Puelo &#8211; Res N\u00b0595\/17 \u2013 3er a\u00f1o &#8211; 1\u00ba llamado.<\/strong><\/p>\n\n\n\n<figure class=\"wp-block-table\"><table><thead><tr><td><strong>Unidad Curricular<\/strong><\/td><td><strong>Docente<\/strong><\/td><td><strong>Cantidad de horas<\/strong><\/td><td><strong>Anual o Cuatrimestral<\/strong><\/td><\/tr><tr><td>Sociolog\u00eda de la Educaci\u00f3n<\/td><td>Un\/a docente&nbsp;&nbsp;Suplencia (art 29)<\/td><td>5 hs.Horarios: martes de 18:15 a 19:45 hs.<\/td><td>Cuatrimestral<\/td><\/tr><tr><td>Lengua y Literatura y su Did\u00e1ctica II<\/td><td>&nbsp;&nbsp;Un\/a docente&nbsp;(Profesora\/or en Educaci\u00f3n Especial) para completar pareja pedag\u00f3gica.Interino\/a<\/td><td>5 hs.Horarios: martes de 19:55 a 21:55 hs.<\/td><td>Anual<\/td><\/tr><tr><td>Pr\u00e1ctica Profesional III<\/td><td>&nbsp;&nbsp;Un\/a docente&nbsp;(Profesora\/or en Educaci\u00f3n Especial) para completar Equipo Pedag\u00f3gico.Interino\/a<\/td><td>11 hs.Horarios: jueves de 18:15 a 20:25<\/td><td>Anual<\/td><\/tr><\/thead><\/table><\/figure>\n\n\n\n<p><em>Para ver los perfiles docentes requeridos podr\u00e1n remitirse al Dise\u00f1o Curricular vigente.<\/em><strong><\/strong><\/p>\n\n\n\n<p><strong>Profesorado de Educaci\u00f3n Especial &#8211; Sede Lago Puelo &#8211; Res N\u00b0595\/17 &#8211; de 4to A\u00f1o &#8211; 1\u00ba llamado<\/strong><\/p>\n\n\n\n<figure class=\"wp-block-table\"><table><thead><tr><td><strong>Unidad Curricular<\/strong><\/td><td><strong>Docente<\/strong><\/td><td><strong>Cantidad de horas<\/strong><\/td><td><strong>Anual o Cuatrimestral<\/strong><\/td><\/tr><tr><td>Alfabetizaci\u00f3n Inicial II<\/td><td>Un\/a docente&nbsp;(Profesora\/or en Educaci\u00f3n Especial) para completar pareja pedag\u00f3gica.Interino\/a<\/td><td>5 hs.Horarios: jueves de 19:55 a 21:25 hs.<\/td><td>Cuatrimestral<\/td><\/tr><tr><td>Pr\u00e1ctica Profesional IV<\/td><td>Un\/a docente&nbsp;(Profesora\/or en Educaci\u00f3n Especial) para completar Equipo Pedag\u00f3gico.Suplente.<\/td><td>13 hs.Horarios: jueves de 18:15 a 19:40<\/td><td>Anual<\/td><\/tr><\/thead><\/table><\/figure>\n\n\n\n<p><em>Para ver los perfiles docentes requeridos podr\u00e1n remitirse al Dise\u00f1o Curricular vigente<\/em><\/p>\n\n\n\n<p><strong><a href=\"https:\/\/ies813pabloluppi-chu.infd.edu.ar\/sitio\/llamados-a-concurso\/\" data-type=\"URL\" data-id=\"https:\/\/ies813pabloluppi-chu.infd.edu.ar\/sitio\/llamados-a-concurso\/\" target=\"_blank\" rel=\"noreferrer noopener\">Las bases y el detalle de los mismos est\u00e1n disponibles en la p\u00e1gina web<\/a><\/strong><\/p>\n\n\n\n<p><strong>Consultas:&nbsp;<\/strong><a rel=\"noreferrer noopener\" href=\"mailto:concursosisfd813@gmail.com\" target=\"_blank\">concursosisfd813@gmail.com<\/a><strong>&nbsp;Fecha l\u00edmite para la presentaci\u00f3n de antecedentes y proyecto: martes 14 de marzo de 2023 hasta las 19 hs.<\/strong><\/p>\n","protected":false},"excerpt":{"rendered":"<p>Lago Puelo, 07 de marzo de 2023 Llamados a Concurso 2023 El Instituto de Educaci\u00f3n Superior Nro. 813 \u201cProf. Pablo Luppi\u201d llama a concurso para los siguientes espacios curriculares: Profesorado de Educaci\u00f3n Primaria \u2013&nbsp;Sede Lago Puelo Res. 328\/22 \u2013 1er a\u00f1o \u2013 2\u00ba llamado. Unidad Curricular Docentes Cantidad de horas Anual o Cuatrimestral Matem\u00e1tica Un\/a &#8230; <a title=\"Lago Puelo, 07 de marzo de 2023 &#8211; Llamados a Concurso 2023\" class=\"read-more\" href=\"https:\/\/ies813pabloluppi-chu.infd.edu.ar\/sitio\/lago-puelo-07-de-marzo-de-2023-llamados-a-concurso-2023\/\" aria-label=\"More on Lago Puelo, 07 de marzo de 2023 &#8211; Llamados a Concurso 2023\">[+]<\/a><\/p>\n","protected":false},"author":1899,"featured_media":0,"comment_status":"closed","ping_status":"closed","sticky":false,"template":"","format":"standard","meta":[],"categories":[14],"tags":[],"acf":[],"_links":{"self":[{"href":"https:\/\/ies813pabloluppi-chu.infd.edu.ar\/sitio\/wp-json\/wp\/v2\/posts\/5403"}],"collection":[{"href":"https:\/\/ies813pabloluppi-chu.infd.edu.ar\/sitio\/wp-json\/wp\/v2\/posts"}],"about":[{"href":"https:\/\/ies813pabloluppi-chu.infd.edu.ar\/sitio\/wp-json\/wp\/v2\/types\/post"}],"author":[{"embeddable":true,"href":"https:\/\/ies813pabloluppi-chu.infd.edu.ar\/sitio\/wp-json\/wp\/v2\/users\/1899"}],"replies":[{"embeddable":true,"href":"https:\/\/ies813pabloluppi-chu.infd.edu.ar\/sitio\/wp-json\/wp\/v2\/comments?post=5403"}],"version-history":[{"count":3,"href":"https:\/\/ies813pabloluppi-chu.infd.edu.ar\/sitio\/wp-json\/wp\/v2\/posts\/5403\/revisions"}],"predecessor-version":[{"id":5410,"href":"https:\/\/ies813pabloluppi-chu.infd.edu.ar\/sitio\/wp-json\/wp\/v2\/posts\/5403\/revisions\/5410"}],"wp:attachment":[{"href":"https:\/\/ies813pabloluppi-chu.infd.edu.ar\/sitio\/wp-json\/wp\/v2\/media?parent=5403"}],"wp:term":[{"taxonomy":"category","embeddable":true,"href":"https:\/\/ies813pabloluppi-chu.infd.edu.ar\/sitio\/wp-json\/wp\/v2\/categories?post=5403"},{"taxonomy":"post_tag","embeddable":true,"href":"https:\/\/ies813pabloluppi-chu.infd.edu.ar\/sitio\/wp-json\/wp\/v2\/tags?post=5403"}],"curies":[{"name":"wp","href":"https:\/\/api.w.org\/{rel}","templated":true}]}}