{"id":5450,"date":"2023-03-20T12:09:23","date_gmt":"2023-03-20T15:09:23","guid":{"rendered":"https:\/\/ies813pabloluppi-chu.infd.edu.ar\/sitio\/?p=5450"},"modified":"2023-03-20T12:09:25","modified_gmt":"2023-03-20T15:09:25","slug":"lago-puelo-17-de-marzo-de-2023_llamados-a-concurso-2023","status":"publish","type":"post","link":"https:\/\/ies813pabloluppi-chu.infd.edu.ar\/sitio\/lago-puelo-17-de-marzo-de-2023_llamados-a-concurso-2023\/","title":{"rendered":"Lago Puelo, 17 de marzo de 2023_<strong>Llamados a Concurso 2023<\/strong>"},"content":{"rendered":"\n<p class=\"has-text-align-right\">Lago Puelo, 17 de marzo de 2023<\/p>\n\n\n\n<p><strong><u>Llamados a Concurso 2023<\/u><\/strong><\/p>\n\n\n\n<p><strong>El Instituto de Educaci\u00f3n Superior Nro. 813 \u201cProf. Pablo Luppi\u201d llama a concurso para los siguientes espacios curriculares:<\/strong><\/p>\n\n\n\n<p><strong>Profesorado de Educaci\u00f3n Primaria \u2013&nbsp;Sede Lago Puelo &#8211; Res. 328\/22 \u2013 1er a\u00f1o \u2013 3\u00ba llamado.<\/strong><\/p>\n\n\n\n<figure class=\"wp-block-table\"><table><thead><tr><td><strong>Unidad Curricular<\/strong><strong><\/strong><\/td><td><strong>Docentes<\/strong><strong><\/strong><\/td><td><strong>Cantidad de horas<\/strong><strong><\/strong><\/td><td><strong>Anual o Cuatrimestral<\/strong><strong><\/strong><\/td><\/tr><tr><td>Matem\u00e1tica<strong><\/strong><\/td><td>Un\/a docente&nbsp;Suplencia (art 5B)<strong><\/strong><\/td><td>3 hs.&nbsp;<strong><\/strong>Horarios: martes de 18:15 a 20 hs.<strong><\/strong><\/td><td>Anual<strong><\/strong><\/td><\/tr><\/thead><\/table><\/figure>\n\n\n\n<p><em>Para ver los perfiles docentes requeridos podr\u00e1n remitirse al Dise\u00f1o Curricular vigente.&nbsp;<\/em><\/p>\n\n\n\n<p><strong>Profesorado de Educaci\u00f3n Primaria \u2013&nbsp;<\/strong><strong>Sede Lago Puelo &#8211; Res. 328\/22&nbsp;<\/strong><strong>\u2013 2do a\u00f1o \u2013 2\u00ba llamado.<\/strong><\/p>\n\n\n\n<figure class=\"wp-block-table\"><table><tbody><tr><td><strong>Unidad Curricular<\/strong><\/td><td><strong>Docentes<\/strong><\/td><td><strong>Cantidad de horas<\/strong><\/td><td><strong>Anual o Cuatrimestral<\/strong><\/td><\/tr><tr><td>Pr\u00e1ctica Profesional Docente II<\/td><td>Dos docentes (un\/a docente de Educaci\u00f3n Especial y un\/a docente con formaci\u00f3n espec\u00edfica en Pedagog\u00eda y Did\u00e1ctica) para completar Equipo Pedag\u00f3gico.<\/td><td>6 hs.Horarios: jueves de 18.15 a 19.45 hs.<\/td><td>Anual<\/td><\/tr><\/tbody><\/table><\/figure>\n\n\n\n<p><em>Para ver los perfiles docentes requeridos podr\u00e1n remitirse al Dise\u00f1o Curricular vigente.&nbsp;<\/em><\/p>\n\n\n\n<p><strong>Profesorado de Educaci\u00f3n Primaria &#8211;&nbsp;Anexo Epuy\u00e9n&nbsp;&#8211; Res&nbsp;<a href=\"https:\/\/www.google.com\/maps\/search\/N%C2%B0+310%2F14?entry=gmail&amp;source=g\">N\u00b0 310\/14<\/a>&nbsp;\u2013 3er. a\u00f1o \u2013 1\u00ba llamado.<\/strong><\/p>\n\n\n\n<figure class=\"wp-block-table\"><table><tbody><tr><td><strong>Unidad Curricular<\/strong><\/td><td><strong>Docentes<\/strong><\/td><td><strong>Cantidad de horas<\/strong><\/td><td><strong>Anual o Cuatrimestral<\/strong><\/td><\/tr><tr><td>Did\u00e1ctica de la&nbsp;Lengua y la Literatura en el Segundo Ciclo<\/td><td>Dos docentes para conformar pareja pedag\u00f3gica.<\/td><td>5 hs.<\/td><td>Cuatrimestral<\/td><\/tr><\/tbody><\/table><\/figure>\n\n\n\n<p><em>Para ver los perfiles docentes requeridos podr\u00e1n remitirse al Dise\u00f1o Curricular vigente.<\/em><\/p>\n\n\n\n<p><strong>Profesorado de Educaci\u00f3n Primaria &#8211;&nbsp;Anexo Epuy\u00e9n&nbsp;&#8211; Res&nbsp;<\/strong><a href=\"https:\/\/www.google.com\/maps\/search\/N%C2%B0+310%2F14?entry=gmail&amp;source=g\" target=\"_blank\" rel=\"noreferrer noopener\"><strong>N\u00b0 310\/14<\/strong><\/a><strong>&nbsp;\u2013 3er. a\u00f1o \u2013 4\u00ba llamado.<\/strong><\/p>\n\n\n\n<figure class=\"wp-block-table\"><table><thead><tr><td><strong>Unidad Curricular<\/strong><strong><\/strong><\/td><td><strong>Docentes<\/strong><strong><\/strong><\/td><td><strong>Cantidad de horas<\/strong><strong><\/strong><\/td><td><strong>Anual o Cuatrimestral<\/strong><strong><\/strong><\/td><\/tr><tr><td>Did\u00e1ctica de la&nbsp;Educaci\u00f3n Tecnol\u00f3gica<strong><\/strong><\/td><td>Un\/a docente de Educaci\u00f3n Primaria para completar pareja pedag\u00f3gica.<strong><\/strong><\/td><td>4 hs.Horarios: lunes de 18:15 a 20 hs.<strong><\/strong><\/td><td>Anual<strong><\/strong><\/td><\/tr><\/thead><\/table><\/figure>\n\n\n\n<p><em>Para ver los perfiles docentes requeridos podr\u00e1n remitirse al Dise\u00f1o Curricular vigente.&nbsp;<\/em><\/p>\n\n\n\n<p><strong>Profesorado de Educaci\u00f3n Primaria &#8211;&nbsp;Anexo Epuy\u00e9n&nbsp;&#8211; Res&nbsp;<a href=\"https:\/\/www.google.com\/maps\/search\/N%C2%B0+310%2F14?entry=gmail&amp;source=g\">N\u00b0 310\/14<\/a>&nbsp;\u2013 4to a\u00f1o \u2013 1\u00ba llamado.<\/strong><\/p>\n\n\n\n<figure class=\"wp-block-table\"><table><tbody><tr><td><strong>Unidad Curricular<\/strong><\/td><td><strong>Docentes<\/strong><\/td><td><strong>Cantidad de horas<\/strong><\/td><td><strong>Anual o Cuatrimestral<\/strong><\/td><\/tr><tr><td>&nbsp;Literatura<\/td><td>Un\/a docente<\/td><td>5hs.<\/td><td>Cuatrimestral<\/td><\/tr><\/tbody><\/table><\/figure>\n\n\n\n<p><em>Para ver los perfiles docentes requeridos podr\u00e1n remitirse al Dise\u00f1o Curricular vigente.&nbsp;<\/em><\/p>\n\n\n\n<p><strong>Profesorado de Educaci\u00f3n Primaria &#8211;&nbsp;Anexo Epuy\u00e9n&nbsp;&#8211; Res&nbsp;<\/strong><a href=\"https:\/\/www.google.com\/maps\/search\/N%C2%B0+310%2F14?entry=gmail&amp;source=g\" target=\"_blank\" rel=\"noreferrer noopener\"><strong>N\u00b0 310\/14<\/strong><\/a><strong>&nbsp;\u2013 4to a\u00f1o \u2013 3\u00ba llamado.<\/strong><\/p>\n\n\n\n<figure class=\"wp-block-table\"><table><thead><tr><td><strong>Unidad Curricular<\/strong><strong><\/strong><\/td><td><strong>Docentes<\/strong><strong><\/strong><\/td><td><strong>Cantidad de horas<\/strong><strong><\/strong><\/td><td><strong>Anual o Cuatrimestral<\/strong><strong><\/strong><\/td><\/tr><tr><td>Sistematizaci\u00f3n de Experiencias Pedag\u00f3gicas<strong><\/strong><\/td><td>Dos docentes para conformar pareja pedag\u00f3gica.<strong><\/strong><\/td><td>3 hs.<strong><\/strong><\/td><td>Anual<strong><\/strong><\/td><\/tr><\/thead><\/table><\/figure>\n\n\n\n<p><em>&nbsp;Para ver los perfiles docentes requeridos podr\u00e1n remitirse al Dise\u00f1o Curricular vigente.&nbsp;<\/em><\/p>\n\n\n\n<p><strong>Profesorado de Educaci\u00f3n Inicial &#8211; Anexo Cholila- Res N\u00b0 327\/22 \u2013 2do&nbsp; a\u00f1o \u2013 1\u00ba&nbsp;llamado.<\/strong><\/p>\n\n\n\n<figure class=\"wp-block-table\"><table><thead><tr><td><strong>Unidad Curricular<\/strong><strong><\/strong><\/td><td><strong>Docentes<\/strong><strong><\/strong><\/td><td><strong>Cantidad de horas<\/strong><strong><\/strong><\/td><td><strong>Anual o Cuatrimestral<\/strong><strong><\/strong><\/td><\/tr><tr><td>Sujetos de la Educaci\u00f3n Inicial<strong><\/strong><\/td><td>Un\/a profesional en Ciencias de la Educaci\u00f3n, Psicolog\u00eda, Psicopedagog\u00eda o equivalente, con formaci\u00f3n y\/o experiencia en Educaci\u00f3n Inicial para completar pareja pedag\u00f3gica.<\/td><td>3 hs.Horarios: lunes de 20:30 a 22:05 hs.o martes de 20:30 a 22:05hs.<\/td><td>Anual<\/td><\/tr><\/thead><\/table><\/figure>\n\n\n\n<p><em>Para ver los perfiles docentes requeridos podr\u00e1n remitirse al Dise\u00f1o Curricular vigente.&nbsp;<\/em><\/p>\n\n\n\n<p><strong>Profesorado de Educaci\u00f3n Inicial &#8211; Anexo Cholila &#8211; Res N\u00b0 327\/22 \u2013 2do&nbsp; a\u00f1o \u2013 4\u00ba&nbsp;llamado.<\/strong><\/p>\n\n\n\n<figure class=\"wp-block-table\"><table><thead><tr><td><strong>Unidad Curricular<\/strong><strong><\/strong><\/td><td><strong>Docentes<\/strong><strong><\/strong><\/td><td><strong>Cantidad de horas<\/strong><strong><\/strong><\/td><td><strong>Anual o Cuatrimestral<\/strong><strong><\/strong><\/td><\/tr><tr><td>Pr\u00e1cticas del Lenguaje&nbsp; y su Did\u00e1ctica<strong><\/strong><\/td><td>Dos docentes (Un\/a docente de Nivel Inicial con especializaci\u00f3n en el \u00e1rea y Un\/a Profesor\/a o Licenciado\/a en Lengua y Literatura; Letras; Castellano, o Literatura y Lat\u00edn con formaci\u00f3n y\/o experiencia en Educaci\u00f3n Inicial) para conformar pareja pedag\u00f3gica&nbsp;<strong><\/strong>Interino\/a<strong><\/strong><\/td><td>5 hs.<strong><\/strong><\/td><td>Anual<strong><\/strong><\/td><\/tr><\/thead><\/table><\/figure>\n\n\n\n<p><em>Para ver los perfiles docentes requeridos podr\u00e1n remitirse al Dise\u00f1o Curricular vigente.&nbsp;<\/em><\/p>\n\n\n\n<p>&nbsp;<strong>Profesorado de Educaci\u00f3n Inicial &#8211; Anexo Cholila- Res N\u00b0 309\/14 \u2013 3er a\u00f1o \u2013 4\u00ba&nbsp;llamado.<\/strong><\/p>\n\n\n\n<figure class=\"wp-block-table\"><table><thead><tr><td><strong>Unidad Curricular<\/strong><strong><\/strong><\/td><td><strong>Docentes<\/strong><strong><\/strong><\/td><td><strong>Cantidad de horas<\/strong><strong><\/strong><\/td><td><strong>Anual o Cuatrimestral<\/strong><strong><\/strong><\/td><\/tr><tr><td>Educaci\u00f3n y TIC<strong><\/strong><\/td><td>Un\/a docente con&nbsp;&nbsp;formaci\u00f3n espec\u00edfica, orientaci\u00f3n y\/o especializaci\u00f3n en Educaci\u00f3n y TIC.<strong><\/strong>Interino\/a<strong><\/strong><\/td><td>3 hs.<strong><\/strong><\/td><td>Cuatrimestral<strong><\/strong><\/td><\/tr><tr><td>Alfabetizaci\u00f3n Inicial<strong><\/strong><\/td><td>Dos docentes en pareja pedag\u00f3gica (Un docente de Nivel Inicial preferentemente con capacitaciones\/actualizaciones en el \u00e1rea-interino\/a- y Un\/a docente con formaci\u00f3n espec\u00edfica-suplente-).<strong><\/strong><\/td><td>4 hs.<strong><\/strong><\/td><td>Anual<strong><\/strong><\/td><\/tr><tr><td>Producci\u00f3n de Recursos Did\u00e1cticos para el Nivel Inicial<strong><\/strong><\/td><td>Un\/a docente de Ed. Inicial para completar pareja pedag\u00f3gica.<strong><\/strong>Interino\/a<strong><\/strong><\/td><td>3 hs.<strong><\/strong><\/td><td>Cuatrimestral<strong><\/strong><\/td><\/tr><\/thead><\/table><\/figure>\n\n\n\n<p><em>Para ver los perfiles docentes requeridos podr\u00e1n remitirse al Dise\u00f1o Curricular vigente.&nbsp;<\/em><\/p>\n\n\n\n<p><strong>Tecnicatura Superior en Gesti\u00f3n administrativa orientada a la Producci\u00f3n- Anexo Cholila Res N\u00b0 409\/18 \u2013 2do a\u00f1o \u2013 3\u00ba&nbsp;llamado.<\/strong><\/p>\n\n\n\n<figure class=\"wp-block-table\"><table><thead><tr><td><strong>Unidad Curricular<\/strong><strong><\/strong><\/td><td><strong>Docentes<\/strong><strong><\/strong><\/td><td><strong>Cantidad de horas<\/strong><strong><\/strong><\/td><td><strong>Anual o Cuatrimestral<\/strong><strong><\/strong><\/td><\/tr><tr><td>Derecho Laboral<strong><\/strong><\/td><td>Un\/a docente.<strong><\/strong>Interino\/a<strong><\/strong><\/td><td>3 hs.<strong><\/strong><\/td><td>Anual<strong><\/strong><\/td><\/tr><\/thead><\/table><\/figure>\n\n\n\n<p><em>Para ver los perfiles docentes requeridos podr\u00e1n remitirse al Dise\u00f1o Curricular vigente.&nbsp;<\/em><\/p>\n\n\n\n<p><strong>Tecnicatura&nbsp;Superior en&nbsp;Turismo&nbsp;\u2013 Anexo Cholila &#8211;&nbsp; Res. 588\/22 \u2013 1er a\u00f1o \u2013 3\u00ba &nbsp;llamado.<\/strong><\/p>\n\n\n\n<figure class=\"wp-block-table\"><table><thead><tr><td><strong>Unidad Curricular<\/strong><\/td><td><strong>Docentes<\/strong><\/td><td><strong>Cantidad de horas<\/strong><\/td><td><strong>Anual o Cuatrimestral<\/strong><\/td><\/tr><tr><td>Legislaci\u00f3n&nbsp;tur\u00edstica<\/td><td>Un\/a docente.Interino\/a<\/td><td>3 hs. *<\/td><td>Cuatrimestral<\/td><\/tr><\/thead><\/table><\/figure>\n\n\n\n<p><strong>&nbsp;*La cursada ser\u00e1 bimodal (presencial \u2013 virtual)<\/strong><\/p>\n\n\n\n<p><em>Para ver los perfiles docentes requeridos podr\u00e1n remitirse al Dise\u00f1o Curricular vigente.&nbsp;<\/em><\/p>\n\n\n\n<p><strong>Tecnicatura&nbsp;Superior en&nbsp;Turismo&nbsp;\u2013 Aula extendida El Hoyo &#8211;&nbsp;Res. 588\/22 \u2013 2do a\u00f1o \u2013 3\u00ba &nbsp;llamado.<\/strong><em><\/em><\/p>\n\n\n\n<figure class=\"wp-block-table\"><table><thead><tr><td><strong>Unidad Curricular<\/strong><strong><\/strong><\/td><td><strong>Docentes<\/strong>&nbsp;<strong><\/strong><\/td><td><strong>Cantidad de horas<\/strong><strong><\/strong><\/td><td><strong>Anual o Cuatrimestral&nbsp;<\/strong><strong><\/strong><\/td><\/tr><tr><td>Ingl\u00e9s tur\u00edstico<\/td><td>Un\/a docente.Interino\/a<\/td><td>3 hs.*<\/td><td>Anual<\/td><\/tr><tr><td>Estad\u00edstica aplicada<strong><\/strong><\/td><td>Un\/a docente.<strong><\/strong>Interino\/a<strong><\/strong><\/td><td>3 hs.*<strong><\/strong><\/td><td>Cuatrimestral<strong><\/strong><\/td><\/tr><\/thead><\/table><\/figure>\n\n\n\n<p><strong>*La cursada ser\u00e1 bimodal (presencial \u2013 virtual)<\/strong><\/p>\n\n\n\n<p><em>Para ver los perfiles docentes requeridos podr\u00e1n remitirse al Dise\u00f1o Curricular vigente.&nbsp;<\/em><\/p>\n\n\n\n<p><strong>Profesorado de Educaci\u00f3n Secundaria en Matem\u00e1tica &#8211; Sede Lago Puelo &#8211; Res N\u00b0543\/19 \u2013 2to a\u00f1o \u2013 1\u00ba llamado.<\/strong><\/p>\n\n\n\n<figure class=\"wp-block-table\"><table><thead><tr><td><strong>Unidad curricular<\/strong><strong><\/strong><\/td><td><strong>Docentes<\/strong><strong><\/strong><\/td><td><strong>Cantidad de horas<\/strong><strong><\/strong><\/td><td><strong>Anual o Cuatrimestral<\/strong><strong><\/strong><\/td><\/tr><tr><td>Historia y Pol\u00edtica de la Educaci\u00f3n Argentina<strong><\/strong><\/td><td>Un\/a docenteSuplente (Art. 12)<strong><\/strong><\/td><td>4 hs.<strong><\/strong>Horarios: mi\u00e9rcoles 20:25 a 21:55 hs.&nbsp;<strong><\/strong><\/td><td>Anual<strong><\/strong><\/td><\/tr><\/thead><\/table><\/figure>\n\n\n\n<p><em>Para ver los perfiles docentes requeridos podr\u00e1n remitirse al Dise\u00f1o Curricular vigente.&nbsp;<\/em><strong><\/strong><\/p>\n\n\n\n<p><strong>Profesorado de Educaci\u00f3n Secundaria en Matem\u00e1tica &#8211; Sede Lago Puelo &#8211; Res N\u00b0543\/19 \u2013 4to a\u00f1o \u2013 3\u00ba llamado.<\/strong><\/p>\n\n\n\n<figure class=\"wp-block-table\"><table><thead><tr><td><strong>Unidad curricular<\/strong><strong><\/strong><\/td><td><strong>Docentes<\/strong><strong><\/strong><\/td><td><strong>Cantidad de horas<\/strong><strong><\/strong><\/td><td><strong>Anual o Cuatrimestral<\/strong><strong><\/strong><\/td><\/tr><tr><td>An\u00e1lisis y Dise\u00f1o de la Ense\u00f1anza de la Matem\u00e1tica<strong><\/strong><\/td><td>Un\/a docente*<strong><\/strong>*Perfil requerido&nbsp;Profesor\/a de Matem\u00e1tica con postitulaci\u00f3n en Ense\u00f1anza de la Matem\u00e1tica.<strong><\/strong>Interino\/a<strong><\/strong><\/td><td>4 hs.<strong><\/strong>Horarios: lunes&nbsp; de 19:55 a 21:55 hs.<strong><\/strong><\/td><td>Anual<strong><\/strong><\/td><\/tr><\/thead><\/table><\/figure>\n\n\n\n<p><em>Para ver los perfiles docentes requeridos podr\u00e1n remitirse al Dise\u00f1o Curricular vigente.&nbsp;<\/em><\/p>\n\n\n\n<p><strong>Profesorado de Educaci\u00f3n Secundaria en Geograf\u00eda &#8211; Sede Lago Puelo &#8211; Res N\u00b0544\/19 \u2013 3er&nbsp; a\u00f1o \u2013 3\u00ba llamado<\/strong>.<\/p>\n\n\n\n<figure class=\"wp-block-table\"><table><thead><tr><td><strong>Unidad Curricular<\/strong><strong><\/strong><\/td><td><strong>Docentes<\/strong><strong><\/strong><\/td><td><strong>Cantidad de horas<\/strong><strong><\/strong><\/td><td><strong>Anual o Cuatrimestral<\/strong><strong><\/strong><\/td><\/tr><tr><td>Geograf\u00eda Social y Econ\u00f3mica de Latinoam\u00e9rica<strong><\/strong><\/td><td>Un\/a docente<strong><\/strong>Suplencia (art 29)<strong><\/strong><\/td><td>4 hs.<strong><\/strong>Horario: lunes de 18:15 a 19:45 hs.<strong><\/strong><\/td><td>Anual<strong><\/strong><\/td><\/tr><tr><td>Problem\u00e1ticas Socio territoriales del espacio mundial<\/td><td>Un\/a docente para completar pareja pedag\u00f3gica*Perfil: Prof.\/Lic. en Sociolog\u00eda o Prof.\/Lic. en Ciencias Pol\u00edticasSuplencia (art. 29)<\/td><td>5 hs.Horario: jueves de 19:55 a 21:55 hs.<\/td><td>Anual<\/td><\/tr><\/thead><\/table><\/figure>\n\n\n\n<p><em>Para ver los perfiles docentes requeridos podr\u00e1n remitirse al Dise\u00f1o Curricular vigente.&nbsp;<\/em><\/p>\n\n\n\n<p><strong>Profesorado de Educaci\u00f3n Secundaria en Geograf\u00eda &#8211; Sede Lago Puelo &#8211; Res N\u00b0544\/19 \u2013 4to a\u00f1o \u2013 3\u00ba &nbsp;&nbsp;llamado<\/strong>&nbsp;&nbsp;<\/p>\n\n\n\n<figure class=\"wp-block-table\"><table><thead><tr><td><strong>Unidad Curricular<\/strong><strong><\/strong><\/td><td><strong>Docentes<\/strong><strong><\/strong><\/td><td><strong>Cantidad de horas<\/strong><strong><\/strong><\/td><td><strong>Anual o Cuatrimestral<\/strong><strong><\/strong><\/td><\/tr><tr><td>Geograf\u00eda Regional Argentina<strong><\/strong><\/td><td>Un\/a docente<strong><\/strong>Suplencia (art 29)<strong><\/strong><\/td><td>6 hs.<strong><\/strong>Horarios: lunes de 18:15 a 20:55hs<strong><\/strong><\/td><td>Anual<strong><\/strong><\/td><\/tr><tr><td>Pr\u00e1ctica Profesional Docente IV y Residencia<\/td><td>Un\/a docente*Perfil: Profesor\/a de Educaci\u00f3n EspecialSuplencia (art. 12)<\/td><td>11 hs.Horario: mi\u00e9rcoles de 19:55 a 21:55 hs.<\/td><td>Anual<\/td><\/tr><\/thead><\/table><\/figure>\n\n\n\n<p><em>Para ver los perfiles docentes requeridos podr\u00e1n remitirse al Dise\u00f1o Curricular vigente.&nbsp;<\/em><\/p>\n\n\n\n<p><strong>Profesorado de Educaci\u00f3n Secundaria en Lengua y Literatura &#8211; Sede Lago Puelo \u2013 Res&nbsp;<a href=\"https:\/\/www.google.com\/maps\/search\/N%C2%B0+536%2F19?entry=gmail&amp;source=g\">N\u00b0 536\/19<\/a>&nbsp;\u20131er A\u00f1o \u2013 1\u00ba &nbsp;llamado.<\/strong><\/p>\n\n\n\n<figure class=\"wp-block-table\"><table><thead><tr><td><strong>Unidad Curricular<\/strong><strong><\/strong><\/td><td><strong>Docentes<\/strong><strong><\/strong><\/td><td><strong>Cantidad de horas<\/strong><strong><\/strong><\/td><td><strong>Anual o Cuatrimestral<\/strong><strong><\/strong><\/td><\/tr><tr><td>Pedagog\u00eda<strong><\/strong><\/td><td>Un\/a docente&nbsp;<strong><\/strong>Interino\/a<strong><\/strong><\/td><td>7 hs.<strong><\/strong>Horarios: mi\u00e9rcoles&nbsp; de 18:15 a 21:25 hs.<strong><\/strong><\/td><td>Cuatrimestral<strong><\/strong><\/td><\/tr><\/thead><\/table><\/figure>\n\n\n\n<p><em>Para ver los perfiles docentes requeridos podr\u00e1n remitirse al Dise\u00f1o Curricular vigente.<\/em><\/p>\n\n\n\n<p><strong>Profesorado de Educaci\u00f3n Secundaria en Lengua y Literatura \u2013 Sede Lago Puelo &#8211; Res&nbsp;<a href=\"https:\/\/www.google.com\/maps\/search\/N%C2%B0+536%2F19?entry=gmail&amp;source=g\">N\u00b0 536\/19<\/a>&nbsp;\u2013 1er A\u00f1o &nbsp;\u2013 &nbsp;3\u00ba &nbsp;llamado.<\/strong><\/p>\n\n\n\n<figure class=\"wp-block-table\"><table><thead><tr><td><strong>Unidad Curricular<\/strong><strong><\/strong><\/td><td><strong>Docentes<\/strong><strong><\/strong><\/td><td><strong>Cantidad de horas<\/strong><strong><\/strong><\/td><td><strong>Anual o Cuatrimestral<\/strong><strong><\/strong><\/td><\/tr><tr><td>LEA<strong><\/strong><\/td><td>Un\/a docente&nbsp;<strong><\/strong>Interino\/a<strong><\/strong><\/td><td>4 hs.<strong><\/strong>Horarios: jueves&nbsp; de 19:55 a 21:25 hs.<strong><\/strong><\/td><td>Anual<strong><\/strong><\/td><\/tr><\/thead><\/table><\/figure>\n\n\n\n<p><em>Para ver los perfiles docentes requeridos podr\u00e1n remitirse al Dise\u00f1o Curricular vigente.<\/em><\/p>\n\n\n\n<p><strong>Profesorado de Educaci\u00f3n Secundaria en Lengua y Literatura \u2013 Anexo Epuy\u00e9n \u2013 Res&nbsp;<a href=\"https:\/\/www.google.com\/maps\/search\/N%C2%B0+536%2F19?entry=gmail&amp;source=g\">N\u00b0 536\/19<\/a>&nbsp;&nbsp;\u2013&nbsp; 2do A\u00f1o &nbsp;\u2013 &nbsp;2\u00ba &nbsp;llamado.<\/strong><\/p>\n\n\n\n<figure class=\"wp-block-table\"><table><thead><tr><td><strong>Unidad Curricular<\/strong><strong><\/strong><\/td><td><strong>Docentes<\/strong><strong><\/strong><\/td><td><strong>Cantidad de horas<\/strong><strong><\/strong><\/td><td><strong>Anual o Cuatrimestral<\/strong><strong><\/strong><\/td><\/tr><tr><td>Pr\u00e1ctica Profesional Docente II<strong><\/strong><\/td><td>Un\/a docente perfil Prof. o Lic. en Ciencias de la Educaci\u00f3n para completar pareja pedag\u00f3gica.<strong><\/strong><\/td><td>7 hs.<strong><\/strong>Horarios: martes de 18:15 a 20:25 hs.<strong><\/strong><\/td><td>Anual<strong><\/strong><\/td><\/tr><tr><td>Did\u00e1ctica de la Lengua y la Literatura I<strong><\/strong><\/td><td>Un\/a docente* para completar pareja pedag\u00f3gica<strong><\/strong>*Perfil: Prof. o Lic. en Ciencias de la Educaci\u00f3n o prof. que acredite postulaci\u00f3n en did\u00e1ctica de la lengua y la literatura.<strong><\/strong><\/td><td>4 hs.<strong><\/strong>Horarios: martes de 20:25 a 22hs.<strong><\/strong><\/td><td>Anual<strong><\/strong><\/td><\/tr><\/thead><\/table><\/figure>\n\n\n\n<p><em>Para ver los perfiles docentes requeridos podr\u00e1n remitirse al Dise\u00f1o Curricular vigente.<\/em><\/p>\n\n\n\n<p><strong>Profesorado de Educaci\u00f3n Secundaria en Lengua y Literatura\u2013 Sede Lago Puelo \u2013 Res&nbsp;<\/strong><a href=\"https:\/\/www.google.com\/maps\/search\/N%C2%B0+536%2F19?entry=gmail&amp;source=g\" target=\"_blank\" rel=\"noreferrer noopener\"><strong>N\u00b0 536\/19<\/strong><\/a><strong>&nbsp;&#8211; 3er A\u00f1o \u2013 2\u00ba &nbsp;llamado.<\/strong><\/p>\n\n\n\n<figure class=\"wp-block-table\"><table><thead><tr><td><strong>Unidad Curricular<\/strong><strong><\/strong><\/td><td><strong>Docentes<\/strong><strong><\/strong><\/td><td><strong>Cantidad de horas<\/strong><strong><\/strong><\/td><td><strong>Anual o Cuatrimestral<\/strong><strong><\/strong><\/td><\/tr><tr><td>Did\u00e1ctica de la Lengua y la Literatura II<strong><\/strong><\/td><td>Un\/a&nbsp; docente (Prof. o Lic. en Ciencias de la Educaci\u00f3n o prof. que acredite postulaci\u00f3n en did\u00e1ctica de la lengua y la literatura) para completar pareja pedag\u00f3gica.<strong><\/strong>Interino\/a<strong><\/strong><\/td><td>4hs<strong><\/strong>Horarios: mi\u00e9rcoles de 18:15 a 19:45 hs.<strong><\/strong><\/td><td>Anual<strong><\/strong><\/td><\/tr><\/thead><\/table><\/figure>\n\n\n\n<p><em>Para ver los perfiles docentes requeridos podr\u00e1n remitirse al Dise\u00f1o Curricular vigente.<\/em><\/p>\n\n\n\n<p><strong>Profesorado de Educaci\u00f3n Secundaria en Biolog\u00eda \u2013 Anexo Epuy\u00e9n &#8211; Res N\u00b0 548\/19 \u2013 1er a\u00f1o \u2013 2\u00ba llamado.<\/strong><\/p>\n\n\n\n<figure class=\"wp-block-table\"><table><thead><tr><td><strong>Unidad Curricular<\/strong><strong><\/strong><\/td><td><strong>Docentes<\/strong><strong><\/strong><\/td><td><strong>Cantidad de horas<\/strong><strong><\/strong><\/td><td><strong>Anual o Cuatrimestral<\/strong><strong><\/strong><\/td><\/tr><tr><td>Pr\u00e1ctica Profesional Docente I<strong><\/strong><\/td><td>Un\/a docente Profesor\/a o licenciado\/a en Ciencias de la Educaci\u00f3n para completar pareja pedag\u00f3gica.<strong><\/strong><\/td><td>5 hs.Horario: martes de 18:15 a 19:45 hs.<strong><\/strong><\/td><td>Anual<strong><\/strong><\/td><\/tr><\/thead><\/table><\/figure>\n\n\n\n<p><em>Para ver los perfiles docentes requeridos podr\u00e1n remitirse al Dise\u00f1o Curricular vigente.<\/em><\/p>\n\n\n\n<p><strong>Profesorado de Educaci\u00f3n Secundaria en Biolog\u00eda \u2013 Sede Lago Puelo &#8211; Res N\u00b0 548\/19 \u2013 4to a\u00f1o \u2013 1\u00ba llamado<\/strong><\/p>\n\n\n\n<figure class=\"wp-block-table\"><table><tbody><tr><td><strong>Unidad Curricular<\/strong><\/td><td><strong>Docentes<\/strong><\/td><td><strong>Cantidad de horas<\/strong><\/td><td><strong>Anual o Cuatrimestral<\/strong><\/td><\/tr><tr><td>Taxonom\u00eda y sistem\u00e1tica biol\u00f3gica<\/td><td>Un\/a docente&nbsp;<strong><\/strong>Interino\/a<strong><\/strong><\/td><td>4 hs.Horario: martes de 18:15 a 19:45 hs.<\/td><td>Anual<\/td><\/tr><\/tbody><\/table><\/figure>\n\n\n\n<p><em>Para ver los perfiles docentes requeridos podr\u00e1n remitirse al Dise\u00f1o Curricular vigente.<\/em><\/p>\n\n\n\n<p><strong>Profesorado de Educaci\u00f3n Secundaria en Biolog\u00eda \u2013&nbsp;<\/strong><strong>Sede Lago Puelo &#8211;&nbsp;<\/strong><strong>Res N\u00b0 548\/19 \u2013&nbsp; 4to a\u00f1o \u2013 1\u00ba llamado.<\/strong><\/p>\n\n\n\n<figure class=\"wp-block-table\"><table><thead><tr><td><strong>Unidad Curricular<\/strong><strong><\/strong><\/td><td><strong>Docentes<\/strong><strong><\/strong><\/td><td><strong>Cantidad de horas<\/strong><strong><\/strong><\/td><td><strong>Anual o Cuatrimestral<\/strong><strong><\/strong><\/td><\/tr><tr><td>UDI CFE<strong><\/strong><\/td><td>Un\/a docente&nbsp;<strong><\/strong>Interino\/a<strong><\/strong><\/td><td>4 hs.<strong><\/strong><\/td><td>Anual<strong><\/strong><\/td><\/tr><\/thead><\/table><\/figure>\n\n\n\n<p><em>Para ver los perfiles docentes requeridos podr\u00e1n remitirse a la p\u00e1gina del instituto.<\/em><\/p>\n\n\n\n<p><strong>Profesorado de Educaci\u00f3n Especial &#8211; Sede Lago Puelo &#8211; Res N\u00b0595\/17 \u2013 2do a\u00f1o &#8211; 1\u00ba llamado.<\/strong><\/p>\n\n\n\n<figure class=\"wp-block-table\"><table><thead><tr><td><strong>Unidad Curricular<\/strong><strong><\/strong><\/td><td><strong>Docente<\/strong><strong><\/strong><\/td><td><strong>Cantidad de horas<\/strong><strong><\/strong><\/td><td><strong>Anual o Cuatrimestral<\/strong><strong><\/strong><\/td><\/tr><tr><td>Matem\u00e1tica y su Did\u00e1ctica I<\/td><td>&nbsp;Dos docentes para conformar pareja pedag\u00f3gica.Interinos\/as<\/td><td>7 hs.<strong><\/strong>Horarios: jueves de 18:15 a 21:25 hs.<strong><\/strong><\/td><td>Cuatrimestral<strong><\/strong><\/td><\/tr><\/thead><\/table><\/figure>\n\n\n\n<p><em>Para ver los perfiles docentes requeridos podr\u00e1n remitirse al Dise\u00f1o Curricular vigente.<\/em><\/p>\n\n\n\n<p><strong>Profesorado de Educaci\u00f3n Especial &#8211; Sede Lago Puelo &#8211; Res N\u00b0595\/17 \u2013 2do a\u00f1o &#8211; 1\u00ba llamado.<\/strong><\/p>\n\n\n\n<figure class=\"wp-block-table\"><table><thead><tr><td><strong>Unidad Curricular<\/strong><strong><\/strong><\/td><td><strong>Docente<\/strong><strong><\/strong><\/td><td><strong>Cantidad de horas<\/strong><strong><\/strong><\/td><td><strong>Anual o Cuatrimestral<\/strong><strong><\/strong><\/td><\/tr><tr><td>Educaci\u00f3n Art\u00edstica y su Did\u00e1ctica<\/td><td>&nbsp;Dos docentes para conformar pareja pedag\u00f3gica.Interinos\/as<\/td><td>5 hs.<strong><\/strong>Horarios: viernes de 18:15 a 20:25 hs.<strong><\/strong><\/td><td>Cuatrimestral<strong><\/strong><\/td><\/tr><\/thead><\/table><\/figure>\n\n\n\n<p><em>Para ver los perfiles docentes requeridos podr\u00e1n remitirse al Dise\u00f1o Curricular vigente<\/em><\/p>\n\n\n\n<p><strong>Profesorado de Educaci\u00f3n Especial &#8211; Sede Lago Puelo &#8211; Res N\u00b0595\/17 \u2013 3er a\u00f1o \u2013 2 llamado.<\/strong><\/p>\n\n\n\n<p><em>Para ver los perfiles docentes requeridos podr\u00e1n remitirse al Dise\u00f1o Curricular vigente.<\/em><\/p>\n\n\n\n<p><strong><\/strong><strong>Profesorado de Educaci\u00f3n Especial &#8211; Sede Lago Puelo &#8211; Res N\u00b0595\/17 &#8211; de 4to A\u00f1o -1er llamado.<\/strong><strong><\/strong><\/p>\n\n\n\n<figure class=\"wp-block-table\"><table><thead><tr><td><strong>Unidad Curricular<\/strong><strong><\/strong><\/td><td><strong>Docente<\/strong><strong><\/strong><\/td><td><strong>Cantidad de horas<\/strong><strong><\/strong><\/td><td><strong>Anual o Cuatrimestral<\/strong><strong><\/strong><\/td><\/tr><tr><td>Lengua y Literatura y su Did\u00e1ctica II<strong><\/strong><\/td><td>&nbsp; Un\/a docente&nbsp;(Profesora\/or en Educaci\u00f3n Especial) para completar pareja pedag\u00f3gica.<strong><\/strong>Interino\/a<strong><\/strong><\/td><td>5 hs.<strong><\/strong>Horarios: martes de 19:55 a 21:55 hs.<strong><\/strong><\/td><td>Anual<strong><\/strong><\/td><\/tr><\/thead><\/table><\/figure>\n\n\n\n<figure class=\"wp-block-table\"><table><tbody><tr><td><strong>Unidad<\/strong><\/td><td><strong>Docente<\/strong><\/td><td><strong>Cantidad de horas<\/strong><\/td><td><strong>Anual o Cuatrimestral<\/strong><\/td><\/tr><tr><td>Educaci\u00f3n de J\u00f3venes y Adultos y Formaci\u00f3n Integral<strong>&nbsp;<\/strong><\/td><td>Un\/a docente&nbsp;(un\/a docente que acredite experiencia en el \u00e1mbito de la formaci\u00f3n laboral) para completar pareja pedag\u00f3gica.<strong><\/strong>Interino\/a<\/td><td>5 hs.Horario:Martes de 18:15 a 20:25 hs.<strong><\/strong><\/td><td>Cuatrimestral<strong><\/strong><\/td><\/tr><\/tbody><\/table><\/figure>\n\n\n\n<p><em>Para ver los perfiles docentes requeridos podr\u00e1n remitirse al Dise\u00f1o Curricular vigente<\/em><\/p>\n\n\n\n<p><strong>Profesorado de Educaci\u00f3n Especial &#8211; Sede Lago Puelo &#8211; Res N\u00b0595\/17 &#8211; de 4to A\u00f1o &#8211; 2\u00ba llamado<\/strong><\/p>\n\n\n\n<figure class=\"wp-block-table\"><table><thead><tr><td><strong>Unidad Curricular<\/strong><strong><\/strong><\/td><td><strong>Docente<\/strong><strong><\/strong><\/td><td><strong>Cantidad de horas<\/strong><strong><\/strong><\/td><td><strong>Anual o Cuatrimestral<\/strong><strong><\/strong><\/td><\/tr><tr><td>Pr\u00e1ctica Profesional IV<strong><\/strong><\/td><td>Un\/a docente&nbsp;(Profesora\/or en Educaci\u00f3n Especial) para completar Equipo Pedag\u00f3gico.<strong><\/strong>Suplente.<strong><\/strong><\/td><td>13 hs.<strong><\/strong>Horarios: jueves de 18:15 a 19:45<strong><\/strong><\/td><td>Anual<strong><\/strong><\/td><\/tr><\/thead><\/table><\/figure>\n\n\n\n<p><em>Para ver los perfiles docentes requeridos podr\u00e1n remitirse al Dise\u00f1o Curricular vigente<\/em><\/p>\n\n\n\n<p><strong>Tecnicatura&nbsp;Superior en&nbsp;Econom\u00eda Social y Desarrollo Local&nbsp;\u2013 Extensi\u00f3n \u00c1ulica el Hoyo &nbsp;&nbsp;&#8211;&nbsp; Res. 84\/2015&nbsp; &#8211; 1er A\u00f1o \u2013 2\u00ba llamado.<\/strong><\/p>\n\n\n\n<figure class=\"wp-block-table\"><table><thead><tr><td><strong>Unidad Curricular<\/strong><strong><\/strong><\/td><td><strong>Docentes<\/strong><strong><\/strong><\/td><td><strong>Cantidad de horas<\/strong><strong><\/strong><\/td><td><strong>Anual o Cuatrimestral<\/strong><strong><\/strong><\/td><\/tr><tr><td>Introducci\u00f3n a la econom\u00eda social<\/td><td>Un\/a docente<strong><\/strong><\/td><td>4 hs.<\/td><td>cuatrimestral<\/td><\/tr><\/thead><\/table><\/figure>\n\n\n\n<p><strong>&nbsp;*La cursada ser\u00e1 bimodal (presencial \u2013 virtual)<\/strong><\/p>\n\n\n\n<p><em>Para ver los perfiles docentes requeridos podr\u00e1n remitirse al Dise\u00f1o Curricular vigente.&nbsp;<\/em><\/p>\n\n\n\n<p><strong>Profesorado de Educaci\u00f3n Secundaria&nbsp;en&nbsp;Historia \u2013 Anexo Epuy\u00e9n Res&nbsp;<\/strong><a href=\"https:\/\/maps.google.com\/?q=N%C2%B0+301\/14%E2%80%93+2018+%E2%80%93+1&amp;entry=gmail&amp;source=g\" target=\"_blank\" rel=\"noreferrer noopener\"><strong>N\u00b0 547\/19 \u2013&nbsp;4to a\u00f1o \u2013 2do&nbsp;<\/strong><\/a><strong>llamado.<\/strong><\/p>\n\n\n\n<figure class=\"wp-block-table\"><table><tbody><tr><td><strong>Unidad Curricular<\/strong><strong>&nbsp;<\/strong><\/td><td><strong>Docentes<\/strong><strong>&nbsp;<\/strong><\/td><td><strong>Cantidad de horas<\/strong><strong>&nbsp;<\/strong><\/td><td><strong>Anual o Cuatrimestral<\/strong><\/td><\/tr><tr><td>Historia del arte&nbsp;<\/td><td>Un\/a docente&nbsp;<\/td><td>4 horas.Horario: lunes 20.10 a 22 horas.<\/td><td>Cuatrimestral (a t\u00e9rmino)<\/td><\/tr><\/tbody><\/table><\/figure>\n\n\n\n<p><em>Para ver los perfiles docentes requeridos podr\u00e1n remitirse al Dise\u00f1o Curricular vigente.<\/em><\/p>\n\n\n\n<p><strong><a href=\"https:\/\/ies813pabloluppi-chu.infd.edu.ar\/sitio\/llamados-a-concurso\/\" data-type=\"URL\" data-id=\"https:\/\/ies813pabloluppi-chu.infd.edu.ar\/sitio\/llamados-a-concurso\/\" target=\"_blank\" rel=\"noreferrer noopener\">\u00a0Las bases y el detalle de los mismos est\u00e1n disponibles en la p\u00e1gina web:<\/a><\/strong><\/p>\n\n\n\n<p><strong>Consultas:\u00a0<\/strong><a rel=\"noreferrer noopener\" href=\"mailto:concursosisfd813@gmail.com\" target=\"_blank\"><strong>concursosisfd813@gmail.com<\/strong><\/a><strong>\u00a0Fecha l\u00edmite para la presentaci\u00f3n de antecedentes y proyecto: lunes 27 de marzo de 2023 hasta las 19 hs.\u00a0<\/strong><\/p>\n\n\n\n<p>&#8212;<br><\/p>\n","protected":false},"excerpt":{"rendered":"<p>Lago Puelo, 17 de marzo de 2023 Llamados a Concurso 2023 El Instituto de Educaci\u00f3n Superior Nro. 813 \u201cProf. Pablo Luppi\u201d llama a concurso para los siguientes espacios curriculares: Profesorado de Educaci\u00f3n Primaria \u2013&nbsp;Sede Lago Puelo &#8211; Res. 328\/22 \u2013 1er a\u00f1o \u2013 3\u00ba llamado. Unidad Curricular Docentes Cantidad de horas Anual o Cuatrimestral Matem\u00e1tica &#8230; <a title=\"Lago Puelo, 17 de marzo de 2023_Llamados a Concurso 2023\" class=\"read-more\" href=\"https:\/\/ies813pabloluppi-chu.infd.edu.ar\/sitio\/lago-puelo-17-de-marzo-de-2023_llamados-a-concurso-2023\/\" aria-label=\"More on Lago Puelo, 17 de marzo de 2023_Llamados a Concurso 2023\">[+]<\/a><\/p>\n","protected":false},"author":1899,"featured_media":0,"comment_status":"closed","ping_status":"closed","sticky":false,"template":"","format":"standard","meta":[],"categories":[14],"tags":[],"acf":[],"_links":{"self":[{"href":"https:\/\/ies813pabloluppi-chu.infd.edu.ar\/sitio\/wp-json\/wp\/v2\/posts\/5450"}],"collection":[{"href":"https:\/\/ies813pabloluppi-chu.infd.edu.ar\/sitio\/wp-json\/wp\/v2\/posts"}],"about":[{"href":"https:\/\/ies813pabloluppi-chu.infd.edu.ar\/sitio\/wp-json\/wp\/v2\/types\/post"}],"author":[{"embeddable":true,"href":"https:\/\/ies813pabloluppi-chu.infd.edu.ar\/sitio\/wp-json\/wp\/v2\/users\/1899"}],"replies":[{"embeddable":true,"href":"https:\/\/ies813pabloluppi-chu.infd.edu.ar\/sitio\/wp-json\/wp\/v2\/comments?post=5450"}],"version-history":[{"count":1,"href":"https:\/\/ies813pabloluppi-chu.infd.edu.ar\/sitio\/wp-json\/wp\/v2\/posts\/5450\/revisions"}],"predecessor-version":[{"id":5451,"href":"https:\/\/ies813pabloluppi-chu.infd.edu.ar\/sitio\/wp-json\/wp\/v2\/posts\/5450\/revisions\/5451"}],"wp:attachment":[{"href":"https:\/\/ies813pabloluppi-chu.infd.edu.ar\/sitio\/wp-json\/wp\/v2\/media?parent=5450"}],"wp:term":[{"taxonomy":"category","embeddable":true,"href":"https:\/\/ies813pabloluppi-chu.infd.edu.ar\/sitio\/wp-json\/wp\/v2\/categories?post=5450"},{"taxonomy":"post_tag","embeddable":true,"href":"https:\/\/ies813pabloluppi-chu.infd.edu.ar\/sitio\/wp-json\/wp\/v2\/tags?post=5450"}],"curies":[{"name":"wp","href":"https:\/\/api.w.org\/{rel}","templated":true}]}}