{"id":5470,"date":"2023-03-28T12:56:04","date_gmt":"2023-03-28T15:56:04","guid":{"rendered":"https:\/\/ies813pabloluppi-chu.infd.edu.ar\/sitio\/?p=5470"},"modified":"2023-03-28T13:54:58","modified_gmt":"2023-03-28T16:54:58","slug":"lago-puelo-16-de-marzo-de-2023_llamados-a-concurso-2023","status":"publish","type":"post","link":"https:\/\/ies813pabloluppi-chu.infd.edu.ar\/sitio\/lago-puelo-16-de-marzo-de-2023_llamados-a-concurso-2023\/","title":{"rendered":"Lago Puelo, 27 de marzo de 2023_Llamados a Concurso 2023"},"content":{"rendered":"\n<p><strong>El IES N\u00b0 813 \u00abProf. Pablo Luppi\u00bb realiza el llamado a concurso&nbsp;abierto&nbsp;para la cobertura del rol de coordinador\/a del anexo de Epuy\u00e9n (suplente).&nbsp;<\/strong><\/p>\n\n\n\n<p><a href=\"https:\/\/ies813pabloluppi-chu.infd.edu.ar\/sitio\/llamados-a-concurso\/\" data-type=\"URL\" data-id=\"https:\/\/ies813pabloluppi-chu.infd.edu.ar\/sitio\/llamados-a-concurso\/\" target=\"_blank\" rel=\"noreferrer noopener\">Las bases se encuentran e nuestra p\u00e1gina web.<\/a><\/p>\n\n\n\n<p><strong>Fecha l\u00edmite para la presentaci\u00f3n de CV&nbsp; y proyecto&nbsp;(formato digital e impreso)&nbsp;lunes 03&nbsp;de&nbsp;abril&nbsp;de 2023 a las 19 hs.<a><\/a><\/strong><\/p>\n\n\n\n<p><strong>Mail&nbsp;para dudas y\/o consultas y para la presentaci\u00f3n digital del proyecto:&nbsp;<a href=\"mailto:concursosisfd813@gmail.com\" target=\"_blank\" rel=\"noreferrer noopener\">concursosisfd813@gmail.com<\/a>&nbsp;<\/strong><\/p>\n","protected":false},"excerpt":{"rendered":"<p>El IES N\u00b0 813 \u00abProf. Pablo Luppi\u00bb realiza el llamado a concurso&nbsp;abierto&nbsp;para la cobertura del rol de coordinador\/a del anexo de Epuy\u00e9n (suplente).&nbsp; Las bases se encuentran e nuestra p\u00e1gina web. Fecha l\u00edmite para la presentaci\u00f3n de CV&nbsp; y proyecto&nbsp;(formato digital e impreso)&nbsp;lunes 03&nbsp;de&nbsp;abril&nbsp;de 2023 a las 19 hs. Mail&nbsp;para dudas y\/o consultas y para &#8230; <a title=\"Lago Puelo, 27 de marzo de 2023_Llamados a Concurso 2023\" class=\"read-more\" href=\"https:\/\/ies813pabloluppi-chu.infd.edu.ar\/sitio\/lago-puelo-16-de-marzo-de-2023_llamados-a-concurso-2023\/\" aria-label=\"More on Lago Puelo, 27 de marzo de 2023_Llamados a Concurso 2023\">[+]<\/a><\/p>\n","protected":false},"author":1899,"featured_media":0,"comment_status":"closed","ping_status":"closed","sticky":false,"template":"","format":"standard","meta":[],"categories":[14],"tags":[],"acf":[],"_links":{"self":[{"href":"https:\/\/ies813pabloluppi-chu.infd.edu.ar\/sitio\/wp-json\/wp\/v2\/posts\/5470"}],"collection":[{"href":"https:\/\/ies813pabloluppi-chu.infd.edu.ar\/sitio\/wp-json\/wp\/v2\/posts"}],"about":[{"href":"https:\/\/ies813pabloluppi-chu.infd.edu.ar\/sitio\/wp-json\/wp\/v2\/types\/post"}],"author":[{"embeddable":true,"href":"https:\/\/ies813pabloluppi-chu.infd.edu.ar\/sitio\/wp-json\/wp\/v2\/users\/1899"}],"replies":[{"embeddable":true,"href":"https:\/\/ies813pabloluppi-chu.infd.edu.ar\/sitio\/wp-json\/wp\/v2\/comments?post=5470"}],"version-history":[{"count":2,"href":"https:\/\/ies813pabloluppi-chu.infd.edu.ar\/sitio\/wp-json\/wp\/v2\/posts\/5470\/revisions"}],"predecessor-version":[{"id":5472,"href":"https:\/\/ies813pabloluppi-chu.infd.edu.ar\/sitio\/wp-json\/wp\/v2\/posts\/5470\/revisions\/5472"}],"wp:attachment":[{"href":"https:\/\/ies813pabloluppi-chu.infd.edu.ar\/sitio\/wp-json\/wp\/v2\/media?parent=5470"}],"wp:term":[{"taxonomy":"category","embeddable":true,"href":"https:\/\/ies813pabloluppi-chu.infd.edu.ar\/sitio\/wp-json\/wp\/v2\/categories?post=5470"},{"taxonomy":"post_tag","embeddable":true,"href":"https:\/\/ies813pabloluppi-chu.infd.edu.ar\/sitio\/wp-json\/wp\/v2\/tags?post=5470"}],"curies":[{"name":"wp","href":"https:\/\/api.w.org\/{rel}","templated":true}]}}