{"id":5484,"date":"2023-03-30T11:49:23","date_gmt":"2023-03-30T14:49:23","guid":{"rendered":"https:\/\/ies813pabloluppi-chu.infd.edu.ar\/sitio\/?p=5484"},"modified":"2023-03-30T11:49:24","modified_gmt":"2023-03-30T14:49:24","slug":"lago-puelo-29-de-marzo-de-2023-llamados-a-concurso-2023","status":"publish","type":"post","link":"https:\/\/ies813pabloluppi-chu.infd.edu.ar\/sitio\/lago-puelo-29-de-marzo-de-2023-llamados-a-concurso-2023\/","title":{"rendered":"Lago Puelo, 29 de marzo de 2023 &#8211; <strong>Llamados a Concurso 2023<\/strong>"},"content":{"rendered":"\n<p>Lago Puelo, 29 de marzo de 2023<\/p>\n\n\n\n<p><strong><u>Llamados a Concurso 2023<\/u><\/strong><\/p>\n\n\n\n<p><strong>&nbsp;&nbsp;&nbsp;&nbsp;&nbsp;&nbsp;&nbsp;&nbsp;&nbsp;El Instituto de Educaci\u00f3n Superior Nro. 813 \u201cProf. Pablo Luppi\u201d llama a concurso para los siguientes espacios curriculares:<\/strong><\/p>\n\n\n\n<p><strong>Profesorado de Educaci\u00f3n Primaria \u2013&nbsp;<u>Anexo Epuy\u00e9n<\/u>&nbsp;Res N\u00b0 310\/14 \u2013 3er. a\u00f1o \u20131\u00ba Llamado.<\/strong><\/p>\n\n\n\n<figure class=\"wp-block-table\"><table><tbody><tr><td><strong>Unidad Curricular<\/strong> &nbsp;<\/td><td><strong>Docentes<\/strong> &nbsp;<\/td><td><strong>Cantidad de horas<\/strong> &nbsp;<\/td><td><strong>Anual o Cuatrimestral<\/strong> <strong>&nbsp;<\/strong><\/td><\/tr><tr><td>&nbsp; Uso de la Voz &nbsp;<\/td><td>&nbsp; Fonoaudi\u00f3logo, profesor de Lenguaje Musical o docente especialista en Canto<\/td><td>&nbsp; 2hs &nbsp;<\/td><td>&nbsp; Cuatrimestral (Interinato)<\/td><\/tr><\/tbody><\/table><\/figure>\n\n\n\n<p><strong>Profesorado de Educaci\u00f3n Primaria \u2013&nbsp;Sede Lago Puelo &#8211; Res. 328\/22 \u2013 3\u00ba a\u00f1o \u2013 2\u00ba llamado.<\/strong><\/p>\n\n\n\n<figure class=\"wp-block-table\"><table><tbody><tr><td><strong>Unidad Curricular<\/strong><\/td><td><strong>Docentes<\/strong><\/td><td><strong>Cantidad de horas<\/strong><\/td><td><strong>Anual o Cuatrimestral<\/strong><\/td><\/tr><tr><td>Pr\u00e1ctica Profesional Docente II<\/td><td>Dos docentes (un\/a docente de Educaci\u00f3n Especial y un\/a docente con formaci\u00f3n espec\u00edfica en Pedagog\u00eda y Did\u00e1ctica) para completar Equipo Pedag\u00f3gico.<\/td><td>6 hs. Horarios: jueves de 18.15 a 19.45 hs.<\/td><td>Anual<\/td><\/tr><\/tbody><\/table><\/figure>\n\n\n\n<p><em>Para ver los perfiles docentes requeridos podr\u00e1n remitirse al Dise\u00f1o Curricular vigente.&nbsp;<\/em><\/p>\n\n\n\n<p><strong>Profesorado de Educaci\u00f3n Primaria &#8211;&nbsp;Anexo Epuy\u00e9n&nbsp;&#8211; Res N\u00b0 310\/14 \u2013 3er. a\u00f1o \u2013 2\u00ba llamado.<\/strong><\/p>\n\n\n\n<figure class=\"wp-block-table\"><table><tbody><tr><td><strong>Unidad Curricular<\/strong><\/td><td><strong>Docentes<\/strong><\/td><td><strong>Cantidad de horas<\/strong><\/td><td><strong>Anual o Cuatrimestral<\/strong><\/td><\/tr><tr><td>Did\u00e1ctica de la&nbsp;Lengua y la Literatura en el Segundo Ciclo<\/td><td>Dos docentes para conformar pareja pedag\u00f3gica.<\/td><td>5 hs.<\/td><td>Cuatrimestral (Suplencia Art. 29)<\/td><\/tr><\/tbody><\/table><\/figure>\n\n\n\n<p><em>Para ver los perfiles docentes requeridos podr\u00e1n remitirse al Dise\u00f1o Curricular vigente.<\/em><\/p>\n\n\n\n<p><strong>Profesorado de Educaci\u00f3n Primaria &#8211;&nbsp;Anexo Epuy\u00e9n&nbsp;&#8211; Res&nbsp;<a href=\"https:\/\/www.google.com\/maps\/search\/N%C2%B0+310%2F14?entry=gmail&amp;source=g\">N\u00b0 310\/14<\/a>&nbsp;\u2013 3er. a\u00f1o \u2013 5\u00ba llamado.<\/strong><\/p>\n\n\n\n<figure class=\"wp-block-table\"><table><thead><tr><td><strong>Unidad Curricular<\/strong><strong><\/strong><\/td><td><strong>Docentes<\/strong><strong><\/strong><\/td><td><strong>Cantidad de horas<\/strong><strong><\/strong><\/td><td><strong>Anual o Cuatrimestral<\/strong><strong><\/strong><\/td><\/tr><tr><td>Did\u00e1ctica de la&nbsp;Educaci\u00f3n Tecnol\u00f3gica<strong><\/strong><\/td><td>Un\/a docente de Educaci\u00f3n Primaria para completar pareja pedag\u00f3gica.<strong><\/strong><\/td><td>4 hs.<strong><\/strong> Horarios: lunes de 18:15 a 20 hs.&nbsp;<strong><\/strong><\/td><td>Anual<strong><\/strong><\/td><\/tr><\/thead><\/table><\/figure>\n\n\n\n<p><em>Para ver los perfiles docentes requeridos podr\u00e1n remitirse al Dise\u00f1o Curricular vigente.&nbsp;<\/em><\/p>\n\n\n\n<p><strong>Profesorado de Educaci\u00f3n Primaria &#8211;&nbsp;Anexo Epuy\u00e9n&nbsp;&#8211; Res N\u00b0 310\/14 \u2013 4to a\u00f1o \u2013 2\u00ba llamado.<\/strong><\/p>\n\n\n\n<figure class=\"wp-block-table\"><table><tbody><tr><td><strong>Unidad Curricular<\/strong><\/td><td><strong>Docentes<\/strong><\/td><td><strong>Cantidad de horas<\/strong><\/td><td><strong>Anual o Cuatrimestral<\/strong><\/td><\/tr><tr><td>&nbsp; Literatura<\/td><td>Un\/a docente<\/td><td>5hs.<\/td><td>Cuatrimestral<\/td><\/tr><\/tbody><\/table><\/figure>\n\n\n\n<p><em>Para ver los perfiles docentes requeridos podr\u00e1n remitirse al Dise\u00f1o Curricular vigente.&nbsp;<\/em><\/p>\n\n\n\n<p><strong>Profesorado de Educaci\u00f3n Primaria &#8211;&nbsp;Anexo Epuy\u00e9n&nbsp;&#8211; Res&nbsp;<a href=\"https:\/\/www.google.com\/maps\/search\/N%C2%B0+310%2F14?entry=gmail&amp;source=g\">N\u00b0 310\/14<\/a>&nbsp;\u2013 4to a\u00f1o \u2013 4\u00ba llamado.<\/strong><\/p>\n\n\n\n<figure class=\"wp-block-table\"><table><thead><tr><td><strong>Unidad Curricular<\/strong><strong><\/strong><\/td><td><strong>Docentes<\/strong><strong><\/strong><\/td><td><strong>Cantidad de horas<\/strong><strong><\/strong><\/td><td><strong>Anual o Cuatrimestral<\/strong><strong><\/strong><\/td><\/tr><tr><td>Sistematizaci\u00f3n de Experiencias Pedag\u00f3gicas<strong><\/strong><\/td><td>Dos docentes para conformar pareja pedag\u00f3gica.<strong><\/strong><\/td><td>3 hs.<strong><\/strong><\/td><td>Anual<strong><\/strong><\/td><\/tr><\/thead><\/table><\/figure>\n\n\n\n<p><em>&nbsp;Para ver los perfiles docentes requeridos podr\u00e1n remitirse al Dise\u00f1o Curricular vigente.&nbsp;<\/em><\/p>\n\n\n\n<p><strong>Profesorado de Educaci\u00f3n Inicial &#8211; Anexo Cholila- Res N\u00b0 327\/22 \u2013 2do&nbsp; a\u00f1o \u2013 1\u00ba&nbsp;llamado.<\/strong><\/p>\n\n\n\n<figure class=\"wp-block-table\"><table><thead><tr><td><strong>Unidad Curricular<\/strong><strong><\/strong><\/td><td><strong>Docentes<\/strong><strong><\/strong><\/td><td><strong>Cantidad de horas<\/strong><strong><\/strong><\/td><td><strong>Anual o Cuatrimestral<\/strong><strong><\/strong><\/td><\/tr><tr><td>Sujetos de la Educaci\u00f3n Inicial&nbsp;<strong><\/strong><\/td><td>Una pareja pedag\u00f3gica con un\/a profesional en Ciencias de la Educaci\u00f3n, Psicolog\u00eda, Psicopedagog\u00eda o equivalente, con formaci\u00f3n y\/o experiencia en Educaci\u00f3n Inicial (Interino); y un\/a docente de Nivel Inicial con experiencia laboral en el sistema educativo (Suplente).<strong><\/strong><\/td><td>3 hs.<strong><\/strong> Horarios: lunes de 20:30 a 22:05 hs.&nbsp;<strong><\/strong> o martes de 20:30 a 22:05hs.<strong><\/strong><\/td><td>Anual<strong><\/strong><\/td><\/tr><tr><td>Matem\u00e1tica y su Did\u00e1ctica<\/td><td>Un\/a docente de Nivel Inicial con especializaci\u00f3n en el \u00e1rea (Suplente) para conformar pareja pedag\u00f3gica<\/td><td>5 hs<\/td><td>Anual<\/td><\/tr><\/thead><\/table><\/figure>\n\n\n\n<p><em>Para ver los perfiles docentes requeridos podr\u00e1n remitirse al Dise\u00f1o Curricular vigente.&nbsp;<\/em><\/p>\n\n\n\n<p><strong>Profesorado de Educaci\u00f3n Inicial &#8211; Anexo Cholila &#8211; Res N\u00b0 327\/22 \u2013 2do&nbsp; a\u00f1o \u2013 5\u00ba&nbsp;llamado.<\/strong><\/p>\n\n\n\n<figure class=\"wp-block-table\"><table><thead><tr><td><strong>Unidad Curricular<\/strong><strong><\/strong><\/td><td><strong>Docentes<\/strong><strong><\/strong><\/td><td><strong>Cantidad de horas<\/strong><strong><\/strong><\/td><td><strong>Anual o Cuatrimestral<\/strong><strong><\/strong><\/td><\/tr><tr><td>Pr\u00e1cticas del Lenguaje&nbsp; y su Did\u00e1ctica<strong><\/strong><\/td><td>Dos docentes (Un\/a docente de Nivel Inicial con especializaci\u00f3n en el \u00e1rea y Un\/a Profesor\/a o Licenciado\/a en Lengua y Literatura; Letras; Castellano, o Literatura y Lat\u00edn con formaci\u00f3n y\/o experiencia en Educaci\u00f3n Inicial) para conformar pareja pedag\u00f3gica&nbsp;<strong><\/strong> Interino\/a<strong><\/strong><\/td><td>5 hs.<strong><\/strong><\/td><td>Anual<strong><\/strong><\/td><\/tr><\/thead><\/table><\/figure>\n\n\n\n<p>&nbsp;<strong>Profesorado de Educaci\u00f3n Inicial &#8211; Anexo Cholila- Res N\u00b0 309\/14 \u2013 3er a\u00f1o \u2013 4\u00ba&nbsp;llamado.<\/strong><\/p>\n\n\n\n<figure class=\"wp-block-table\"><table><thead><tr><td><strong>Unidad Curricular<\/strong><strong><\/strong><\/td><td><strong>Docentes<\/strong><strong><\/strong><\/td><td><strong>Cantidad de horas<\/strong><strong><\/strong><\/td><td><strong>Anual o Cuatrimestral<\/strong><strong><\/strong><\/td><\/tr><tr><td>Alfabetizaci\u00f3n Inicial<strong><\/strong><\/td><td>Dos docentes en pareja pedag\u00f3gica (Un docente de Nivel Inicial preferentemente con capacitaciones\/actualizaciones en el \u00e1rea-interino\/a- y Un\/a docente con formaci\u00f3n espec\u00edfica-suplente-).<strong><\/strong><\/td><td>4 hs.<strong><\/strong><\/td><td>Anual<strong><\/strong><\/td><\/tr><tr><td>Producci\u00f3n de Recursos Did\u00e1cticos para el Nivel Inicial<strong><\/strong><\/td><td>Dos docentes en pareja pedag\u00f3gica &nbsp;Un\/a docente de Ed. Inicial Interino y Un\/a docente<strong><\/strong> Interino\/a Un\/a docente con formaci\u00f3n en \u00e1rea art\u00edstica, pl\u00e1stica y\/o de la Comunicaci\u00f3n audiovisual (Interino)<\/td><td>3 hs.<strong><\/strong><\/td><td>Cuatrimestral<strong><\/strong><\/td><\/tr><\/thead><\/table><\/figure>\n\n\n\n<p><em>Para ver los perfiles docentes requeridos podr\u00e1n remitirse al Dise\u00f1o Curricular vigente.&nbsp;<\/em><\/p>\n\n\n\n<p><strong>Profesorado de Educaci\u00f3n Inicial &#8211; Anexo Cholila- Res N\u00b0 309\/14 \u2013 3er a\u00f1o \u2013 3\u00ba&nbsp;llamado.<\/strong><\/p>\n\n\n\n<figure class=\"wp-block-table\"><table><thead><tr><td><strong>Unidad Curricular<\/strong><strong><\/strong><\/td><td><strong>Docentes<\/strong><strong><\/strong><\/td><td><strong>Cantidad de horas<\/strong><strong><\/strong><\/td><td><strong>Anual o Cuatrimestral<\/strong><strong><\/strong><\/td><\/tr><tr><td>&nbsp; Ciencias Sociales y Su Did\u00e1ctica<\/td><td>Dos docentes en pareja pedag\u00f3gica. Un Docente con formaci\u00f3n espec\u00edfica en el \u00e1rea (Interino) y un\/a docente de Educaci\u00f3n Inicial con especializaci\u00f3n en el \u00e1rea (Interino)<\/td><td>&nbsp; 5 Hs<\/td><td>&nbsp; Anual<\/td><\/tr><\/thead><\/table><\/figure>\n\n\n\n<p><em>Para ver los perfiles docentes requeridos podr\u00e1n remitirse al Dise\u00f1o Curricular vigente.&nbsp;<\/em><\/p>\n\n\n\n<p><strong>Profesorado de Educaci\u00f3n Secundaria en Biolog\u00eda \u2013 Sede Lago Puelo Res N\u00b0 548\/19 \u2013<\/strong><\/p>\n\n\n\n<p><strong>4to a\u00f1o \u2013 1\u00ba llamado<\/strong><\/p>\n\n\n\n<figure class=\"wp-block-table\"><table><tbody><tr><td><strong>Unidad Curricular<\/strong> <strong>&nbsp;<\/strong><\/td><td><strong>Docentes<\/strong> <strong>&nbsp;<\/strong><\/td><td><strong>Cantidad de horas<\/strong> <strong>&nbsp;<\/strong><\/td><td><strong>Anual o Cuatrimestral<\/strong><\/td><\/tr><tr><td><strong>UDI I CFG<\/strong> \u201cEl uso del cuerpo y la voz en la Ense\u00f1anza de la Biolog\u00eda\u201d<\/td><td><strong>Un\/a docente&nbsp;<\/strong><strong><\/strong> <strong>Interino\/a<\/strong><strong><\/strong> &nbsp;(ver perfil requerido y bases en DC) <strong>&nbsp;<\/strong><\/td><td><strong>4 HS CAT<\/strong> Lunes de 19:55 a 21:25 hs<\/td><td><strong>CUATRIMESTRAL<\/strong><\/td><\/tr><\/tbody><\/table><\/figure>\n\n\n\n<p><strong>Profesorado de Educaci\u00f3n Secundaria en Biolog\u00eda \u2013 Anexo Epuy\u00e9n &#8211; Res N\u00b0 548\/19 \u2013 1er a\u00f1o \u2013 3\u00ba llamado.<\/strong><\/p>\n\n\n\n<figure class=\"wp-block-table\"><table><thead><tr><td><strong>Unidad Curricular<\/strong><strong><\/strong><\/td><td><strong>Docentes<\/strong><strong><\/strong><\/td><td><strong>Cantidad de horas<\/strong><strong><\/strong><\/td><td><strong>Anual o Cuatrimestral<\/strong><strong><\/strong><\/td><\/tr><tr><td>Pr\u00e1ctica Profesional Docente I<strong><\/strong><\/td><td>Un\/a docente Profesor\/a o licenciado\/a en Ciencias de la Educaci\u00f3n para completar pareja pedag\u00f3gica.<strong><\/strong><\/td><td>5 hs.&nbsp;<strong><\/strong> Horario: martes de 18:15 a 19:45 hs.<strong><\/strong><\/td><td>Anual<strong><\/strong><\/td><\/tr><\/thead><\/table><\/figure>\n\n\n\n<p><em>Para ver los perfiles docentes requeridos podr\u00e1n remitirse al Dise\u00f1o Curricular vigente.<\/em><\/p>\n\n\n\n<p><strong>Profesorado de Educaci\u00f3n Secundaria en Biolog\u00eda \u2013 Sede Lago Puelo &#8211; Res N\u00b0 548\/19 \u2013&nbsp; 4to a\u00f1o \u2013 2\u00ba llamado.<\/strong><\/p>\n\n\n\n<figure class=\"wp-block-table\"><table><thead><tr><td><strong>Unidad Curricular<\/strong><strong><\/strong><\/td><td><strong>Docentes<\/strong><strong><\/strong><\/td><td><strong>Cantidad de horas<\/strong><strong><\/strong><\/td><td><strong>Anual o Cuatrimestral<\/strong><strong><\/strong><\/td><\/tr><tr><td><strong>UDI II CFE<\/strong> \u201cPropiedades f\u00edsico-qu\u00edmicas y medicinales de las especies vegetales<br>aut\u00f3ctonas y ex\u00f3ticas de la Comarca Andina\u201d<strong><\/strong><\/td><td><strong>Un\/a docente&nbsp;<\/strong><strong><\/strong> <strong>Interino\/a<\/strong><strong><\/strong> &nbsp;(ver perfil requerido y bases en DC)<\/td><td><strong>4 HS<\/strong> Lunes de 18:15 a 19:45 hs<\/td><td><strong>ANUAL<\/strong><\/td><\/tr><\/thead><\/table><\/figure>\n\n\n\n<p><em>Para ver los perfiles docentes requeridos podr\u00e1n remitirse a la p\u00e1gina del instituto.&nbsp;<\/em><\/p>\n\n\n\n<p><strong>Profesorado de Educaci\u00f3n Secundaria en Lengua y Literatura\u2013 Sede Lago Puelo \u2013 Res&nbsp;<a href=\"https:\/\/www.google.com\/maps\/search\/N%C2%B0+536%2F19?entry=gmail&amp;source=g\">N\u00b0 536\/19<\/a> &#8211; 3er A\u00f1o \u2013 3\u00ba &nbsp;llamado.<\/strong><\/p>\n\n\n\n<figure class=\"wp-block-table\"><table><thead><tr><td><strong>Unidad Curricular<\/strong><strong><\/strong><\/td><td><strong>Docentes<\/strong><strong><\/strong><\/td><td><strong>Cantidad de horas<\/strong><strong><\/strong><\/td><td><strong>Anual o Cuatrimestral<\/strong><strong><\/strong><\/td><\/tr><tr><td>Did\u00e1ctica de la Lengua y la Literatura II<strong><\/strong><\/td><td>Un\/a&nbsp; docente (Prof. o Lic. en Ciencias de la Educaci\u00f3n o Prof. que acredite postulaci\u00f3n en did\u00e1ctica de la lengua y la literatura) para completar pareja pedag\u00f3gica.<strong><\/strong> Interino\/a<strong><\/strong><\/td><td>4hs<strong><\/strong> Horarios: mi\u00e9rcoles de 18:15 a 19:45 hs.<strong><\/strong><\/td><td>Anual<strong><\/strong><\/td><\/tr><\/thead><\/table><\/figure>\n\n\n\n<p><strong>Profesorado de Educaci\u00f3n Especial &#8211; Sede Lago Puelo &#8211; Res N\u00b0595\/17 \u2013 2do a\u00f1o &#8211; 1\u00ba llamado.<\/strong><\/p>\n\n\n\n<figure class=\"wp-block-table\"><table><thead><tr><td><strong>Unidad Curricular<\/strong><strong><\/strong><\/td><td><strong>Docente<\/strong><strong><\/strong><\/td><td><strong>Cantidad de horas<\/strong><strong><\/strong><\/td><td><strong>Anual o Cuatrimestral<\/strong><strong><\/strong><\/td><\/tr><tr><td>Historia y Pol\u00edtica del Educaci\u00f3n Argentina<strong><\/strong><\/td><td>&nbsp;Un\/a docente Interino\/a<strong><\/strong><\/td><td>4 hs.<strong><\/strong> Horarios: mi\u00e9rcoles de 20:25 a 21:55 hs.&nbsp;<strong><\/strong><\/td><td>Anual<strong><\/strong><\/td><\/tr><\/thead><\/table><\/figure>\n\n\n\n<p><em>Para ver los perfiles docentes requeridos podr\u00e1n remitirse al Dise\u00f1o Curricular vigente<\/em><\/p>\n\n\n\n<p><strong>Profesorado de Educaci\u00f3n Especial &#8211; Sede Lago Puelo &#8211; Res N\u00b0595\/17 \u2013 2do a\u00f1o &#8211; 2\u00ba llamado.<\/strong><\/p>\n\n\n\n<figure class=\"wp-block-table\"><table><thead><tr><td><strong>Unidad Curricular<\/strong><strong><\/strong><\/td><td><strong>Docente<\/strong><strong><\/strong><\/td><td><strong>Cantidad de horas<\/strong><strong><\/strong><\/td><td><strong>Anual o Cuatrimestral<\/strong><strong><\/strong><\/td><\/tr><tr><td>Sociolog\u00eda de la Educaci\u00f3n<strong><\/strong><\/td><td>&nbsp;Un\/a docente (Suplencia Art. 29) <strong><\/strong><\/td><td>5 hs.<strong><\/strong> Horarios: martes&nbsp; de 18:15 a 19:45 hs.&nbsp;<strong><\/strong><\/td><td>Cuatrimestral<strong><\/strong><\/td><\/tr><tr><td>Matem\u00e1tica y su Did\u00e1ctica I<strong><\/strong><\/td><td>&nbsp;Dos docentes para conformar pareja pedag\u00f3gica.<strong><\/strong> Interinos\/as<strong><\/strong><\/td><td>7 hs.<strong><\/strong> Horarios: jueves de 18:15 a 21:25 hs.&nbsp;<strong><\/strong><\/td><td>Cuatrimestral<strong><\/strong><\/td><\/tr><\/thead><\/table><\/figure>\n\n\n\n<p><em>Para ver los perfiles docentes requeridos podr\u00e1n remitirse al Dise\u00f1o Curricular vigente.<\/em><\/p>\n\n\n\n<p><strong>Profesorado de Educaci\u00f3n Especial &#8211; Sede Lago Puelo &#8211; Res N\u00b0595\/17 \u2013 3\u00ba a\u00f1o &#8211; 2\u00ba llamado.<\/strong><\/p>\n\n\n\n<figure class=\"wp-block-table\"><table><thead><tr><td><strong>Unidad Curricular<\/strong><strong><\/strong><\/td><td><strong>Docente<\/strong><strong><\/strong><\/td><td><strong>Cantidad de horas<\/strong><strong><\/strong><\/td><td><strong>Anual o Cuatrimestral<\/strong><strong><\/strong><\/td><\/tr><tr><td>Matem\u00e1tica y su Did\u00e1ctica II<strong><\/strong><\/td><td>&nbsp;Un\/a docente para conformar pareja pedag\u00f3gica. Perfil: Prof. de Ed. Especial<strong><\/strong> Interino\/a<strong><\/strong><\/td><td>5 hs.<strong><\/strong> Horarios: Lunes de 18:15 a 20:25 hs.&nbsp;<strong><\/strong><\/td><td>Anual<strong><\/strong><\/td><\/tr><\/thead><\/table><\/figure>\n\n\n\n<p><strong>Profesorado de Educaci\u00f3n Secundaria&nbsp;en&nbsp;Historia \u2013 Anexo Epuy\u00e9n Res&nbsp;<a href=\"https:\/\/maps.google.com\/?q=N%C2%B0+301\/14%E2%80%93+2018+%E2%80%93+1&amp;entry=gmail&amp;source=g\">N\u00b0 547\/19 \u2013&nbsp;4to a\u00f1o \u2013 3\u00ba&nbsp;<\/a>llamado.<\/strong><\/p>\n\n\n\n<figure class=\"wp-block-table\"><table><tbody><tr><td><strong>Unidad Curricular<\/strong><\/td><td><strong>Docentes<\/strong><\/td><td><strong>Cantidad de horas<\/strong><\/td><td><strong>Anual o Cuatrimestral<\/strong><\/td><\/tr><tr><td>Historia del arte<\/td><td>Un\/a docente<\/td><td>4 horas. Horario: lunes 20.10 a 22 horas.<\/td><td>Cuatrimestral (a t\u00e9rmino)<\/td><\/tr><\/tbody><\/table><\/figure>\n\n\n\n<p><em>Para ver los perfiles docentes requeridos podr\u00e1n remitirse al Dise\u00f1o Curricular vigente.<\/em><\/p>\n\n\n\n<p><strong>Profesorado de Educaci\u00f3n Secundaria en Matem\u00e1tica Sede Lago Puelo &#8211; Res N\u00b0543\/19 \u2013 3er a\u00f1o \u2013 2\u00ba llamado.<\/strong><\/p>\n\n\n\n<figure class=\"wp-block-table\"><table><thead><tr><td><strong>Unidad curricular<\/strong><\/td><td><strong>Docentes<\/strong><\/td><td><strong>Cantidad de horas<\/strong><\/td><td><strong>Anual o Cuatrimestral<\/strong><\/td><\/tr><tr><td>Sociolog\u00eda de la Educaci\u00f3n<strong><\/strong><\/td><td>Un\/a docente (Suplencia art. 29) <strong><\/strong><\/td><td>4hs Martes de 20:25 a 21:55hs<\/td><td>Cuatrimestral <strong><\/strong><\/td><\/tr><\/thead><\/table><\/figure>\n\n\n\n<p><em>Para ver el perfil docente requerido podr\u00e1n remitirse al Dise\u00f1o Curricular vigente.&nbsp;<\/em><\/p>\n\n\n\n<p><a rel=\"noreferrer noopener\" href=\"https:\/\/ies813pabloluppi-chu.infd.edu.ar\/sitio\/llamados-a-concurso\/\" target=\"_blank\"><strong>Las bases y el detalle de los mismos est\u00e1n disponibles en la p\u00e1gina web:<\/strong> <\/a>\u00a0<\/p>\n\n\n\n<p><strong>Consultas y presentaci\u00f3n de propuesta: <a href=\"mailto:concursosisfd813@gmail.com\">concursosisfd813@gmail.com<\/a><\/strong><\/p>\n\n\n\n<p><strong>Fecha l\u00edmite para la presentaci\u00f3n de antecedentes y proyecto: lunes 03 de abril de 2023 hasta las 19 hs.&nbsp;<\/strong><\/p>\n","protected":false},"excerpt":{"rendered":"<p>Lago Puelo, 29 de marzo de 2023 Llamados a Concurso 2023 &nbsp;&nbsp;&nbsp;&nbsp;&nbsp;&nbsp;&nbsp;&nbsp;&nbsp;El Instituto de Educaci\u00f3n Superior Nro. 813 \u201cProf. Pablo Luppi\u201d llama a concurso para los siguientes espacios curriculares: Profesorado de Educaci\u00f3n Primaria \u2013&nbsp;Anexo Epuy\u00e9n&nbsp;Res N\u00b0 310\/14 \u2013 3er. a\u00f1o \u20131\u00ba Llamado. Unidad Curricular &nbsp; Docentes &nbsp; Cantidad de horas &nbsp; Anual o Cuatrimestral &nbsp; &#8230; <a title=\"Lago Puelo, 29 de marzo de 2023 &#8211; Llamados a Concurso 2023\" class=\"read-more\" href=\"https:\/\/ies813pabloluppi-chu.infd.edu.ar\/sitio\/lago-puelo-29-de-marzo-de-2023-llamados-a-concurso-2023\/\" aria-label=\"More on Lago Puelo, 29 de marzo de 2023 &#8211; Llamados a Concurso 2023\">[+]<\/a><\/p>\n","protected":false},"author":1899,"featured_media":0,"comment_status":"closed","ping_status":"closed","sticky":false,"template":"","format":"standard","meta":[],"categories":[14],"tags":[],"acf":[],"_links":{"self":[{"href":"https:\/\/ies813pabloluppi-chu.infd.edu.ar\/sitio\/wp-json\/wp\/v2\/posts\/5484"}],"collection":[{"href":"https:\/\/ies813pabloluppi-chu.infd.edu.ar\/sitio\/wp-json\/wp\/v2\/posts"}],"about":[{"href":"https:\/\/ies813pabloluppi-chu.infd.edu.ar\/sitio\/wp-json\/wp\/v2\/types\/post"}],"author":[{"embeddable":true,"href":"https:\/\/ies813pabloluppi-chu.infd.edu.ar\/sitio\/wp-json\/wp\/v2\/users\/1899"}],"replies":[{"embeddable":true,"href":"https:\/\/ies813pabloluppi-chu.infd.edu.ar\/sitio\/wp-json\/wp\/v2\/comments?post=5484"}],"version-history":[{"count":1,"href":"https:\/\/ies813pabloluppi-chu.infd.edu.ar\/sitio\/wp-json\/wp\/v2\/posts\/5484\/revisions"}],"predecessor-version":[{"id":5485,"href":"https:\/\/ies813pabloluppi-chu.infd.edu.ar\/sitio\/wp-json\/wp\/v2\/posts\/5484\/revisions\/5485"}],"wp:attachment":[{"href":"https:\/\/ies813pabloluppi-chu.infd.edu.ar\/sitio\/wp-json\/wp\/v2\/media?parent=5484"}],"wp:term":[{"taxonomy":"category","embeddable":true,"href":"https:\/\/ies813pabloluppi-chu.infd.edu.ar\/sitio\/wp-json\/wp\/v2\/categories?post=5484"},{"taxonomy":"post_tag","embeddable":true,"href":"https:\/\/ies813pabloluppi-chu.infd.edu.ar\/sitio\/wp-json\/wp\/v2\/tags?post=5484"}],"curies":[{"name":"wp","href":"https:\/\/api.w.org\/{rel}","templated":true}]}}