{"id":5939,"date":"2023-09-12T21:23:42","date_gmt":"2023-09-13T00:23:42","guid":{"rendered":"https:\/\/ies813pabloluppi-chu.infd.edu.ar\/sitio\/?p=5939"},"modified":"2023-09-12T21:27:41","modified_gmt":"2023-09-13T00:27:41","slug":"llamados-a-concurso-12-09-2023","status":"publish","type":"post","link":"https:\/\/ies813pabloluppi-chu.infd.edu.ar\/sitio\/llamados-a-concurso-12-09-2023\/","title":{"rendered":"Llamados a Concurso &#8211; 12\/09\/2023"},"content":{"rendered":"\n<p><strong>El Instituto de Educaci\u00f3n Superior Nro. 813 \u201cProf. Pablo Luppi\u201d llama a concurso para los siguientes espacios curriculares:<\/strong><\/p>\n\n\n\n<p><strong>Profesorado de Educaci\u00f3n Primaria \u2013&nbsp;Sede Epuy\u00e9n &#8211;&nbsp;Res N\u00ba 310\/14 \u2013 4\u00ba a\u00f1o \u2013 3\u00ba llamado \u2013 2023<\/strong><\/p>\n\n\n\n<figure class=\"wp-block-table\"><table><thead><tr><td><strong>Unidad Curricular<\/strong><\/td><td><strong>Docentes y situaci\u00f3n de revista<\/strong><\/td><td><strong>Cantidad de horas<\/strong><\/td><td><strong>Anual o Cuatrimestral<\/strong><\/td><\/tr><tr><td>&nbsp;&nbsp;Lenguajes Art\u00edsticos<\/td><td>Pareja pedag\u00f3gica:1 docente con formaci\u00f3n espec\u00edfica en lenguajes art\u00edsticos: artes visuales (Interino)1 docente con formaci\u00f3n espec\u00edfica en lenguajes art\u00edsticos: M\u00fasica (Suplencia larga duraci\u00f3n) &nbsp;En ambos casos preferentemente con experiencia en el nivel primario.<\/td><td>&nbsp;&nbsp;3 hs<\/td><td>&nbsp;&nbsp;Anual<\/td><\/tr><\/thead><\/table><\/figure>\n\n\n\n<p><em>Para ver los perfiles docentes requeridos podr\u00e1n remitirse al DC que est\u00e1 cargado en la p\u00e1gina del IES.<\/em><\/p>\n\n\n\n<p><strong>Profesorado Educaci\u00f3n Secundaria en Biolog\u00eda &#8211;&nbsp;Anexo Epuyen &#8211;&nbsp;Res N\u00ba548\/19 \u2013 2\u00b0 cuatrimestre 2023 \u2013 Llamado N\u00b04 \u2013 A\u00f1o de cursada: Primer a\u00f1o<\/strong><\/p>\n\n\n\n<figure class=\"wp-block-table\"><table><thead><tr><td><strong>Unidad Curricular<\/strong><strong><\/strong><\/td><td><strong>Docentes y situaci\u00f3n de revista<\/strong><strong><\/strong><\/td><td><strong>Cantidad de horas<\/strong><strong><\/strong><\/td><td><strong>Anual o Cuatrimestral<\/strong><strong><\/strong><\/td><\/tr><tr><td>Did\u00e1ctica General<\/td><td>Formaci\u00f3n en Ciencias de la Educaci\u00f3n con orientaci\u00f3n y\/o experiencia en el \u00e1rea de la Did\u00e1ctica GeneralInterino<strong><\/strong><\/td><td>6 hs.<strong><\/strong>Horarios: Martes y Mi\u00e9rcoles de 19:55 a 21:25 h<strong><\/strong><\/td><td>Cuatrimestral<strong><\/strong>(2do Cuatri)<\/td><\/tr><\/thead><\/table><\/figure>\n\n\n\n<p><em>Para ver los perfiles docentes requeridos podr\u00e1n remitirse al Dise\u00f1o Curricular vigente.<\/em><em>.<\/em><em><\/em><\/p>\n\n\n\n<p><em>.<\/em><strong>Profesorado de Educaci\u00f3n Especial en Discapacidad Intelectual \u2013 Sede Lago Puelo<\/strong><\/p>\n\n\n\n<p><strong>Res N\u00b0595\/17 \u2013 de&nbsp;&nbsp; 1er a\u00f1o \u2013&nbsp; 3\u00b0&nbsp; llamado<\/strong><strong><\/strong><\/p>\n\n\n\n<figure class=\"wp-block-table\"><table><thead><tr><td><strong>Unidad Curricular<\/strong><strong><\/strong><\/td><td><strong>Docentes<\/strong><strong><\/strong><\/td><td><strong>Cantidad de horas<\/strong><strong><\/strong><\/td><td><strong>Anual o Cuatrimestral<\/strong><strong><\/strong><\/td><\/tr><tr><td>Pr\u00e1ctica Profesional Docente I<\/td><td>Formato: Pr\u00e1cticas Docentes.Perfil docente: Se debe conformar pareja pedag\u00f3gica. Se requiere Profesor\/a de Educaci\u00f3n Especial.Suplente.<\/td><td>Designaci\u00f3n del\/la docente: 7hs horasD\u00edas Viernes de 18:15 a 20:55hs<\/td><td>Anual<\/td><\/tr><\/thead><\/table><\/figure>\n\n\n\n<p><em>Para ver los perfiles docentes requeridos podr\u00e1n remitirse a la p\u00e1gina del instituto.<\/em><\/p>\n\n\n\n<p><strong>Profesorado de Educaci\u00f3n Especial en Discapacidad Intelectual \u2013 Sede Lago Puelo<\/strong><\/p>\n\n\n\n<p><strong>Res N\u00b0595\/17 \u2013 de 1er a\u00f1o \u2013&nbsp; 4\u00b0 llamado<\/strong><\/p>\n\n\n\n<figure class=\"wp-block-table\"><table><thead><tr><td><strong>Unidad Curricular<\/strong><\/td><td><strong>Docentes<\/strong><\/td><td><strong>Cantidad de horas<\/strong><\/td><td><strong>Anual o Cuatrimestral<\/strong><\/td><\/tr><tr><td>Lenguajes Art\u00edsticos Integrados.<\/td><td>&nbsp;Un\/a docente para completar equipo pedag\u00f3gico de tres docentes. Perfil docente: con formaci\u00f3n espec\u00edfica o&nbsp;especializada en m\u00fasica.Suplente<\/td><td>4hs horas&nbsp;Horarios: martes de 20:25 a 21:55 hs<\/td><td>Anual<\/td><\/tr><\/thead><\/table><\/figure>\n\n\n\n<p><em>&nbsp;<\/em><strong>Para ver los perfiles docentes requeridos podr\u00e1n remitirse a la p\u00e1gina del instituto:&nbsp;<\/strong><a href=\"https:\/\/ies813pabloluppi-chu.infd.edu.ar\/sitio\/disenos-curriculares-de-formacion-docente\/\">https:\/\/ies813pabloluppi-chu.infd.edu.ar\/sitio\/disenos-curriculares-de-formacion-docente\/<\/a><\/p>\n\n\n\n<p><strong>Las bases y el detalle de los mismos est\u00e1n disponibles en la p\u00e1gina web:<\/strong><strong>&nbsp;<\/strong><strong><a rel=\"noreferrer noopener\" href=\"https:\/\/ies813pabloluppi-chu.infd.edu.ar\/sitio\/llamados-a-concurso\/\" target=\"_blank\">https:\/\/ies813pabloluppi-chu.infd.edu.ar\/sitio\/llamados-a-concurso\/<\/a><\/strong><\/p>\n\n\n\n<p><strong>Consultas y presentaci\u00f3n de propuesta:&nbsp;<\/strong><a href=\"mailto:concursosisfd813@gmail.com\" rel=\"noreferrer noopener\" target=\"_blank\"><strong>concursosisfd813@gmail.com<\/strong><\/a><\/p>\n\n\n\n<p><strong>Fecha l\u00edmite para la presentaci\u00f3n de antecedentes y proyecto: viernes 15&nbsp;de septiembre&nbsp;de 2023 hasta las&nbsp;19:00&nbsp;hs.<\/strong><\/p>\n","protected":false},"excerpt":{"rendered":"<p>El Instituto de Educaci\u00f3n Superior Nro. 813 \u201cProf. Pablo Luppi\u201d llama a concurso para los siguientes espacios curriculares: Profesorado de Educaci\u00f3n Primaria \u2013&nbsp;Sede Epuy\u00e9n &#8211;&nbsp;Res N\u00ba 310\/14 \u2013 4\u00ba a\u00f1o \u2013 3\u00ba llamado \u2013 2023 Unidad Curricular Docentes y situaci\u00f3n de revista Cantidad de horas Anual o Cuatrimestral &nbsp;&nbsp;Lenguajes Art\u00edsticos Pareja pedag\u00f3gica:1 docente con formaci\u00f3n &#8230; <a title=\"Llamados a Concurso &#8211; 12\/09\/2023\" class=\"read-more\" href=\"https:\/\/ies813pabloluppi-chu.infd.edu.ar\/sitio\/llamados-a-concurso-12-09-2023\/\" aria-label=\"More on Llamados a Concurso &#8211; 12\/09\/2023\">[+]<\/a><\/p>\n","protected":false},"author":7,"featured_media":0,"comment_status":"open","ping_status":"open","sticky":false,"template":"","format":"standard","meta":[],"categories":[14],"tags":[],"acf":[],"_links":{"self":[{"href":"https:\/\/ies813pabloluppi-chu.infd.edu.ar\/sitio\/wp-json\/wp\/v2\/posts\/5939"}],"collection":[{"href":"https:\/\/ies813pabloluppi-chu.infd.edu.ar\/sitio\/wp-json\/wp\/v2\/posts"}],"about":[{"href":"https:\/\/ies813pabloluppi-chu.infd.edu.ar\/sitio\/wp-json\/wp\/v2\/types\/post"}],"author":[{"embeddable":true,"href":"https:\/\/ies813pabloluppi-chu.infd.edu.ar\/sitio\/wp-json\/wp\/v2\/users\/7"}],"replies":[{"embeddable":true,"href":"https:\/\/ies813pabloluppi-chu.infd.edu.ar\/sitio\/wp-json\/wp\/v2\/comments?post=5939"}],"version-history":[{"count":2,"href":"https:\/\/ies813pabloluppi-chu.infd.edu.ar\/sitio\/wp-json\/wp\/v2\/posts\/5939\/revisions"}],"predecessor-version":[{"id":5943,"href":"https:\/\/ies813pabloluppi-chu.infd.edu.ar\/sitio\/wp-json\/wp\/v2\/posts\/5939\/revisions\/5943"}],"wp:attachment":[{"href":"https:\/\/ies813pabloluppi-chu.infd.edu.ar\/sitio\/wp-json\/wp\/v2\/media?parent=5939"}],"wp:term":[{"taxonomy":"category","embeddable":true,"href":"https:\/\/ies813pabloluppi-chu.infd.edu.ar\/sitio\/wp-json\/wp\/v2\/categories?post=5939"},{"taxonomy":"post_tag","embeddable":true,"href":"https:\/\/ies813pabloluppi-chu.infd.edu.ar\/sitio\/wp-json\/wp\/v2\/tags?post=5939"}],"curies":[{"name":"wp","href":"https:\/\/api.w.org\/{rel}","templated":true}]}}