{"id":5944,"date":"2023-09-13T21:38:40","date_gmt":"2023-09-14T00:38:40","guid":{"rendered":"https:\/\/ies813pabloluppi-chu.infd.edu.ar\/sitio\/?p=5944"},"modified":"2023-09-13T21:38:41","modified_gmt":"2023-09-14T00:38:41","slug":"llamados-a-concurso-13-09-2023","status":"publish","type":"post","link":"https:\/\/ies813pabloluppi-chu.infd.edu.ar\/sitio\/llamados-a-concurso-13-09-2023\/","title":{"rendered":"Llamados a Concurso \u2013 13\/09\/2023"},"content":{"rendered":"\n<p><strong>El Instituto de Educaci\u00f3n Superior Nro. 813 \u201cProf. Pablo Luppi\u201d llama a concurso para los siguientes espacios curriculares:<\/strong><\/p>\n\n\n\n<p><strong>Profesorado de Educaci\u00f3n Primaria \u2013&nbsp;Sede Lago Puelo &#8211;&nbsp;Res N\u00ba 328\/22\u2013 1\u00ba a\u00f1o \u2013 2\u00ba llamado \u2013 2023<\/strong><\/p>\n\n\n\n<figure class=\"wp-block-table\"><table><thead><tr><td><strong>Unidad Curricular<\/strong><\/td><td><strong>Docentes y situaci\u00f3n de revista<\/strong><\/td><td><strong>Cantidad de horas<\/strong><\/td><td><strong>Anual o Cuatrimestral<\/strong><\/td><\/tr><tr><td>&nbsp;&nbsp;Pedagog\u00eda<\/td><td>Perfil docente: Formaci\u00f3n en Ciencias de la Educaci\u00f3n o equivalente, con orientaci\u00f3n y\/o experiencia en el \u00e1rea de la Pedagog\u00eda. (Interino)<\/td><td>&nbsp;&nbsp;&nbsp;3 hsMi\u00e9rcoles 18:15 a 19:45<\/td><td>&nbsp;&nbsp;&nbsp;Anual<\/td><\/tr><\/thead><\/table><\/figure>\n\n\n\n<p><em>Para ver los perfiles docentes requeridos podr\u00e1n remitirse al DC que est\u00e1 cargado en la p\u00e1gina del IES.<\/em><\/p>\n\n\n\n<p><em>\u00a0<\/em><strong>Para ver los perfiles docentes requeridos podr\u00e1n remitirse a la p\u00e1gina del instituto:\u00a0<a rel=\"noreferrer noopener\" href=\"https:\/\/ies813pabloluppi-chu.infd.edu.ar\/sitio\/llamados-a-concurso\/\" target=\"_blank\">https:\/\/ies813pabloluppi-chu.infd.edu.ar\/sitio\/llamados-a-concurso\/<\/a><\/strong><\/p>\n\n\n\n<p><em>.<\/em><strong>Las bases y el detalle de los mismos est\u00e1n disponibles en la p\u00e1gina web:<\/strong><strong>&nbsp;<\/strong><strong><a href=\"https:\/\/ies813pabloluppi-chu.infd.edu.ar\/sitio\/llamados-a-concurso\/\" target=\"_blank\" rel=\"noreferrer noopener\">https:\/\/ies813pabloluppi-chu.infd.edu.ar\/sitio\/llamados-a-concurso\/<\/a><\/strong><\/p>\n\n\n\n<p><strong>Consultas y presentaci\u00f3n de propuesta:&nbsp;<\/strong><a href=\"mailto:concursosisfd813@gmail.com\" rel=\"noreferrer noopener\" target=\"_blank\"><strong>concursosisfd813@gmail.com<\/strong><\/a><\/p>\n\n\n\n<p><strong>Fecha l\u00edmite para la presentaci\u00f3n de antecedentes y proyecto: lunes 18&nbsp;de septiembre&nbsp;de 2023 hasta las&nbsp;19:00&nbsp;hs.<\/strong><\/p>\n","protected":false},"excerpt":{"rendered":"<p>El Instituto de Educaci\u00f3n Superior Nro. 813 \u201cProf. Pablo Luppi\u201d llama a concurso para los siguientes espacios curriculares: Profesorado de Educaci\u00f3n Primaria \u2013&nbsp;Sede Lago Puelo &#8211;&nbsp;Res N\u00ba 328\/22\u2013 1\u00ba a\u00f1o \u2013 2\u00ba llamado \u2013 2023 Unidad Curricular Docentes y situaci\u00f3n de revista Cantidad de horas Anual o Cuatrimestral &nbsp;&nbsp;Pedagog\u00eda Perfil docente: Formaci\u00f3n en Ciencias de &#8230; <a title=\"Llamados a Concurso \u2013 13\/09\/2023\" class=\"read-more\" href=\"https:\/\/ies813pabloluppi-chu.infd.edu.ar\/sitio\/llamados-a-concurso-13-09-2023\/\" aria-label=\"More on Llamados a Concurso \u2013 13\/09\/2023\">[+]<\/a><\/p>\n","protected":false},"author":7,"featured_media":0,"comment_status":"open","ping_status":"open","sticky":false,"template":"","format":"standard","meta":[],"categories":[14],"tags":[],"acf":[],"_links":{"self":[{"href":"https:\/\/ies813pabloluppi-chu.infd.edu.ar\/sitio\/wp-json\/wp\/v2\/posts\/5944"}],"collection":[{"href":"https:\/\/ies813pabloluppi-chu.infd.edu.ar\/sitio\/wp-json\/wp\/v2\/posts"}],"about":[{"href":"https:\/\/ies813pabloluppi-chu.infd.edu.ar\/sitio\/wp-json\/wp\/v2\/types\/post"}],"author":[{"embeddable":true,"href":"https:\/\/ies813pabloluppi-chu.infd.edu.ar\/sitio\/wp-json\/wp\/v2\/users\/7"}],"replies":[{"embeddable":true,"href":"https:\/\/ies813pabloluppi-chu.infd.edu.ar\/sitio\/wp-json\/wp\/v2\/comments?post=5944"}],"version-history":[{"count":1,"href":"https:\/\/ies813pabloluppi-chu.infd.edu.ar\/sitio\/wp-json\/wp\/v2\/posts\/5944\/revisions"}],"predecessor-version":[{"id":5946,"href":"https:\/\/ies813pabloluppi-chu.infd.edu.ar\/sitio\/wp-json\/wp\/v2\/posts\/5944\/revisions\/5946"}],"wp:attachment":[{"href":"https:\/\/ies813pabloluppi-chu.infd.edu.ar\/sitio\/wp-json\/wp\/v2\/media?parent=5944"}],"wp:term":[{"taxonomy":"category","embeddable":true,"href":"https:\/\/ies813pabloluppi-chu.infd.edu.ar\/sitio\/wp-json\/wp\/v2\/categories?post=5944"},{"taxonomy":"post_tag","embeddable":true,"href":"https:\/\/ies813pabloluppi-chu.infd.edu.ar\/sitio\/wp-json\/wp\/v2\/tags?post=5944"}],"curies":[{"name":"wp","href":"https:\/\/api.w.org\/{rel}","templated":true}]}}