{"id":5950,"date":"2023-09-18T21:17:48","date_gmt":"2023-09-19T00:17:48","guid":{"rendered":"https:\/\/ies813pabloluppi-chu.infd.edu.ar\/sitio\/?p=5950"},"modified":"2023-09-18T21:17:50","modified_gmt":"2023-09-19T00:17:50","slug":"llamados-a-concurso-18-09-2023","status":"publish","type":"post","link":"https:\/\/ies813pabloluppi-chu.infd.edu.ar\/sitio\/llamados-a-concurso-18-09-2023\/","title":{"rendered":"Llamados a Concurso \u2013 18\/09\/2023"},"content":{"rendered":"\n<p><strong>El Instituto de Educaci\u00f3n Superior Nro. 813 \u201cProf. Pablo Luppi\u201d llama a concurso para los siguientes espacios curriculares:<\/strong><\/p>\n\n\n\n<p><strong>Profesorado de Educaci\u00f3n Especial en Discapacidad Intelectual \u2013 Sede Lago Puelo<\/strong><\/p>\n\n\n\n<p><strong>Res N\u00b0595\/17 \u2013 de 1er a\u00f1o \u2013&nbsp; 4to llamado<\/strong><\/p>\n\n\n\n<figure class=\"wp-block-table\"><table><thead><tr><td><strong>Unidad Curricular<\/strong><\/td><td><strong>Docentes<\/strong><\/td><td><strong>Cantidad de horas<\/strong><\/td><td><strong>Anual o Cuatrimestral<\/strong><\/td><\/tr><tr><td>Lenguajes Art\u00edsticos Integrados.<\/td><td>&nbsp;Un\/a docente para completar equipo pedag\u00f3gico de tres docentes. Perfil docente: con formaci\u00f3n espec\u00edfica o&nbsp;especializada en m\u00fasica.Suplente<\/td><td>4hs horas&nbsp;Horarios: martes de 20:25 a 21:55 hs<\/td><td>Anual<\/td><\/tr><\/thead><\/table><\/figure>\n\n\n\n<p><strong>Para ver los perfiles docentes requeridos podr\u00e1n remitirse a la p\u00e1gina del instituto:\u00a0<a rel=\"noreferrer noopener\" href=\"https:\/\/ies813pabloluppi-chu.infd.edu.ar\/sitio\/disenos-curriculares-de-formacion-docente\/\" target=\"_blank\">https:\/\/ies813pabloluppi-chu.infd.edu.ar\/sitio\/disenos-curriculares-de-formacion-docente\/<\/a><\/strong><\/p>\n\n\n\n<p><strong>Las bases y el detalle de los mismos est\u00e1n disponibles en la p\u00e1gina web:<\/strong><strong>&nbsp;<\/strong><strong><a href=\"https:\/\/ies813pabloluppi-chu.infd.edu.ar\/sitio\/llamados-a-concurso\/\" target=\"_blank\" rel=\"noreferrer noopener\">https:\/\/ies813pabloluppi-chu.infd.edu.ar\/sitio\/llamados-a-concurso\/<\/a><\/strong><\/p>\n\n\n\n<p><strong>Consultas y presentaci\u00f3n de propuesta:&nbsp;<\/strong><a href=\"mailto:concursosisfd813@gmail.com\" rel=\"noreferrer noopener\" target=\"_blank\"><strong>concursosisfd813@gmail.com<\/strong><\/a><\/p>\n\n\n\n<p><strong>Fecha l\u00edmite para la presentaci\u00f3n de antecedentes y proyecto: jueves 21&nbsp;de septiembre&nbsp;de 2023 hasta las&nbsp;19:00&nbsp;hs.<\/strong><\/p>\n","protected":false},"excerpt":{"rendered":"<p>El Instituto de Educaci\u00f3n Superior Nro. 813 \u201cProf. Pablo Luppi\u201d llama a concurso para los siguientes espacios curriculares: Profesorado de Educaci\u00f3n Especial en Discapacidad Intelectual \u2013 Sede Lago Puelo Res N\u00b0595\/17 \u2013 de 1er a\u00f1o \u2013&nbsp; 4to llamado Unidad Curricular Docentes Cantidad de horas Anual o Cuatrimestral Lenguajes Art\u00edsticos Integrados. &nbsp;Un\/a docente para completar equipo &#8230; <a title=\"Llamados a Concurso \u2013 18\/09\/2023\" class=\"read-more\" href=\"https:\/\/ies813pabloluppi-chu.infd.edu.ar\/sitio\/llamados-a-concurso-18-09-2023\/\" aria-label=\"More on Llamados a Concurso \u2013 18\/09\/2023\">[+]<\/a><\/p>\n","protected":false},"author":7,"featured_media":0,"comment_status":"open","ping_status":"open","sticky":false,"template":"","format":"standard","meta":[],"categories":[14],"tags":[],"acf":[],"_links":{"self":[{"href":"https:\/\/ies813pabloluppi-chu.infd.edu.ar\/sitio\/wp-json\/wp\/v2\/posts\/5950"}],"collection":[{"href":"https:\/\/ies813pabloluppi-chu.infd.edu.ar\/sitio\/wp-json\/wp\/v2\/posts"}],"about":[{"href":"https:\/\/ies813pabloluppi-chu.infd.edu.ar\/sitio\/wp-json\/wp\/v2\/types\/post"}],"author":[{"embeddable":true,"href":"https:\/\/ies813pabloluppi-chu.infd.edu.ar\/sitio\/wp-json\/wp\/v2\/users\/7"}],"replies":[{"embeddable":true,"href":"https:\/\/ies813pabloluppi-chu.infd.edu.ar\/sitio\/wp-json\/wp\/v2\/comments?post=5950"}],"version-history":[{"count":1,"href":"https:\/\/ies813pabloluppi-chu.infd.edu.ar\/sitio\/wp-json\/wp\/v2\/posts\/5950\/revisions"}],"predecessor-version":[{"id":5951,"href":"https:\/\/ies813pabloluppi-chu.infd.edu.ar\/sitio\/wp-json\/wp\/v2\/posts\/5950\/revisions\/5951"}],"wp:attachment":[{"href":"https:\/\/ies813pabloluppi-chu.infd.edu.ar\/sitio\/wp-json\/wp\/v2\/media?parent=5950"}],"wp:term":[{"taxonomy":"category","embeddable":true,"href":"https:\/\/ies813pabloluppi-chu.infd.edu.ar\/sitio\/wp-json\/wp\/v2\/categories?post=5950"},{"taxonomy":"post_tag","embeddable":true,"href":"https:\/\/ies813pabloluppi-chu.infd.edu.ar\/sitio\/wp-json\/wp\/v2\/tags?post=5950"}],"curies":[{"name":"wp","href":"https:\/\/api.w.org\/{rel}","templated":true}]}}