{"id":5952,"date":"2023-09-18T21:20:24","date_gmt":"2023-09-19T00:20:24","guid":{"rendered":"https:\/\/ies813pabloluppi-chu.infd.edu.ar\/sitio\/?p=5952"},"modified":"2023-09-19T18:30:11","modified_gmt":"2023-09-19T21:30:11","slug":"llamado-a-concurso-talleres-formacion","status":"publish","type":"post","link":"https:\/\/ies813pabloluppi-chu.infd.edu.ar\/sitio\/llamado-a-concurso-talleres-formacion\/","title":{"rendered":"Llamado a Concurso Talleres ForMaCi\u00f3n"},"content":{"rendered":"\n<p><strong>El Instituto de Educaci\u00f3n Superior Nro. 813 \u201cProf. Pablo Luppi\u201d llama a concurso para:<\/strong><\/p>\n\n\n\n<p><strong>Taller de Macrohabilidades \u2013 Anexo Epuy\u00e9n<\/strong><\/p>\n\n\n\n<figure class=\"wp-block-table\"><table><thead><tr><td><strong>Taller<\/strong><\/td><td><strong>Docentes y situaci\u00f3n de revista<\/strong><\/td><td><strong>Cantidad de horas<\/strong><\/td><td><strong>Anual o Cuatrimestral<\/strong><\/td><\/tr><tr><td>&nbsp;&nbsp;Argumentaci\u00f3n Escrita y Oral<\/td><td>Un docentePerfil: Prof. o Lic. en Lengua y Literatura. Prof. o Lic. en Comunicaci\u00f3n Social.<\/td><td>&nbsp;&nbsp;&nbsp;3hs<\/td><td>&nbsp;&nbsp;&nbsp;2 meses<\/td><\/tr><\/thead><\/table><\/figure>\n\n\n\n<p><strong>Taller de Macrohabilidades \u2013 Anexo Cholila<\/strong><\/p>\n\n\n\n<figure class=\"wp-block-table\"><table><thead><tr><td><strong>Taller<\/strong><\/td><td><strong>Docentes y situaci\u00f3n de revista<\/strong><\/td><td><strong>Cantidad de horas<\/strong><\/td><td><strong>Anual o Cuatrimestral<\/strong><\/td><\/tr><tr><td>&nbsp;&nbsp;Argumentaci\u00f3n Escrita y Oral<\/td><td>Un docentePerfil: Prof. o Lic. en Lengua y Literatura. Prof. o Lic. en Comunicaci\u00f3n Social.<\/td><td>&nbsp;&nbsp;&nbsp;3hs<\/td><td>&nbsp;&nbsp;&nbsp;2 meses<\/td><\/tr><\/thead><\/table><\/figure>\n\n\n\n<p><strong>Las bases y el detalle de los mismos est\u00e1n disponibles en la p\u00e1gina web:<\/strong><strong>&nbsp;<\/strong><strong><a href=\"https:\/\/ies813pabloluppi-chu.infd.edu.ar\/sitio\/llamados-a-concurso\/\" target=\"_blank\" rel=\"noreferrer noopener\">https:\/\/ies813pabloluppi-chu.infd.edu.ar\/sitio\/llamados-a-concurso\/<\/a><\/strong><\/p>\n\n\n\n<p><strong>Consultas y presentaci\u00f3n de propuesta:&nbsp;<\/strong><a href=\"mailto:concursosisfd813@gmail.com\" rel=\"noreferrer noopener\" target=\"_blank\"><strong>concursosisfd813@gmail.com<\/strong><\/a><\/p>\n\n\n\n<p><strong>Fecha l\u00edmite para la presentaci\u00f3n de antecedentes y proyecto: jueves 21\u00a0de septiembre\u00a0de 2023 hasta las\u00a019:00\u00a0hs.<\/strong><\/p>\n\n\n\n<div class=\"wp-block-file\"><object class=\"wp-block-file__embed\" data=\"https:\/\/ies813pabloluppi-chu.infd.edu.ar\/sitio\/wp-content\/uploads\/2023\/09\/Talleres-de-ForMaCion.pdf\" type=\"application\/pdf\" style=\"width:100%;height:600px\" aria-label=\"Incrustado de Talleres-de-ForMaCion.\"><\/object><a id=\"wp-block-file--media-ac8811f5-1e42-4719-83aa-5576545cd8cd\" href=\"https:\/\/ies813pabloluppi-chu.infd.edu.ar\/sitio\/wp-content\/uploads\/2023\/09\/Talleres-de-ForMaCion.pdf\">Talleres-de-ForMaCion<\/a><a href=\"https:\/\/ies813pabloluppi-chu.infd.edu.ar\/sitio\/wp-content\/uploads\/2023\/09\/Talleres-de-ForMaCion.pdf\" class=\"wp-block-file__button wp-element-button\" download aria-describedby=\"wp-block-file--media-ac8811f5-1e42-4719-83aa-5576545cd8cd\">Descarga<\/a><\/div>\n","protected":false},"excerpt":{"rendered":"<p>El Instituto de Educaci\u00f3n Superior Nro. 813 \u201cProf. Pablo Luppi\u201d llama a concurso para: Taller de Macrohabilidades \u2013 Anexo Epuy\u00e9n Taller Docentes y situaci\u00f3n de revista Cantidad de horas Anual o Cuatrimestral &nbsp;&nbsp;Argumentaci\u00f3n Escrita y Oral Un docentePerfil: Prof. o Lic. en Lengua y Literatura. Prof. o Lic. en Comunicaci\u00f3n Social. &nbsp;&nbsp;&nbsp;3hs &nbsp;&nbsp;&nbsp;2 meses Taller &#8230; <a title=\"Llamado a Concurso Talleres ForMaCi\u00f3n\" class=\"read-more\" href=\"https:\/\/ies813pabloluppi-chu.infd.edu.ar\/sitio\/llamado-a-concurso-talleres-formacion\/\" aria-label=\"More on Llamado a Concurso Talleres ForMaCi\u00f3n\">[+]<\/a><\/p>\n","protected":false},"author":7,"featured_media":0,"comment_status":"open","ping_status":"open","sticky":false,"template":"","format":"standard","meta":[],"categories":[14],"tags":[],"acf":[],"_links":{"self":[{"href":"https:\/\/ies813pabloluppi-chu.infd.edu.ar\/sitio\/wp-json\/wp\/v2\/posts\/5952"}],"collection":[{"href":"https:\/\/ies813pabloluppi-chu.infd.edu.ar\/sitio\/wp-json\/wp\/v2\/posts"}],"about":[{"href":"https:\/\/ies813pabloluppi-chu.infd.edu.ar\/sitio\/wp-json\/wp\/v2\/types\/post"}],"author":[{"embeddable":true,"href":"https:\/\/ies813pabloluppi-chu.infd.edu.ar\/sitio\/wp-json\/wp\/v2\/users\/7"}],"replies":[{"embeddable":true,"href":"https:\/\/ies813pabloluppi-chu.infd.edu.ar\/sitio\/wp-json\/wp\/v2\/comments?post=5952"}],"version-history":[{"count":2,"href":"https:\/\/ies813pabloluppi-chu.infd.edu.ar\/sitio\/wp-json\/wp\/v2\/posts\/5952\/revisions"}],"predecessor-version":[{"id":5956,"href":"https:\/\/ies813pabloluppi-chu.infd.edu.ar\/sitio\/wp-json\/wp\/v2\/posts\/5952\/revisions\/5956"}],"wp:attachment":[{"href":"https:\/\/ies813pabloluppi-chu.infd.edu.ar\/sitio\/wp-json\/wp\/v2\/media?parent=5952"}],"wp:term":[{"taxonomy":"category","embeddable":true,"href":"https:\/\/ies813pabloluppi-chu.infd.edu.ar\/sitio\/wp-json\/wp\/v2\/categories?post=5952"},{"taxonomy":"post_tag","embeddable":true,"href":"https:\/\/ies813pabloluppi-chu.infd.edu.ar\/sitio\/wp-json\/wp\/v2\/tags?post=5952"}],"curies":[{"name":"wp","href":"https:\/\/api.w.org\/{rel}","templated":true}]}}