{"id":6047,"date":"2023-11-15T18:44:40","date_gmt":"2023-11-15T21:44:40","guid":{"rendered":"https:\/\/ies813pabloluppi-chu.infd.edu.ar\/sitio\/?p=6047"},"modified":"2023-11-15T18:44:42","modified_gmt":"2023-11-15T21:44:42","slug":"llamado-a-concurso-para-bibliotecario-a-del-cid","status":"publish","type":"post","link":"https:\/\/ies813pabloluppi-chu.infd.edu.ar\/sitio\/llamado-a-concurso-para-bibliotecario-a-del-cid\/","title":{"rendered":"Llamado a Concurso para Bibliotecario\/a del CID"},"content":{"rendered":"\n<p>El IES N\u00b0 813 \u201cProf. Pablo Luppi\u201d realiza el llamado a concurso interno para la cobertura del cargo de Bibliotecario\/a del CID (25 horas reloj. &#8211; Interinato)<\/p>\n\n\n\n<p>BIBLIOTECARIO\/A DEL CID (Centro de Informaci\u00f3n y Documentaci\u00f3n)<br>Es el \u00e1rea responsable de la organizaci\u00f3n, conservaci\u00f3n y distribuci\u00f3n de bibliograf\u00eda, y de documentaci\u00f3n e informaci\u00f3n vinculada a las actividades acad\u00e9mico pedag\u00f3gicas, asistiendo a los\/as estudiantes y docentes, y facilit\u00e1ndoles el acceso a diferentes fuentes, por medios propios o a trav\u00e9s de v\u00ednculos con otros centros documentales. <\/p>\n\n\n\n<p><strong>Fecha l\u00edmite para la presentaci\u00f3n de CV y Plan de trabajo (formato digital)&nbsp;mi\u00e9rcoles&nbsp;22 de noviembre&nbsp;de 2023 a las 19:00&nbsp;hs.<a><\/a><\/strong><\/p>\n\n\n\n<p><strong>Mail\u00a0por consultas y postulaci\u00f3n\u00a0<a rel=\"noreferrer noopener\" href=\"mailto:concursosisfd813@gmail.com\" target=\"_blank\">concursosisfd813@gmail.com<\/a>\u00a0<\/strong><\/p>\n\n\n\n<div class=\"wp-block-file\"><object class=\"wp-block-file__embed\" data=\"https:\/\/ies813pabloluppi-chu.infd.edu.ar\/sitio\/wp-content\/uploads\/2023\/11\/Bases-llamado-a-concurso-Bibliotecarix-CID.docx.pdf\" type=\"application\/pdf\" style=\"width:100%;height:600px\" aria-label=\"Incrustado de Bases-llamado-a-concurso-Bibliotecarix-CID.docx.\"><\/object><a id=\"wp-block-file--media-325b022f-1538-403a-9e17-9db7029d9fc8\" href=\"https:\/\/ies813pabloluppi-chu.infd.edu.ar\/sitio\/wp-content\/uploads\/2023\/11\/Bases-llamado-a-concurso-Bibliotecarix-CID.docx.pdf\">Bases-llamado-a-concurso-Bibliotecarix-CID.docx<\/a><a href=\"https:\/\/ies813pabloluppi-chu.infd.edu.ar\/sitio\/wp-content\/uploads\/2023\/11\/Bases-llamado-a-concurso-Bibliotecarix-CID.docx.pdf\" class=\"wp-block-file__button wp-element-button\" download aria-describedby=\"wp-block-file--media-325b022f-1538-403a-9e17-9db7029d9fc8\">Descarga<\/a><\/div>\n","protected":false},"excerpt":{"rendered":"<p>El IES N\u00b0 813 \u201cProf. Pablo Luppi\u201d realiza el llamado a concurso interno para la cobertura del cargo de Bibliotecario\/a del CID (25 horas reloj. &#8211; Interinato) BIBLIOTECARIO\/A DEL CID (Centro de Informaci\u00f3n y Documentaci\u00f3n)Es el \u00e1rea responsable de la organizaci\u00f3n, conservaci\u00f3n y distribuci\u00f3n de bibliograf\u00eda, y de documentaci\u00f3n e informaci\u00f3n vinculada a las actividades &#8230; <a title=\"Llamado a Concurso para Bibliotecario\/a del CID\" class=\"read-more\" href=\"https:\/\/ies813pabloluppi-chu.infd.edu.ar\/sitio\/llamado-a-concurso-para-bibliotecario-a-del-cid\/\" aria-label=\"More on Llamado a Concurso para Bibliotecario\/a del CID\">[+]<\/a><\/p>\n","protected":false},"author":7,"featured_media":0,"comment_status":"open","ping_status":"open","sticky":false,"template":"","format":"standard","meta":[],"categories":[14],"tags":[],"acf":[],"_links":{"self":[{"href":"https:\/\/ies813pabloluppi-chu.infd.edu.ar\/sitio\/wp-json\/wp\/v2\/posts\/6047"}],"collection":[{"href":"https:\/\/ies813pabloluppi-chu.infd.edu.ar\/sitio\/wp-json\/wp\/v2\/posts"}],"about":[{"href":"https:\/\/ies813pabloluppi-chu.infd.edu.ar\/sitio\/wp-json\/wp\/v2\/types\/post"}],"author":[{"embeddable":true,"href":"https:\/\/ies813pabloluppi-chu.infd.edu.ar\/sitio\/wp-json\/wp\/v2\/users\/7"}],"replies":[{"embeddable":true,"href":"https:\/\/ies813pabloluppi-chu.infd.edu.ar\/sitio\/wp-json\/wp\/v2\/comments?post=6047"}],"version-history":[{"count":1,"href":"https:\/\/ies813pabloluppi-chu.infd.edu.ar\/sitio\/wp-json\/wp\/v2\/posts\/6047\/revisions"}],"predecessor-version":[{"id":6049,"href":"https:\/\/ies813pabloluppi-chu.infd.edu.ar\/sitio\/wp-json\/wp\/v2\/posts\/6047\/revisions\/6049"}],"wp:attachment":[{"href":"https:\/\/ies813pabloluppi-chu.infd.edu.ar\/sitio\/wp-json\/wp\/v2\/media?parent=6047"}],"wp:term":[{"taxonomy":"category","embeddable":true,"href":"https:\/\/ies813pabloluppi-chu.infd.edu.ar\/sitio\/wp-json\/wp\/v2\/categories?post=6047"},{"taxonomy":"post_tag","embeddable":true,"href":"https:\/\/ies813pabloluppi-chu.infd.edu.ar\/sitio\/wp-json\/wp\/v2\/tags?post=6047"}],"curies":[{"name":"wp","href":"https:\/\/api.w.org\/{rel}","templated":true}]}}