{"id":6649,"date":"2025-03-17T22:47:11","date_gmt":"2025-03-18T01:47:11","guid":{"rendered":"https:\/\/ies813pabloluppi-chu.infd.edu.ar\/sitio\/?p=6649"},"modified":"2025-03-17T22:47:12","modified_gmt":"2025-03-18T01:47:12","slug":"lago-puelo-17-de-marzo-de-2025","status":"publish","type":"post","link":"https:\/\/ies813pabloluppi-chu.infd.edu.ar\/sitio\/lago-puelo-17-de-marzo-de-2025\/","title":{"rendered":"Lago Puelo, 17 de marzo de 2025"},"content":{"rendered":"\n<p><strong><u>Llamados a Concurso 2025<\/u><\/strong><\/p>\n\n\n\n<p>&nbsp;<strong>&nbsp;El Instituto de Educaci\u00f3n Superior Nro. 813 \u201cProf. Pablo Luppi\u201d llama a concurso para los siguientes espacios curriculares:<\/strong><\/p>\n\n\n\n<p><strong>Profesorado de Educaci\u00f3n Secundaria en Lengua y Literatura \u2013&nbsp;Sede Lago Puelo &#8211;&nbsp;Res N\u00ba 536\/19\u2013 1\u00b0 a\u00f1o\u2013 1\u00ba llamado.<\/strong><\/p>\n\n\n\n<figure class=\"wp-block-table\"><table><thead><tr><td><strong>Unidad Curricular<\/strong><\/td><td><strong>Docentes y situaci\u00f3n de revista<\/strong><\/td><td><strong>Cantidad de horas<\/strong><\/td><td><strong>Anual o Cuatrimestral<\/strong><\/td><\/tr><tr><td>Pedagog\u00eda<\/td><td>&nbsp;Profesor\/a\/e o Licenciado\/a\/e con formaci\u00f3n en Ciencias de la Educaci\u00f3n con orientaci\u00f3n y\/o experiencia en el \u00e1rea de la pedagog\u00eda.&nbsp;Suplente&nbsp;<\/td><td>6 hs.Lunes de 20:30 a 22:00 hs. y Jueves de 18:00 a 19:45 hs.<\/td><td>Anual<\/td><\/tr><\/thead><\/table><\/figure>\n\n\n\n<p><em>&nbsp;<\/em><strong>Profesorado de Educaci\u00f3n Secundaria en Lengua y Literatura \u2013&nbsp;Anexo Epuy\u00e9n &#8211;&nbsp;Res N\u00ba 536\/19\u2013 4\u00b0 a\u00f1o\u2013 2\u00ba llamado.<\/strong><\/p>\n\n\n\n<figure class=\"wp-block-table\"><table><thead><tr><td><strong>Unidad Curricular<\/strong><\/td><td><strong>Docentes y situaci\u00f3n de revista<\/strong><\/td><td><strong>Cantidad de horas<\/strong><\/td><td><strong>Anual o Cuatrimestral<\/strong><\/td><\/tr><tr><td>Psicoling\u00fc\u00edstica<\/td><td>&nbsp;Profesor\/a\/e o Licenciado\/a\/e en Lengua y Literatura; Letras; Castellano, o Literatura y Lat\u00edn; que acredite formaci\u00f3n y\/o especializaci\u00f3n en el campo disciplinar y experiencia en el Nivel Secundario&nbsp;Interino\/a\/e&nbsp;<\/td><td>4hs.Jueves de 19:55 a 22:00 hs.<\/td><td>Cuatrimestral<\/td><\/tr><\/thead><\/table><\/figure>\n\n\n\n<p><strong>Profesorado de Educaci\u00f3n Primaria \u2013&nbsp;<u>SEDE LAGO PUELO \u2013<\/u>&nbsp;Res. 328\/22 \u2013 1er a\u00f1o \u2013 1\u00ba Llamado.<\/strong><\/p>\n\n\n\n<figure class=\"wp-block-table\"><table><thead><tr><td><strong>Unidad Curricular<\/strong><strong><\/strong><\/td><td><strong>Docentes y situaci\u00f3n de revista<\/strong><strong><\/strong><\/td><td><strong>Cantidad de horas<\/strong><strong><\/strong><\/td><td><strong>Anual o Cuatrimestral<\/strong><strong><\/strong><\/td><\/tr><tr><td>Pr\u00e1ctica Profesional Docente I<\/td><td>Profesional con formaci\u00f3n en Ciencias de la Educaci\u00f3n, Psicopedagog\u00eda o afines.<\/td><td>&nbsp;5 hs&nbsp;<\/td><td>&nbsp;Anual&nbsp;<\/td><\/tr><\/thead><\/table><\/figure>\n\n\n\n<p><strong>Profesorado de Educaci\u00f3n Primaria \u2013&nbsp;<u>SEDE LAGO PUELO \u2013<\/u>&nbsp;Res. 328\/22 \u2013 3er a\u00f1o \u2013 2\u00ba Llamado.<\/strong><\/p>\n\n\n\n<figure class=\"wp-block-table\"><table><thead><tr><td><strong>Unidad Curricular<\/strong><strong><\/strong><\/td><td><strong>Docentes y situaci\u00f3n de revista<\/strong><strong><\/strong><\/td><td><strong>Cantidad de horas<\/strong><strong><\/strong><\/td><td><strong>Anual o Cuatrimestral<\/strong><strong><\/strong><\/td><\/tr><tr><td>Did\u00e1ctica de la Lengua y la Literatura en el 2do ciclo<\/td><td>Docente de Nivel Primario con especializaci\u00f3n en el \u00e1rea para completar equipo<\/td><td>3 hs.(viernes de 18 a 19.45)&nbsp;<\/td><td>&nbsp;Anual&nbsp;<\/td><\/tr><\/thead><\/table><\/figure>\n\n\n\n<p><em>&nbsp;<\/em><strong>Profesorado de Educaci\u00f3n Secundaria en Lengua y Literatura \u2013&nbsp;Anexo Epuy\u00e9n &#8211;&nbsp;Res N\u00ba 536\/19\u2013 4\u00b0 a\u00f1o\u2013 2\u00ba llamado.<\/strong><\/p>\n\n\n\n<figure class=\"wp-block-table\"><table><thead><tr><td><strong>Unidad Curricular<\/strong><\/td><td><strong>Docentes y situaci\u00f3n de revista<\/strong><\/td><td><strong>Cantidad de horas<\/strong><\/td><td><strong>Anual o Cuatrimestral<\/strong><\/td><\/tr><tr><td>Pragm\u00e1tica<\/td><td>&nbsp;Profesor\/a\/e o Licenciado\/a\/e en Lengua y Literatura; Letras; Castellano, o Literatura y Lat\u00edn; que acredite formaci\u00f3n y\/o especializaci\u00f3n en el campo disciplinar y experiencia en el Nivel Secundario&nbsp;Interino\/a\/e&nbsp;<\/td><td>3hs.Martes de 18:00 a 19:45 hs.<\/td><td>Anual<\/td><\/tr><\/thead><\/table><\/figure>\n\n\n\n<p><strong>Profesorado de Educaci\u00f3n Secundaria en Matem\u00e1tica<\/strong><\/p>\n\n\n\n<p><strong>Sede Lago Puelo &#8211;&nbsp;Res N\u00ba543\/19 \u2013 1er a\u00f1o \u2013 1er llamado<\/strong><\/p>\n\n\n\n<figure class=\"wp-block-table\"><table><thead><tr><td><strong>Unidad Curricular<\/strong><strong><\/strong><\/td><td><strong>Docentes y situaci\u00f3n de revista<\/strong><strong><\/strong><\/td><td><strong>Cantidad de horas<\/strong><strong><\/strong><\/td><td><strong>Anual o Cuatrimestral<\/strong><strong><\/strong><\/td><\/tr><tr><td>Introducci\u00f3n al An\u00e1lisis de Funciones<strong><\/strong><\/td><td>Profesor\/a de Matem\u00e1ticaSuplente<\/td><td>5 h.<strong><\/strong>Horarios: viernes de 18.00 a 21.05<strong><\/strong><\/td><td>Anual<strong><\/strong><\/td><\/tr><\/thead><\/table><\/figure>\n\n\n\n<p><em>Los contenidos espec\u00edficos para este espacio pueden consultarse en la p\u00e1gina web del Instituto en el DC vigente.<\/em><\/p>\n\n\n\n<p><strong>Profesorado de Educaci\u00f3n Secundaria en Matem\u00e1tica<\/strong><\/p>\n\n\n\n<p><strong>Sede Lago Puelo &#8211;&nbsp;Res N\u00ba543\/19 \u2013 4to a\u00f1o \u2013 1er llamado<\/strong><\/p>\n\n\n\n<figure class=\"wp-block-table\"><table><thead><tr><td><strong>Unidad Curricular<\/strong><strong><\/strong><\/td><td><strong>Docentes y situaci\u00f3n de revista<\/strong><strong><\/strong><\/td><td><strong>Cantidad de horas<\/strong><strong><\/strong><\/td><td><strong>Anual o Cuatrimestral<\/strong><strong><\/strong><\/td><\/tr><tr><td>An\u00e1lisis y Dise\u00f1o de la Ense\u00f1anza de la Matem\u00e1tica<strong><\/strong><\/td><td>Profesor\/a de Matem\u00e1tica con postitulaci\u00f3n en Ense\u00f1anza de la Matem\u00e1ticaSuplente<\/td><td>3 h.<strong><\/strong>Horarios: lunes de 19.55 a 21.40<strong><\/strong><\/td><td>Anual<strong><\/strong><\/td><\/tr><\/thead><\/table><\/figure>\n\n\n\n<p><em>Los contenidos espec\u00edficos para este espacio pueden consultarse en la p\u00e1gina web del Instituto en el DC vigente.<\/em><\/p>\n\n\n\n<p><a><strong>Profesorado de Educaci\u00f3n Secundaria en Matem\u00e1tica<\/strong><\/a><\/p>\n\n\n\n<p><strong>Sede Lago Puelo &#8211;&nbsp;Res N\u00ba543\/19 \u2013 4to a\u00f1o \u2013 2do. llamado<\/strong><\/p>\n\n\n\n<figure class=\"wp-block-table\"><table><thead><tr><td><strong>Unidad Curricular<\/strong><strong><\/strong><\/td><td><strong>Docentes y situaci\u00f3n de revista<\/strong><strong><\/strong><\/td><td><strong>Cantidad de horas<\/strong><strong><\/strong><\/td><td><strong>Anual o Cuatrimestral<\/strong><strong><\/strong><\/td><\/tr><tr><td>Filosof\u00eda de la Educaci\u00f3n<strong><\/strong><\/td><td>Un\/a docente con formaci\u00f3n espec\u00edfica en Filosof\u00eda, con formaci\u00f3n continua y\/o experiencia en el \u00e1rea de la educaci\u00f3n. Se recomienda priorizar la experiencia docente en el nivel destinatarioSuplente<\/td><td>3 h.<strong><\/strong>Horarios: martes de 19.55 a 21.40<strong><\/strong><\/td><td>Anual<strong><\/strong><\/td><\/tr><\/thead><\/table><\/figure>\n\n\n\n<p><em>Los contenidos espec\u00edficos para este espacio pueden consultarse en la p\u00e1gina web del Instituto en el DC vigente.<\/em><\/p>\n\n\n\n<p><a><strong>&nbsp;<\/strong><\/a><strong>Profesorado de Educaci\u00f3n Especial en Discapacidad Intelectual \u2013 Sede Lago Puelo-&nbsp;Res N\u00b0595\/17 \u2013 de 2\u00b0 a\u00f1o \u2013 2\u00b0 llamado<\/strong><\/p>\n\n\n\n<figure class=\"wp-block-table\"><table><thead><tr><td><strong>Unidad Curricular<\/strong><\/td><td><strong>Docentes y situaci\u00f3n de revista<\/strong><\/td><td><strong>Cantidad de horas<\/strong><\/td><td><strong>Anual o Cuatrimestral<\/strong><\/td><\/tr><tr><td><strong>Matem\u00e1tica y su did\u00e1ctica I<\/strong><\/td><td>Un\/a docente Interino\/a para completar pareja pedag\u00f3gica: un\/a profesor\/a de la disciplina, o profesor\/a de Nivel Inicial con especializaci\u00f3n en la ense\u00f1anza de la Matem\u00e1tica, o profesor\/a de Nivel Primario con experiencia en el Primer Ciclo<\/td><td>7 hs.Jueves de 18:00 a 21:40 hs.<\/td><td>Cuatrimestral<\/td><\/tr><\/thead><\/table><\/figure>\n\n\n\n<p><em>Para ver los perfiles docentes requeridos podr\u00e1n remitirse al DC que est\u00e1 cargado en la p\u00e1gina del IES<\/em><\/p>\n\n\n\n<p><strong>Profesorado de Educaci\u00f3n Especial en Discapacidad Intelectual \u2013 Sede Lago Puelo-&nbsp;Res N\u00b0595\/17 \u2013 de 4\u00b0 a\u00f1o \u2013 2\u00b0 llamado<\/strong><\/p>\n\n\n\n<figure class=\"wp-block-table\"><table><thead><tr><td><strong>Unidad Curricular<\/strong><\/td><td><strong>Docentes y situaci\u00f3n de revista<\/strong><\/td><td><strong>Cantidad de horas<\/strong><\/td><td><strong>Anual o Cuatrimestral<\/strong><\/td><\/tr><tr><td><strong>Investigaci\u00f3n Educativa<\/strong><\/td><td>Un\/a docente suplenteFormaci\u00f3n y experiencia en Investigaci\u00f3n Educativa&nbsp;<\/td><td>3 hs.Lunes de 18:00 a 19:45<\/td><td>Anual<\/td><\/tr><tr><td><strong>Filosof\u00eda de la Educaci\u00f3n<\/strong><\/td><td>Un\/a docente suplenteFormaci\u00f3n espec\u00edfica en Filosof\u00eda, con orientaci\u00f3n y\/o experiencia en el \u00e1rea de la educaci\u00f3n.<\/td><td>3 hsMi\u00e9rcoles de 18:00 a 19:45 hs<\/td><td>Anual<\/td><\/tr><\/thead><\/table><\/figure>\n\n\n\n<p><em>*El\/la postulante deber\u00e1 presentar la DDJJ donde conste la disponibilidad horaria en contra turno.<\/em><\/p>\n\n\n\n<p><strong>Tecnicatura Superior en Econom\u00eda Social &#8211; Aula extendida de El Hoyo &#8211; Res N\u00ba84\/15 \u2013 3\u00b0 a\u00f1o &#8211; 3\u00b0 Llamado<\/strong><\/p>\n\n\n\n<figure class=\"wp-block-table\"><table><thead><tr><td><strong><em>Unidad Curricular<\/em><\/strong><em><\/em><\/td><td><strong><em>Docentes y situaci\u00f3n de revista<\/em><\/strong><em><\/em><\/td><td><strong><em>Cantidad de horas<\/em><\/strong><em><\/em><\/td><td><strong><em>Anual o Cuatrimestral<\/em><\/strong><em><\/em><\/td><\/tr><tr><td><strong>Pr\u00e1ctica Profesionalizante III<\/strong><\/td><td>Un\/a docenteInterino\/a*<\/td><td>8 hs.<\/td><td>Anual<\/td><\/tr><\/thead><\/table><\/figure>\n\n\n\n<p><em>Para ver los perfiles docentes requeridos podr\u00e1n remitirse al DC que est\u00e1 cargado en la p\u00e1gina del IES. *El\/la postulante deber\u00e1 presentar la DDJJ donde conste la disponibilidad horaria en contra turno.<\/em><\/p>\n\n\n\n<p><a><strong>Tecnicatura Superior en Econom\u00eda Social &#8211; Aula extendida de El Hoyo &#8211; Res N\u00ba84\/15 \u2013 3\u00b0 a\u00f1o &#8211; 4\u00b0 Llamado<\/strong><\/a><\/p>\n\n\n\n<figure class=\"wp-block-table\"><table><thead><tr><td><strong>Unidad Curricular<\/strong><\/td><td><strong>Docentes y situaci\u00f3n de revista<\/strong><\/td><td><strong>Cantidad de horas<\/strong><\/td><td><strong>Anual o Cuatrimestral<\/strong><\/td><\/tr><tr><td><strong>EDI 2 \u201cT\u00e9cnicas Legislativas\u201d<\/strong><\/td><td>Un\/a docenteInterino\/a*<\/td><td>2 hs.<\/td><td>Cuatrimestral<\/td><\/tr><\/thead><\/table><\/figure>\n\n\n\n<p><em>Para ver los perfiles docentes requeridos podr\u00e1n remitirse al DC que est\u00e1 cargado en la p\u00e1gina del IES. *Ver los contenidos y perfil docente del EDI en las bases.<\/em><em><\/em><\/p>\n\n\n\n<p><strong>Profesorado de Educaci\u00f3n Secundaria en F\u00edsica<\/strong><\/p>\n\n\n\n<p><strong>Sede El Hoyo &#8211;&nbsp;Res N\u00ba545\/19 \u2013 1er a\u00f1o \u2013 2do llamado<\/strong><\/p>\n\n\n\n<figure class=\"wp-block-table\"><table><thead><tr><td><strong>Unidad Curricular<\/strong><strong><\/strong><\/td><td><strong>Docentes y situaci\u00f3n de revista<\/strong><strong><\/strong><\/td><td><strong>Cantidad de horas<\/strong><strong><\/strong><\/td><td><strong>Anual o Cuatrimestral<\/strong><strong><\/strong><\/td><\/tr><tr><td>Lectura y Escritura Acad\u00e9mica<\/td><td>Un\/a profesor o licenciado en Lengua y Literatura(Interino)<\/td><td>4 h.Horarios: Martes de 18.20 a 20hs<\/td><td>Anual<\/td><\/tr><\/thead><\/table><\/figure>\n\n\n\n<p><em>Los contenidos espec\u00edficos para este espacio pueden consultarse en la p\u00e1gina web del Instituto en el DC vigente.<\/em><\/p>\n\n\n\n<p><strong>Profesorado de Educaci\u00f3n Secundaria en Geograf\u00eda \u2013 Res. 544\/19\u2013 1er a\u00f1o \u2013 Aula Extendida El Hoyo \u2013 2do llamado<\/strong><\/p>\n\n\n\n<figure class=\"wp-block-table\"><table><tbody><tr><td><strong>Unidad Curricular<\/strong><\/td><td><strong>Docentes&nbsp;<\/strong><\/td><td><strong>Cantidad de horas&nbsp;<\/strong><\/td><td><strong>Anual o Cuatrimestral<\/strong><\/td><\/tr><tr><td>Introducci\u00f3n a la Geograf\u00eda<\/td><td>Un\/a docente atendiendo los siguientes perfiles: Profesor\/a en Geograf\u00eda. Licenciado\/a en Geograf\u00eda<\/td><td>4 hsINTERINAS<\/td><td>Anual<\/td><\/tr><\/tbody><\/table><\/figure>\n\n\n\n<figure class=\"wp-block-table\"><table><tbody><tr><td><strong>Unidad Curricular<\/strong><\/td><td><strong>Docentes&nbsp;<\/strong><\/td><td><strong>Cantidad de horas&nbsp;<\/strong><\/td><td><strong>Anual o Cuatrimestral<\/strong><\/td><\/tr><tr><td>Cartograf\u00eda<\/td><td>Un\/a docente atendiendo los siguientes perfiles: Profesor\/a y\/o Licenciado\/a en Geograf\u00eda con orientaci\u00f3n o especializaci\u00f3n en \u00e1rea af\u00edn. Profesor\/a y\/o Licenciado\/a en Geograf\u00eda<\/td><td>4 hsINTERINAS<\/td><td>Anual<\/td><\/tr><\/tbody><\/table><\/figure>\n\n\n\n<p><strong>Profesorado de Educaci\u00f3n Secundaria en Biolog\u00eda-&nbsp;Anexo Epuyen &#8211;&nbsp;Res N.\u00ba 548\/19 \u2013 3er a\u00f1o \u2013 N\u00ba de llamado. 1<\/strong><\/p>\n\n\n\n<figure class=\"wp-block-table\"><table><thead><tr><td><strong>Unidad Curricular<\/strong><strong><\/strong><\/td><td><strong>Docentes y situaci\u00f3n de revista<\/strong><strong><\/strong><\/td><td><strong>Cantidad de horas<\/strong><strong><\/strong><\/td><td><strong>Anual o Cuatrimestral<\/strong><strong><\/strong><\/td><\/tr><\/thead><tbody><tr><td>Morfofisiolog\u00eda Vegetal<\/td><td>Profesor\/a en Ciencias Naturales. Profesor\/a en Ciencias Biol\u00f3gicas. Licenciado\/a en Ciencias Biol\u00f3gicas o Ingeniero\/a Agr\u00f3nomo\/a con formaci\u00f3n pedag\u00f3gica. Se recomienda priorizar perfiles que se desempe\u00f1en en el nivel secundario, y que acrediten formaci\u00f3n continua en la ense\u00f1anza de la Biolog\u00eda y en el campo disciplinarSuplencia Art 12<\/td><td>5h Total.<strong><\/strong><\/td><td>Anual<strong><\/strong><\/td><\/tr><\/tbody><\/table><\/figure>\n\n\n\n<p><strong>Profesorado de Educaci\u00f3n Tecnol\u00f3gica -Anexo Epuy\u00e9n- Res.&nbsp; 329\/22-&nbsp;&nbsp;&nbsp;&nbsp;&nbsp;&nbsp;&nbsp;&nbsp;&nbsp;&nbsp;&nbsp; 1\u00b0 a\u00f1o- Tercer llamado.<\/strong><\/p>\n\n\n\n<figure class=\"wp-block-table\"><table><tbody><tr><td><strong>Unidad Curricular<\/strong><strong><\/strong><\/td><td><strong>Docentes<\/strong><strong><\/strong><\/td><td><strong>Cantidad de horas<\/strong><strong><\/strong><\/td><td><strong>Anual o cuatrimestral<\/strong><strong><\/strong><\/td><\/tr><tr><td>Lectura y Escritura Acad\u00e9mica<\/td><td>Profesor\/a o Licenciado\/a en Lengua y Literatura; Letras; Castellano, o Literatura y Lat\u00edn.<\/td><td>3 hs. C\u00e1tedra<\/td><td>Anual<\/td><\/tr><tr><td>Psicolog\u00eda Educacional<\/td><td>Formaci\u00f3n espec\u00edfica en Psicolog\u00eda Educacional, Psicopedagog\u00eda y\/o en Ciencias de la Educaci\u00f3n, con orientaci\u00f3n y experiencia en el \u00e1rea de la psicolog\u00eda<\/td><td>3 hs. c\u00e1tedra<\/td><td>Anual<\/td><\/tr><tr><td>Historia de la Tecnolog\u00eda<\/td><td>1) Profesor\/a de Educaci\u00f3n Tecnol\u00f3gica \/ Tecnolog\u00eda. 2) Profesor\/a en Historia u otro\/a profesional con formaci\u00f3n y\/o experiencia en el campo disciplinar de la Historia de la Tecnolog\u00eda<\/td><td>4 hs. c\u00e1tedra<\/td><td>Cuatrimestral &#8211;&nbsp; 1\u00b0 cuatrimestre<\/td><\/tr><tr><td>Pr\u00e1ctica Profesional Docente I<\/td><td>Se debe conformar una pareja pedag\u00f3gica, con un\/a profesor\/a de Educaci\u00f3n Tecnol\u00f3gica o Tecnolog\u00eda que tenga conocimiento y experiencia en los niveles de la educaci\u00f3n formal; y un\/a profesional con formaci\u00f3n en Ciencias de la Educaci\u00f3n, Psicopedagog\u00eda o afines<a href=\"https:\/\/mail.google.com\/mail\/u\/0\/?ui=2&amp;ik=52d7ff9972&amp;view=lg&amp;permmsgid=msg-f:1826892283964636491&amp;ser=1#m_-547284663929134830__edn1\"><sup>[i]<\/sup><\/a><\/td><td>4 hs. c\u00e1tedra<\/td><td>Anual<\/td><\/tr><\/tbody><\/table><\/figure>\n\n\n\n<p><strong>Tecnicatura Superior en Turismo \u2013 Anexo Cholila &#8211; &nbsp;Res N\u00ba 588\/22<\/strong><\/p>\n\n\n\n<p><strong>\u2013 3\u00b0 a\u00f1o 2025- 4to.&nbsp; Llamado.<\/strong><\/p>\n\n\n\n<figure class=\"wp-block-table\"><table><thead><tr><td><strong>Unidad Curricular<\/strong><strong><\/strong><\/td><td><strong>Docentes y situaci\u00f3n de revista<\/strong><strong><\/strong><\/td><td><strong>Cantidad de horas<\/strong><strong><\/strong><\/td><td><strong>Anual o Cuatrimestral<\/strong><strong><\/strong><\/td><\/tr><tr><td><strong>Portugu\u00e9s<\/strong><\/td><td>Profesor\/a de Portugu\u00e9s. Traductor\/a de Portugu\u00e9s. Licenciado\/a en Turismo conespecializaci\u00f3n en el uso de la lengua portuguesa.<\/td><td>3 hs.<strong><\/strong>C\u00e1tedra<\/td><td>Anual<\/td><\/tr><tr><td><strong>Pr\u00e1cticas Profesionales III<\/strong><\/td><td>Licenciado\/a en Turismo<\/td><td>3 hs.<strong><\/strong>C\u00e1tedra<\/td><td>Anual<\/td><\/tr><tr><td><strong>Turismo de Reuniones<\/strong><\/td><td>Licenciado\/a en Turismo. T\u00e9cnico\/a Superior en Turismo<\/td><td>3 hs.<strong><\/strong>C\u00e1tedra<\/td><td>1\u00b0 Cuatrimestre<\/td><\/tr><\/thead><\/table><\/figure>\n\n\n\n<p><strong>Profesorado de Educaci\u00f3n Secundaria en Biolog\u00eda-&nbsp;Anexo Cholila &#8211;&nbsp;Res N.\u00ba 548\/19 \u2013 1er a\u00f1o \u2013 N\u00ba de llamado. 2<\/strong><\/p>\n\n\n\n<figure class=\"wp-block-table\"><table><thead><tr><td><strong>Unidad Curricular<\/strong><strong><\/strong><\/td><td><strong>Docentes y situaci\u00f3n de revista<\/strong><strong><\/strong><\/td><td><strong>Cantidad de horas<\/strong><strong><\/strong><\/td><td><strong>Anual o Cuatrimestral<\/strong><strong><\/strong><\/td><\/tr><\/thead><tbody><tr><td>Lectura y Escritura Acad\u00e9mica<\/td><td>un\/a\/e Profesor\/a o Licenciado\/a en Lengua y Literatura; Letras; Castellano, o Literatura y Lat\u00edn.Interino<\/td><td>4h Total.<strong><\/strong><\/td><td>Anual<strong><\/strong><\/td><\/tr><tr><td>Psicolog\u00eda Educacional<\/td><td>Formaci\u00f3n espec\u00edfica en Psicolog\u00eda Educacional y\/o en Ciencias de la Educaci\u00f3n, conorientaci\u00f3n y experiencia en el \u00e1rea de la psicolog\u00edaInterino<\/td><td>4 h&nbsp; Total<\/td><td>Anual<\/td><\/tr><tr><td>Pedagog\u00eda<\/td><td>Formaci\u00f3n en Ciencias de la Educaci\u00f3n con orientaci\u00f3n y\/o experiencia en el \u00e1rea de la Pedagog\u00edaInterino<\/td><td>7 h Total<\/td><td>Primer cuatrimestre<\/td><\/tr><\/tbody><\/table><\/figure>\n\n\n\n<p><strong>Profesorado de Educaci\u00f3n Secundaria en Biolog\u00eda-&nbsp;Anexo Cholila &#8211;&nbsp;Res N.\u00ba 548\/19 \u2013 1er a\u00f1o \u2013 N\u00ba de llamado. 3<\/strong><\/p>\n\n\n\n<figure class=\"wp-block-table\"><table><thead><tr><td><strong>Unidad Curricular<\/strong><strong><\/strong><\/td><td><strong>Docentes y situaci\u00f3n de revista<\/strong><strong><\/strong><\/td><td><strong>Cantidad de horas<\/strong><strong><\/strong><\/td><td><strong>Anual o Cuatrimestral<\/strong><strong><\/strong><\/td><\/tr><\/thead><tbody><tr><td>Qu\u00edmica I<\/td><td>Profesor\/a en Qu\u00edmica, Licenciado\/a en Qu\u00edmica, Farmac\u00e9utico\/a, Bioqu\u00edmico\/a. Se prioriza la experiencia en el Nivel Secundario y la formaci\u00f3n continua en la Ense\u00f1anza de la Qu\u00edmica.Interino<\/td><td>4h Total<\/td><td>Anual<\/td><\/tr><tr><td>Pr\u00e1cticas de Laboratorio<\/td><td>Profesor\/a en Biolog\u00eda. Profesor\/a en Ciencias Biol\u00f3gicas. Profesor\/a en Ciencias Naturales. Profesor\/a en Qu\u00edmica. Licenciado\/a en Ciencias Biol\u00f3gicas. Desempe\u00f1o en el nivel secundarioInterino<\/td><td>5h Total<\/td><td>Primer Cuatrimestre<\/td><\/tr><tr><td>Pr\u00e1ctica Profesional Docente I<\/td><td>pareja pedag\u00f3gica con un\/a profesor\/a de la disciplina, y un\/a profesor\/a o licenciado\/a en Ciencias de la Educaci\u00f3n. Se prioriza la experiencia en el Nivel Secundario.Interinos<\/td><td>5h cada une<\/td><td>Anual<\/td><\/tr><\/tbody><\/table><\/figure>\n\n\n\n<p><strong>Profesorado de Educaci\u00f3n Primaria \u2013&nbsp;<u>SEDE CHOLILA \u2013<\/u>&nbsp;Res. 328\/22 \u2013 1er a\u00f1o \u2013 2\u00ba Llamado.<\/strong><\/p>\n\n\n\n<figure class=\"wp-block-table\"><table><thead><tr><td><strong>Unidad Curricular<\/strong><strong><\/strong><\/td><td><strong>Docentes y situaci\u00f3n de revista<\/strong><strong><\/strong><\/td><td><strong>Cantidad de horas<\/strong><strong><\/strong><\/td><td><strong>Anual o Cuatrimestral<\/strong><strong><\/strong><\/td><\/tr><tr><td>Lectura y Escritura Acad\u00e9mica<\/td><td>Un docente: Profesor\/a o Licenciado\/a en Lengua y LiteraturaInterino<\/td><td>&nbsp;3 hs&nbsp;<\/td><td>&nbsp;Anual&nbsp;<\/td><\/tr><\/thead><\/table><\/figure>\n\n\n\n<p><strong>Profesorado de Educaci\u00f3n Primaria \u2013&nbsp;<u>SEDE CHOLILA \u2013<\/u>&nbsp;Res. 328\/22 \u2013 1er a\u00f1o \u2013 3\u00ba Llamado.<\/strong><\/p>\n\n\n\n<figure class=\"wp-block-table\"><table><thead><tr><td><strong>Unidad Curricular<\/strong><strong><\/strong><\/td><td><strong>Docentes y situaci\u00f3n de revista<\/strong><strong><\/strong><\/td><td><strong>Cantidad de horas<\/strong><strong><\/strong><\/td><td><strong>Anual o Cuatrimestral<\/strong><strong><\/strong><\/td><\/tr><tr><td>Pedagog\u00eda<\/td><td>Un docente con formaci\u00f3n en Ciencias de la Educaci\u00f3n o equivalente, con orientaci\u00f3n y\/o experiencia en el \u00e1rea de la Pedagog\u00eda.Interino<\/td><td>&nbsp;3 hs&nbsp;<\/td><td>&nbsp;Anual&nbsp;<\/td><\/tr><tr><td>Did\u00e1ctica General<\/td><td>Un docente con formaci\u00f3n en Ciencias de la Educaci\u00f3n o equivalente, con orientaci\u00f3n y\/o experiencia en el \u00e1rea de la Did\u00e1ctica General.Interino<\/td><td>&nbsp;3 hs&nbsp;<\/td><td>&nbsp;Anual&nbsp;<\/td><\/tr><tr><td>Matem\u00e1tica<\/td><td>Un docente: Profesor\/a de Matem\u00e1tica con formaci\u00f3n y\/o experiencia en Educaci\u00f3n Primaria.Interino<\/td><td>&nbsp;3 hs&nbsp;<\/td><td>&nbsp;Anual&nbsp;<\/td><\/tr><tr><td>Corporeidad y Juego<\/td><td>Pareja pedag\u00f3gica con un\/a Profesor\/a de Educaci\u00f3n F\u00edsica o Psicomotricista que preferentemente tenga experiencia en el Nivel Primario; y un\/a Profesor\/a de Expresi\u00f3n Corporal o un\/a docente de Educaci\u00f3n Primaria con formaci\u00f3n y\/o especializaci\u00f3n relacionada con los contenidos de la unidad curricular.Interino<\/td><td>&nbsp;3 hs&nbsp;<\/td><td>&nbsp;Anual&nbsp;<\/td><\/tr><\/thead><\/table><\/figure>\n\n\n\n<p><strong>*Para ver los perfiles docentes requeridos y los contenidos espec\u00edficos de cada carrera, podr\u00e1n remitirse a los DC que se encuentran en la p\u00e1gina del instituto:&nbsp;<\/strong><\/p>\n\n\n\n<p><strong>*Las bases y el detalle de los concursos est\u00e1n disponibles en la p\u00e1gina web:&nbsp;<\/strong><a href=\"https:\/\/ies813pabloluppi-chu.infd.edu.ar\/sitio\/llamados-a-concurso\/\" target=\"_blank\" rel=\"noreferrer noopener\"><strong>https:\/\/ies813pabloluppi-chu.infd.edu.ar\/sitio\/llamados-a-concurso\/<\/strong><\/a><strong><u><\/u><\/strong><\/p>\n\n\n\n<p><strong>*Consultas y presentaci\u00f3n de propuesta:<\/strong><strong>&nbsp;<\/strong><a href=\"mailto:concursosisfd813@gmail.com\" target=\"_blank\" rel=\"noreferrer noopener\"><strong>concursosisfd813@gmail.com<\/strong><\/a><strong><\/strong><\/p>\n\n\n\n<p><strong>*Fecha l\u00edmite para la presentaci\u00f3n de antecedentes y proyecto: &nbsp;<\/strong><strong>&nbsp;viernes 21 de marzo del 2025 hasta las 19 hs.<\/strong><em><\/em><\/p>\n","protected":false},"excerpt":{"rendered":"<p>Llamados a Concurso 2025 &nbsp;&nbsp;El Instituto de Educaci\u00f3n Superior Nro. 813 \u201cProf. Pablo Luppi\u201d llama a concurso para los siguientes espacios curriculares: Profesorado de Educaci\u00f3n Secundaria en Lengua y Literatura \u2013&nbsp;Sede Lago Puelo &#8211;&nbsp;Res N\u00ba 536\/19\u2013 1\u00b0 a\u00f1o\u2013 1\u00ba llamado. Unidad Curricular Docentes y situaci\u00f3n de revista Cantidad de horas Anual o Cuatrimestral Pedagog\u00eda &nbsp;Profesor\/a\/e &#8230; <a title=\"Lago Puelo, 17 de marzo de 2025\" class=\"read-more\" href=\"https:\/\/ies813pabloluppi-chu.infd.edu.ar\/sitio\/lago-puelo-17-de-marzo-de-2025\/\" aria-label=\"More on Lago Puelo, 17 de marzo de 2025\">[+]<\/a><\/p>\n","protected":false},"author":1931,"featured_media":0,"comment_status":"open","ping_status":"open","sticky":false,"template":"","format":"standard","meta":[],"categories":[14],"tags":[],"acf":[],"_links":{"self":[{"href":"https:\/\/ies813pabloluppi-chu.infd.edu.ar\/sitio\/wp-json\/wp\/v2\/posts\/6649"}],"collection":[{"href":"https:\/\/ies813pabloluppi-chu.infd.edu.ar\/sitio\/wp-json\/wp\/v2\/posts"}],"about":[{"href":"https:\/\/ies813pabloluppi-chu.infd.edu.ar\/sitio\/wp-json\/wp\/v2\/types\/post"}],"author":[{"embeddable":true,"href":"https:\/\/ies813pabloluppi-chu.infd.edu.ar\/sitio\/wp-json\/wp\/v2\/users\/1931"}],"replies":[{"embeddable":true,"href":"https:\/\/ies813pabloluppi-chu.infd.edu.ar\/sitio\/wp-json\/wp\/v2\/comments?post=6649"}],"version-history":[{"count":1,"href":"https:\/\/ies813pabloluppi-chu.infd.edu.ar\/sitio\/wp-json\/wp\/v2\/posts\/6649\/revisions"}],"predecessor-version":[{"id":6650,"href":"https:\/\/ies813pabloluppi-chu.infd.edu.ar\/sitio\/wp-json\/wp\/v2\/posts\/6649\/revisions\/6650"}],"wp:attachment":[{"href":"https:\/\/ies813pabloluppi-chu.infd.edu.ar\/sitio\/wp-json\/wp\/v2\/media?parent=6649"}],"wp:term":[{"taxonomy":"category","embeddable":true,"href":"https:\/\/ies813pabloluppi-chu.infd.edu.ar\/sitio\/wp-json\/wp\/v2\/categories?post=6649"},{"taxonomy":"post_tag","embeddable":true,"href":"https:\/\/ies813pabloluppi-chu.infd.edu.ar\/sitio\/wp-json\/wp\/v2\/tags?post=6649"}],"curies":[{"name":"wp","href":"https:\/\/api.w.org\/{rel}","templated":true}]}}