{"id":7475,"date":"2026-08-28T18:54:27","date_gmt":"2026-08-28T21:54:27","guid":{"rendered":"https:\/\/ies813pabloluppi-chu.infd.edu.ar\/sitio\/?p=7475"},"modified":"2026-08-28T18:54:49","modified_gmt":"2026-08-28T21:54:49","slug":"llamado-a-concurso-28-8","status":"publish","type":"post","link":"https:\/\/ies813pabloluppi-chu.infd.edu.ar\/sitio\/llamado-a-concurso-28-8\/","title":{"rendered":"Llamado a concurso 28\/8"},"content":{"rendered":"\n<p><strong>El Instituto de Educaci\u00f3n Superior Nro. 813 \u201cProf. Pablo Luppi\u201d llama a concurso para los siguientes espacios curriculares:<\/strong><\/p>\n\n\n\n<p><strong>Profesorado de Educaci\u00f3n Secundaria en Lengua y Literatura \u2013&nbsp;Sede Lago Puelo &#8211;&nbsp;Res N\u00ba 536\/19\u2013&nbsp;<\/strong><strong>3\u00b0&nbsp;a\u00f1o\u2013&nbsp;1\u00ba llamado.<\/strong><\/p>\n\n\n\n<figure class=\"wp-block-table\"><table><thead><tr><td><strong>Unidad Curricular<\/strong><\/td><td><strong>Docentes y situaci\u00f3n de revista<\/strong><\/td><td><strong>Cantidad de horas<\/strong><\/td><td><strong>Anual o Cuatrimestral<\/strong><\/td><td><strong>&nbsp;<\/strong><\/td><td><strong>&nbsp;<\/strong><\/td><\/tr><tr><td>Investigaci\u00f3n Educativa<\/td><td>Un\/a\/e docente que acredite formaci\u00f3n en investigaci\u00f3n en la Ense\u00f1anza de la Lengua y la Literatura para completar pareja pedag\u00f3gica.&nbsp;Suplente&nbsp;&nbsp;<\/td><td>3&nbsp;hs.Mi\u00e9rcoles&nbsp;de&nbsp;&nbsp;18:00&nbsp;a 19:45 hs.<\/td><td>Anual<\/td><td>&nbsp;<\/td><td>&nbsp;<\/td><\/tr><\/thead><\/table><\/figure>\n\n\n\n<p><strong>*Para ver los perfiles docentes requeridos y los contenidos espec\u00edficos de cada carrera, podr\u00e1n remitirse a los DC que se encuentran en la p\u00e1gina del instituto:&nbsp;<\/strong><\/p>\n\n\n\n<p><a href=\"https:\/\/ies813pabloluppi-chu.infd.edu.ar\/sitio\/disenos-curriculares-de-formacion-docente\/\">https:\/\/ies813pabloluppi-chu.infd.edu.ar\/sitio\/disenos-curriculares-de-formacion-docente\/<\/a><\/p>\n\n\n\n<p><strong>*Las bases y el detalle de los concursos est\u00e1n disponibles en la p\u00e1gina web:&nbsp;<\/strong><a href=\"https:\/\/ies813pabloluppi-chu.infd.edu.ar\/sitio\/llamados-a-concurso\/\" target=\"_blank\" rel=\"noreferrer noopener\"><strong>https:\/\/ies813pabloluppi-chu.infd.edu.ar\/sitio\/llamados-a-concurso\/<\/strong><\/a><\/p>\n\n\n\n<p><strong>*Consultas y presentaci\u00f3n de propuesta:<\/strong><strong>&nbsp;<\/strong><a href=\"mailto:concursosisfd813@gmail.com\" target=\"_blank\" rel=\"noreferrer noopener\"><strong>concursosisfd813@gmail.com<\/strong><\/a><\/p>\n\n\n\n<p><strong>*Fecha l\u00edmite para la presentaci\u00f3n de antecedentes y proyecto:&nbsp;<\/strong><strong>mi\u00e9rcoles 02 de septiembre hasta las 19 h.<\/strong><\/p>\n","protected":false},"excerpt":{"rendered":"<p>El Instituto de Educaci\u00f3n Superior Nro. 813 \u201cProf. Pablo Luppi\u201d llama a concurso para los siguientes espacios curriculares: Profesorado de Educaci\u00f3n Secundaria en Lengua y Literatura \u2013&nbsp;Sede Lago Puelo &#8211;&nbsp;Res N\u00ba 536\/19\u2013&nbsp;3\u00b0&nbsp;a\u00f1o\u2013&nbsp;1\u00ba llamado. Unidad Curricular Docentes y situaci\u00f3n de revista Cantidad de horas Anual o Cuatrimestral &nbsp; &nbsp; Investigaci\u00f3n Educativa Un\/a\/e docente que acredite formaci\u00f3n &#8230; <a title=\"Llamado a concurso 28\/8\" class=\"read-more\" href=\"https:\/\/ies813pabloluppi-chu.infd.edu.ar\/sitio\/llamado-a-concurso-28-8\/\" aria-label=\"More on Llamado a concurso 28\/8\">[+]<\/a><\/p>\n","protected":false},"author":3047,"featured_media":0,"comment_status":"open","ping_status":"open","sticky":false,"template":"","format":"standard","meta":[],"categories":[14,1],"tags":[],"acf":[],"_links":{"self":[{"href":"https:\/\/ies813pabloluppi-chu.infd.edu.ar\/sitio\/wp-json\/wp\/v2\/posts\/7475"}],"collection":[{"href":"https:\/\/ies813pabloluppi-chu.infd.edu.ar\/sitio\/wp-json\/wp\/v2\/posts"}],"about":[{"href":"https:\/\/ies813pabloluppi-chu.infd.edu.ar\/sitio\/wp-json\/wp\/v2\/types\/post"}],"author":[{"embeddable":true,"href":"https:\/\/ies813pabloluppi-chu.infd.edu.ar\/sitio\/wp-json\/wp\/v2\/users\/3047"}],"replies":[{"embeddable":true,"href":"https:\/\/ies813pabloluppi-chu.infd.edu.ar\/sitio\/wp-json\/wp\/v2\/comments?post=7475"}],"version-history":[{"count":1,"href":"https:\/\/ies813pabloluppi-chu.infd.edu.ar\/sitio\/wp-json\/wp\/v2\/posts\/7475\/revisions"}],"predecessor-version":[{"id":7476,"href":"https:\/\/ies813pabloluppi-chu.infd.edu.ar\/sitio\/wp-json\/wp\/v2\/posts\/7475\/revisions\/7476"}],"wp:attachment":[{"href":"https:\/\/ies813pabloluppi-chu.infd.edu.ar\/sitio\/wp-json\/wp\/v2\/media?parent=7475"}],"wp:term":[{"taxonomy":"category","embeddable":true,"href":"https:\/\/ies813pabloluppi-chu.infd.edu.ar\/sitio\/wp-json\/wp\/v2\/categories?post=7475"},{"taxonomy":"post_tag","embeddable":true,"href":"https:\/\/ies813pabloluppi-chu.infd.edu.ar\/sitio\/wp-json\/wp\/v2\/tags?post=7475"}],"curies":[{"name":"wp","href":"https:\/\/api.w.org\/{rel}","templated":true}]}}