{"id":7477,"date":"2026-09-02T19:23:32","date_gmt":"2026-09-02T22:23:32","guid":{"rendered":"https:\/\/ies813pabloluppi-chu.infd.edu.ar\/sitio\/?p=7477"},"modified":"2026-09-02T19:23:35","modified_gmt":"2026-09-02T22:23:35","slug":"llamado-a-concurso-2-9","status":"publish","type":"post","link":"https:\/\/ies813pabloluppi-chu.infd.edu.ar\/sitio\/llamado-a-concurso-2-9\/","title":{"rendered":"Llamado a concurso 2\/9"},"content":{"rendered":"\n<p><strong>El Instituto de Educaci\u00f3n Superior Nro. 813 \u201cProf. Pablo Luppi\u201d llama a concurso para los siguientes espacios curriculares:<\/strong><\/p>\n\n\n\n<p><strong>Profesorado de Educaci\u00f3n Primaria \u2013&nbsp;<u>SEDE LAGO PUELO \u2013<\/u>&nbsp;Res. 328\/22 \u2013 2do<\/strong><strong>&nbsp;A\u00f1o \u2013<\/strong><\/p>\n\n\n\n<p><strong>1\u00ba Llamado.<\/strong><\/p>\n\n\n\n<figure class=\"wp-block-table\"><table><thead><tr><td><strong>Unidad Curricular<\/strong><strong><\/strong><\/td><td><strong>Docentes y situaci\u00f3n de revista<\/strong><strong><\/strong><\/td><td><strong>Cantidad de horas<\/strong><strong><\/strong><\/td><td><strong>Anual o Cuatrimestral<\/strong><strong><\/strong><\/td><\/tr><tr><td>Educaci\u00f3n Sexual Integral(E.S.I)<\/td><td>&nbsp;Para completar equipo:un\/a profesional, preferentemente con t\u00edtulo docente, que cuente con formaci\u00f3n y\/o experiencia en Educaci\u00f3n Sexual Integral.Interinato<\/td><td>3 hs(mi\u00e9rcoles19.55 a 21.45 hs)<\/td><td>Anual&nbsp;<\/td><\/tr><\/thead><\/table><\/figure>\n\n\n\n<p><strong>Profesorado de Educaci\u00f3n Secundaria en Matem\u00e1tica<\/strong><\/p>\n\n\n\n<p><strong>Sede Lago Puelo \u2013&nbsp;Res&nbsp; N\u00ba543\/19&nbsp; \u2013&nbsp;&nbsp; 2\u00b0&nbsp;&nbsp; a\u00f1o \u2013&nbsp;&nbsp; 1er&nbsp; llamado<\/strong><\/p>\n\n\n\n<figure class=\"wp-block-table\"><table><thead><tr><td><strong>Unidad Curricular<\/strong><strong><\/strong><\/td><td><strong>Docentes y situaci\u00f3n de revista<\/strong><strong><\/strong><\/td><td><strong>Cantidad de horas<\/strong><strong><\/strong><\/td><td><strong>Anual o Cuatrimestral<\/strong><strong><\/strong><\/td><\/tr><tr><td>&nbsp;Educaci\u00f3n Sexual Integral<\/td><td>Un\/a docente para completar pareja pedag\u00f3gica de la disciplina o \u00e1rea de la carrera que preferentemente cuente con formaci\u00f3n y\/o experiencia en Educaci\u00f3n Sexual Integral y en la ense\u00f1anza para la Escuela Secundaria.Interino<\/td><td>4&nbsp;hs. c\u00e1tedra Lunes de 20:30 a 22 h<\/td><td>Anual<\/td><\/tr><\/thead><\/table><\/figure>\n\n\n\n<p><strong>Profesorado de Educaci\u00f3n Secundaria en F\u00edsica<\/strong><\/p>\n\n\n\n<p><strong>Sede Lago Puelo &#8211;&nbsp;Res N\u00ba545\/19 \u2013 2do a\u00f1o \u2013 1er llamado<\/strong><\/p>\n\n\n\n<figure class=\"wp-block-table\"><table><thead><tr><td><strong>Unidad Curricular<\/strong><strong><\/strong><\/td><td><strong>Docentes y situaci\u00f3n de revista<\/strong><strong><\/strong><\/td><td><strong>Cantidad de horas<\/strong><strong><\/strong><\/td><td><strong>Anual o Cuatrimestral<\/strong><strong><\/strong><\/td><\/tr><tr><td>&nbsp;Educaci\u00f3n Sexual Integral<\/td><td>Un\/a docente de la disciplina de la carrera preferentemente con experiencia en ESI y&nbsp;en la ense\u00f1anza para&nbsp;la escuela secundaria.&nbsp;Para completar la pareja pedag\u00f3gica. (Interino)<\/td><td>4&nbsp;hs.Horarios: lunes de 18.00 a 20hs<\/td><td>Anual<\/td><\/tr><\/thead><\/table><\/figure>\n\n\n\n<p><strong>Profesorado de Educaci\u00f3n Secundaria en Lengua y Literatura \u2013&nbsp;Sede Lago Puelo &#8211;&nbsp;Res N\u00ba 536\/19\u2013&nbsp;3\u00b0&nbsp;a\u00f1o\u2013&nbsp;2\u00ba llamado.<\/strong><\/p>\n\n\n\n<figure class=\"wp-block-table\"><table><thead><tr><td><strong>Unidad Curricular<\/strong><\/td><td><strong>Docentes y situaci\u00f3n de revista<\/strong><\/td><td><strong>Cantidad de horas<\/strong><\/td><td><strong>Anual o Cuatrimestral<\/strong><\/td><\/tr><tr><td><strong>Investigaci\u00f3n Educativa<\/strong><\/td><td>Un\/a\/e docente que acredite formaci\u00f3n en investigaci\u00f3n en la Ense\u00f1anza de la Lengua y la Literatura para completar pareja pedag\u00f3gica.Suplente<\/td><td>3&nbsp;hs.Mi\u00e9rcoles&nbsp;de&nbsp;18:00&nbsp;a 19:45 hs.<\/td><td>Anual<\/td><\/tr><\/thead><\/table><\/figure>\n\n\n\n<p><strong>*Para ver los perfiles docentes requeridos y los contenidos espec\u00edficos de cada carrera, podr\u00e1n remitirse a los DC que se encuentran en la p\u00e1gina del instituto:&nbsp;<\/strong><\/p>\n\n\n\n<p><a href=\"https:\/\/ies813pabloluppi-chu.infd.edu.ar\/sitio\/disenos-curriculares-de-formacion-docente\/\">https:\/\/ies813pabloluppi-chu.infd.edu.ar\/sitio\/disenos-curriculares-de-formacion-docente\/<\/a><\/p>\n\n\n\n<p><strong>*Las bases y el detalle de los concursos est\u00e1n disponibles en la p\u00e1gina web:&nbsp;<\/strong><a href=\"https:\/\/ies813pabloluppi-chu.infd.edu.ar\/sitio\/llamados-a-concurso\/\" target=\"_blank\" rel=\"noreferrer noopener\"><strong>https:\/\/ies813pabloluppi-chu.infd.edu.ar\/sitio\/llamados-a-concurso\/<\/strong><\/a><\/p>\n\n\n\n<p><strong>*Consultas y presentaci\u00f3n de propuesta:<\/strong><strong>&nbsp;<\/strong><a href=\"mailto:concursosisfd813@gmail.com\" target=\"_blank\" rel=\"noreferrer noopener\"><strong>concursosisfd813@gmail.com<\/strong><\/a><\/p>\n\n\n\n<p><strong>*Fecha l\u00edmite para la presentaci\u00f3n de antecedentes y proyecto:&nbsp;Lunes 07 de septiembre a las 19 h.<\/strong><\/p>\n","protected":false},"excerpt":{"rendered":"<p>El Instituto de Educaci\u00f3n Superior Nro. 813 \u201cProf. Pablo Luppi\u201d llama a concurso para los siguientes espacios curriculares: Profesorado de Educaci\u00f3n Primaria \u2013&nbsp;SEDE LAGO PUELO \u2013&nbsp;Res. 328\/22 \u2013 2do&nbsp;A\u00f1o \u2013 1\u00ba Llamado. Unidad Curricular Docentes y situaci\u00f3n de revista Cantidad de horas Anual o Cuatrimestral Educaci\u00f3n Sexual Integral(E.S.I) &nbsp;Para completar equipo:un\/a profesional, preferentemente con t\u00edtulo &#8230; <a title=\"Llamado a concurso 2\/9\" class=\"read-more\" href=\"https:\/\/ies813pabloluppi-chu.infd.edu.ar\/sitio\/llamado-a-concurso-2-9\/\" aria-label=\"More on Llamado a concurso 2\/9\">[+]<\/a><\/p>\n","protected":false},"author":3047,"featured_media":0,"comment_status":"open","ping_status":"open","sticky":false,"template":"","format":"standard","meta":[],"categories":[14],"tags":[],"acf":[],"_links":{"self":[{"href":"https:\/\/ies813pabloluppi-chu.infd.edu.ar\/sitio\/wp-json\/wp\/v2\/posts\/7477"}],"collection":[{"href":"https:\/\/ies813pabloluppi-chu.infd.edu.ar\/sitio\/wp-json\/wp\/v2\/posts"}],"about":[{"href":"https:\/\/ies813pabloluppi-chu.infd.edu.ar\/sitio\/wp-json\/wp\/v2\/types\/post"}],"author":[{"embeddable":true,"href":"https:\/\/ies813pabloluppi-chu.infd.edu.ar\/sitio\/wp-json\/wp\/v2\/users\/3047"}],"replies":[{"embeddable":true,"href":"https:\/\/ies813pabloluppi-chu.infd.edu.ar\/sitio\/wp-json\/wp\/v2\/comments?post=7477"}],"version-history":[{"count":1,"href":"https:\/\/ies813pabloluppi-chu.infd.edu.ar\/sitio\/wp-json\/wp\/v2\/posts\/7477\/revisions"}],"predecessor-version":[{"id":7478,"href":"https:\/\/ies813pabloluppi-chu.infd.edu.ar\/sitio\/wp-json\/wp\/v2\/posts\/7477\/revisions\/7478"}],"wp:attachment":[{"href":"https:\/\/ies813pabloluppi-chu.infd.edu.ar\/sitio\/wp-json\/wp\/v2\/media?parent=7477"}],"wp:term":[{"taxonomy":"category","embeddable":true,"href":"https:\/\/ies813pabloluppi-chu.infd.edu.ar\/sitio\/wp-json\/wp\/v2\/categories?post=7477"},{"taxonomy":"post_tag","embeddable":true,"href":"https:\/\/ies813pabloluppi-chu.infd.edu.ar\/sitio\/wp-json\/wp\/v2\/tags?post=7477"}],"curies":[{"name":"wp","href":"https:\/\/api.w.org\/{rel}","templated":true}]}}